{"id":69380,"date":"2016-05-04T08:52:48","date_gmt":"2016-05-04T11:52:48","guid":{"rendered":"http:\/\/www.eltrabajo.cl\/portal\/?p=69380"},"modified":"2016-05-04T08:52:48","modified_gmt":"2016-05-04T11:52:48","slug":"carrera-de-derecho-de-la-uac-inaugura-el-ano-academico-2016","status":"publish","type":"post","link":"https:\/\/eltrabajo.cl\/portal\/carrera-de-derecho-de-la-uac-inaugura-el-ano-academico-2016\/","title":{"rendered":"Carrera de Derecho de la UAC inaugura el a\u00f1o acad\u00e9mico 2016"},"content":{"rendered":"<p>En una concurrida ceremonia, la carrera de Derecho de la Universidad Aconcagua inaugur\u00f3 oficialmente el a\u00f1o acad\u00e9mico 2016. El encuentro tuvo lugar el jueves 28 de abril pasado y cont\u00f3 con la exposici\u00f3n de la senadora Lily P\u00e9rez San Martin, la presidente de la Asociaci\u00f3n de Funcionarios de Poder Judicial Aconcagua do\u00f1a Marin\u00e9ala Herrera Vera, y los acad\u00e9micos de la Universidad de Aconcagua, Nelson Venegas Salazar, Arturo Ull Y\u00e1\u00f1ez y Claudio G\u00f3mez Castro, quienes ofrecieron un foro con la ponencia \u2018Corte de Apelaciones para Aconcagua, Descentralizaci\u00f3n y Regionalizaci\u00f3n, proyecciones de futuro\u2019, en la cual analiz\u00f3 la factibilidad y viabilidad de la Creaci\u00f3n de una Corte de Apelaciones para Aconcagua, y los desaf\u00edos que impone el futuro en materia de descentralizaci\u00f3n.<br \/>\nLa senadora recalc\u00f3 la importancia que en la \u00fanica escuela de Derecho en la Quinta Cordillera se realicen este tipo de debates, se\u00f1alando que \u00abllev\u00f3 un a\u00f1o y medio haciendo variadas gestiones con el expresidente de la Corte Suprema, con el Ministerio de Justicia, con la Corte de Apelaciones de Valpara\u00edso, representado a nuestra comunidad del Valle Aconcagua, por la necesidad de contar con la Corte en el Valle, al menos con una sala itinerante\u00bb, dijo P\u00e9rez, cabe agregar que en marzo de 2015 Lily P\u00e9rez present\u00f3 un proyecto de acuerdo para la instalaci\u00f3n de una Corte de Apelaciones para el Valle del Aconcagua, con asentamiento en la ciudad de San Felipe.<br \/>\nPor su parte, el director de Carrera de Derecho de la Universidad de Aconcagua, Claudio G\u00f3mez Castro, sostuvo que los 29 tribunales de las provincias de Aconcagua, generan mayor ingreso de causas a la segunda instancia de Valpara\u00edso, que otros territorios jurisdiccionales que si tiene Corte, por ejemplo, Chill\u00e1n, Puerto Montt, Coihaique y Punta Arenas, por lo que la carga de trabajo justifica plenamente la creaci\u00f3n de una Corte para Aconcagua, sosteniendo adem\u00e1s que \u00abno necesariamente debe estar \u2018amarrada\u2019 a la creaci\u00f3n de la Regi\u00f3n Aconcagua, ya que por ejemplo en la Regi\u00f3n de B\u00edo B\u00edo, existen dos cortes, Concepci\u00f3n y Chill\u00e1n, en la Metropolitana, est\u00e1n las de Santiago y San Miguel, y exist\u00edan Cortes de Apelaciones en Arica y Valdivia, antes que se crearan las Regiones XV y XIV, respectivamente.<\/p>\n<figure id=\"attachment_69381\" aria-describedby=\"caption-attachment-69381\" style=\"width: 530px\" class=\"wp-caption alignleft\"><a href=\"http:\/\/www.eltrabajo.cl\/portal\/carrera-de-derecho-de-la-uac-inaugura-el-ano-academico-2016\/mesa1-8\/\" rel=\"attachment wp-att-69381\"><img data-recalc-dims=\"1\" loading=\"lazy\" decoding=\"async\" class=\"size-full wp-image-69381\" src=\"https:\/\/i0.wp.com\/www.eltrabajo.cl\/portal\/wp-content\/uploads\/2016\/05\/Mesa1.jpg?resize=530%2C350\" alt=\"TODO LISTO.- En una concurrida ceremonia, la carrera de Derecho de la Universidad Aconcagua inaugur\u00f3 oficialmente el a\u00f1o acad\u00e9mico 2016.\" width=\"530\" height=\"350\" srcset=\"https:\/\/i0.wp.com\/eltrabajo.cl\/portal\/wp-content\/uploads\/2016\/05\/Mesa1.jpg?w=530&amp;ssl=1 530w, https:\/\/i0.wp.com\/eltrabajo.cl\/portal\/wp-content\/uploads\/2016\/05\/Mesa1.jpg?resize=200%2C132&amp;ssl=1 200w, https:\/\/i0.wp.com\/eltrabajo.cl\/portal\/wp-content\/uploads\/2016\/05\/Mesa1.jpg?resize=300%2C198&amp;ssl=1 300w, https:\/\/i0.wp.com\/eltrabajo.cl\/portal\/wp-content\/uploads\/2016\/05\/Mesa1.jpg?resize=227%2C150&amp;ssl=1 227w, https:\/\/i0.wp.com\/eltrabajo.cl\/portal\/wp-content\/uploads\/2016\/05\/Mesa1.jpg?resize=400%2C264&amp;ssl=1 400w\" sizes=\"auto, (max-width: 530px) 100vw, 530px\" \/><\/a><figcaption id=\"caption-attachment-69381\" class=\"wp-caption-text\">TODO LISTO.- En una concurrida ceremonia, la carrera de Derecho de la Universidad Aconcagua inaugur\u00f3 oficialmente el a\u00f1o acad\u00e9mico 2016.<\/figcaption><\/figure>\n","protected":false},"excerpt":{"rendered":"<p>En una concurrida ceremonia, la carrera de Derecho de la Universidad Aconcagua inaugur\u00f3 oficialmente el a\u00f1o acad\u00e9mico 2016. El encuentro tuvo lugar el jueves 28 de abril pasado y cont\u00f3 con la&#8230;<\/p>\n","protected":false},"author":1,"featured_media":69381,"comment_status":"open","ping_status":"open","sticky":false,"template":"","format":"standard","meta":{"advanced_seo_description":"","jetpack_seo_html_title":"","jetpack_seo_noindex":false,"_jetpack_memberships_contains_paid_content":false,"footnotes":""},"categories":[1],"tags":[],"class_list":["post-69380","post","type-post","status-publish","format-standard","has-post-thumbnail","hentry","category-cronica"],"jetpack_featured_media_url":"https:\/\/i0.wp.com\/eltrabajo.cl\/portal\/wp-content\/uploads\/2016\/05\/Mesa1.jpg?fit=530%2C350&ssl=1","jetpack_sharing_enabled":true,"jetpack_likes_enabled":true,"jetpack-related-posts":[],"_links":{"self":[{"href":"https:\/\/eltrabajo.cl\/portal\/wp-json\/wp\/v2\/posts\/69380","targetHints":{"allow":["GET"]}}],"collection":[{"href":"https:\/\/eltrabajo.cl\/portal\/wp-json\/wp\/v2\/posts"}],"about":[{"href":"https:\/\/eltrabajo.cl\/portal\/wp-json\/wp\/v2\/types\/post"}],"author":[{"embeddable":true,"href":"https:\/\/eltrabajo.cl\/portal\/wp-json\/wp\/v2\/users\/1"}],"replies":[{"embeddable":true,"href":"https:\/\/eltrabajo.cl\/portal\/wp-json\/wp\/v2\/comments?post=69380"}],"version-history":[{"count":0,"href":"https:\/\/eltrabajo.cl\/portal\/wp-json\/wp\/v2\/posts\/69380\/revisions"}],"wp:featuredmedia":[{"embeddable":true,"href":"https:\/\/eltrabajo.cl\/portal\/wp-json\/wp\/v2\/media\/69381"}],"wp:attachment":[{"href":"https:\/\/eltrabajo.cl\/portal\/wp-json\/wp\/v2\/media?parent=69380"}],"wp:term":[{"taxonomy":"category","embeddable":true,"href":"https:\/\/eltrabajo.cl\/portal\/wp-json\/wp\/v2\/categories?post=69380"},{"taxonomy":"post_tag","embeddable":true,"href":"https:\/\/eltrabajo.cl\/portal\/wp-json\/wp\/v2\/tags?post=69380"}],"curies":[{"name":"wp","href":"https:\/\/api.w.org\/{rel}","templated":true}]}}