{"id":69388,"date":"2016-05-04T08:57:18","date_gmt":"2016-05-04T11:57:18","guid":{"rendered":"http:\/\/www.eltrabajo.cl\/portal\/?p=69388"},"modified":"2016-05-04T08:57:18","modified_gmt":"2016-05-04T11:57:18","slug":"cuecazo-con-inclusion-tuvo-el-141-aniversario-de-llay-llay","status":"publish","type":"post","link":"https:\/\/eltrabajo.cl\/portal\/cuecazo-con-inclusion-tuvo-el-141-aniversario-de-llay-llay\/","title":{"rendered":"\u2018Cuecazo\u2019 con Inclusi\u00f3n tuvo el 141\u00b0 aniversario de Llay Llay"},"content":{"rendered":"<p>LLAY LLAY.- Vicente es un gran bailar\u00edn y adora bailar Cueca. Bail\u00f3 con pasi\u00f3n y dej\u00f3 todo en la pista junto a sus compa\u00f1eros del ballet Kuska Ris\u00fan en el cuecazo por el 141\u00b0 aniversario organizado por la Municipalidad de Llay Llay, que se realiz\u00f3 en sal\u00f3n del cuartel de la 1\u00aa C\u00eda de Bomberos en Calle Balmaceda, mientras bailaba sonre\u00eda angelicalmente y entrecerraba sus ojitos \u2018chinitos\u2019.<br \/>\nEl p\u00fablico premi\u00f3 el entusiasmo de los participantes con espont\u00e1neos aplausos que nacieron del coraz\u00f3n, dijo Alejandra Mu\u00f1oz \u00abpor lo hermoso de ver la inclusi\u00f3n de un ni\u00f1o con S\u00edndrome de Down, verlos bailar, verlos desarrollarse junto con todos los ni\u00f1os, s\u00f3lo me queda felicitar a quienes otorgan la posibilidad de desarrollarse y mostrar su arte\u00bb, indic\u00f3 emocionada.<br \/>\n\u00abSe\u00f1ores compermiso, soy la Cueca\u00bb, enton\u00f3 el Grupo Cantares de mi tierra, mientras los bailarines sumaban una \u2018patita\u2019 m\u00e1s para alcanzar la meta de bailar las 141 Cuecas, \u00abuna por cada a\u00f1o que Cumple Llay Llay\u00bb, detall\u00f3 el animador del evento, Alfonso C\u00e1ceres.<br \/>\nEl entusiasmo sigui\u00f3 creciendo y los bailarines llegando. Presentes estuvieron los integrantes de los clubes Cuecas y Tradiciones; Violeta Parra y Pa\u00f1uelos al Viento. Al caer la tarde la temperatura descendi\u00f3 y el \u00e1nimo ascendi\u00f3, los grupos musicales acompa\u00f1aron las \u00faltimas cuecas bailadas que, cerraron la celebraci\u00f3n del Mes Aniversario de Llay Llay.<br \/>\n<strong>Marianela Quevedo<\/strong><\/p>\n<figure id=\"attachment_69390\" aria-describedby=\"caption-attachment-69390\" style=\"width: 530px\" class=\"wp-caption alignleft\"><a href=\"http:\/\/www.eltrabajo.cl\/portal\/cuecazo-con-inclusion-tuvo-el-141-aniversario-de-llay-llay\/cueca2-4\/\" rel=\"attachment wp-att-69390\"><img data-recalc-dims=\"1\" loading=\"lazy\" decoding=\"async\" class=\"size-full wp-image-69390\" src=\"https:\/\/i0.wp.com\/www.eltrabajo.cl\/portal\/wp-content\/uploads\/2016\/05\/Cueca2.jpg?resize=530%2C348\" alt=\"Presentes estuvieron los integrantes de los clubes Cuecas y Tradiciones; Violeta Parra y Pa\u00f1uelos al Viento.\" width=\"530\" height=\"348\" srcset=\"https:\/\/i0.wp.com\/eltrabajo.cl\/portal\/wp-content\/uploads\/2016\/05\/Cueca2.jpg?w=530&amp;ssl=1 530w, https:\/\/i0.wp.com\/eltrabajo.cl\/portal\/wp-content\/uploads\/2016\/05\/Cueca2.jpg?resize=200%2C131&amp;ssl=1 200w, https:\/\/i0.wp.com\/eltrabajo.cl\/portal\/wp-content\/uploads\/2016\/05\/Cueca2.jpg?resize=300%2C197&amp;ssl=1 300w, https:\/\/i0.wp.com\/eltrabajo.cl\/portal\/wp-content\/uploads\/2016\/05\/Cueca2.jpg?resize=228%2C150&amp;ssl=1 228w, https:\/\/i0.wp.com\/eltrabajo.cl\/portal\/wp-content\/uploads\/2016\/05\/Cueca2.jpg?resize=400%2C263&amp;ssl=1 400w\" sizes=\"auto, (max-width: 530px) 100vw, 530px\" \/><\/a><figcaption id=\"caption-attachment-69390\" class=\"wp-caption-text\">Presentes estuvieron los integrantes de los clubes Cuecas y Tradiciones; Violeta Parra y Pa\u00f1uelos al Viento.<\/figcaption><\/figure>\n<figure id=\"attachment_69389\" aria-describedby=\"caption-attachment-69389\" style=\"width: 530px\" class=\"wp-caption alignleft\"><a href=\"http:\/\/www.eltrabajo.cl\/portal\/cuecazo-con-inclusion-tuvo-el-141-aniversario-de-llay-llay\/cueca1-14\/\" rel=\"attachment wp-att-69389\"><img data-recalc-dims=\"1\" loading=\"lazy\" decoding=\"async\" class=\"size-full wp-image-69389\" src=\"https:\/\/i0.wp.com\/www.eltrabajo.cl\/portal\/wp-content\/uploads\/2016\/05\/Cueca1.jpg?resize=530%2C350\" alt=\"As\u00ed se vivi\u00f3 el cuecazo por el 141\u00b0 aniversario organizado por la Municipalidad de Llay Llay.\" width=\"530\" height=\"350\" srcset=\"https:\/\/i0.wp.com\/eltrabajo.cl\/portal\/wp-content\/uploads\/2016\/05\/Cueca1.jpg?w=530&amp;ssl=1 530w, https:\/\/i0.wp.com\/eltrabajo.cl\/portal\/wp-content\/uploads\/2016\/05\/Cueca1.jpg?resize=200%2C132&amp;ssl=1 200w, https:\/\/i0.wp.com\/eltrabajo.cl\/portal\/wp-content\/uploads\/2016\/05\/Cueca1.jpg?resize=300%2C198&amp;ssl=1 300w, https:\/\/i0.wp.com\/eltrabajo.cl\/portal\/wp-content\/uploads\/2016\/05\/Cueca1.jpg?resize=227%2C150&amp;ssl=1 227w, https:\/\/i0.wp.com\/eltrabajo.cl\/portal\/wp-content\/uploads\/2016\/05\/Cueca1.jpg?resize=400%2C264&amp;ssl=1 400w\" sizes=\"auto, (max-width: 530px) 100vw, 530px\" \/><\/a><figcaption id=\"caption-attachment-69389\" class=\"wp-caption-text\">As\u00ed se vivi\u00f3 el cuecazo por el 141\u00b0 aniversario organizado por la Municipalidad de Llay Llay.<\/figcaption><\/figure>\n","protected":false},"excerpt":{"rendered":"<p>LLAY LLAY.- Vicente es un gran bailar\u00edn y adora bailar Cueca. Bail\u00f3 con pasi\u00f3n y dej\u00f3 todo en la pista junto a sus compa\u00f1eros del ballet Kuska Ris\u00fan en el cuecazo por&#8230;<\/p>\n","protected":false},"author":1,"featured_media":69389,"comment_status":"open","ping_status":"open","sticky":false,"template":"","format":"standard","meta":{"advanced_seo_description":"","jetpack_seo_html_title":"","jetpack_seo_noindex":false,"_jetpack_memberships_contains_paid_content":false,"footnotes":""},"categories":[1],"tags":[],"class_list":["post-69388","post","type-post","status-publish","format-standard","has-post-thumbnail","hentry","category-cronica"],"jetpack_featured_media_url":"https:\/\/i0.wp.com\/eltrabajo.cl\/portal\/wp-content\/uploads\/2016\/05\/Cueca1.jpg?fit=530%2C350&ssl=1","jetpack_sharing_enabled":true,"jetpack_likes_enabled":true,"jetpack-related-posts":[],"_links":{"self":[{"href":"https:\/\/eltrabajo.cl\/portal\/wp-json\/wp\/v2\/posts\/69388","targetHints":{"allow":["GET"]}}],"collection":[{"href":"https:\/\/eltrabajo.cl\/portal\/wp-json\/wp\/v2\/posts"}],"about":[{"href":"https:\/\/eltrabajo.cl\/portal\/wp-json\/wp\/v2\/types\/post"}],"author":[{"embeddable":true,"href":"https:\/\/eltrabajo.cl\/portal\/wp-json\/wp\/v2\/users\/1"}],"replies":[{"embeddable":true,"href":"https:\/\/eltrabajo.cl\/portal\/wp-json\/wp\/v2\/comments?post=69388"}],"version-history":[{"count":0,"href":"https:\/\/eltrabajo.cl\/portal\/wp-json\/wp\/v2\/posts\/69388\/revisions"}],"wp:featuredmedia":[{"embeddable":true,"href":"https:\/\/eltrabajo.cl\/portal\/wp-json\/wp\/v2\/media\/69389"}],"wp:attachment":[{"href":"https:\/\/eltrabajo.cl\/portal\/wp-json\/wp\/v2\/media?parent=69388"}],"wp:term":[{"taxonomy":"category","embeddable":true,"href":"https:\/\/eltrabajo.cl\/portal\/wp-json\/wp\/v2\/categories?post=69388"},{"taxonomy":"post_tag","embeddable":true,"href":"https:\/\/eltrabajo.cl\/portal\/wp-json\/wp\/v2\/tags?post=69388"}],"curies":[{"name":"wp","href":"https:\/\/api.w.org\/{rel}","templated":true}]}}