{"id":69393,"date":"2016-05-04T08:59:04","date_gmt":"2016-05-04T11:59:04","guid":{"rendered":"http:\/\/www.eltrabajo.cl\/portal\/?p=69393"},"modified":"2016-05-04T08:59:04","modified_gmt":"2016-05-04T11:59:04","slug":"expo-infante-reunio-a-menores-de-jardines-infantiles-de-panquehue","status":"publish","type":"post","link":"https:\/\/eltrabajo.cl\/portal\/expo-infante-reunio-a-menores-de-jardines-infantiles-de-panquehue\/","title":{"rendered":"Expo-Infante reuni\u00f3 a menores de jardines infantiles de Panquehue"},"content":{"rendered":"<p>PANQUEHUE.- En el sector La Pirca se realiz\u00f3 recientemente la Expo Infante, actividad que fue organizada por el Departamento de Desarrollo Comunitario junto a los profesionales encargados del programa Chile Crece Contigo.<br \/>\nFue una feria dirigida especialmente a los ni\u00f1os y ni\u00f1as de Panquehue, as\u00ed como tambi\u00e9n a las madres, padres y cuidadores de \u00e9stos.<br \/>\nEsta actividad tiene por objetivo difundir la existencia de la Red Comunal del Programa Chile Crece Contigo y por lo mismo se cont\u00f3 con la participaci\u00f3n del Cesfam, Daem, Direcci\u00f3n de Desarrollo Comunitario (Dideco) y Senda.<br \/>\nEl alcalde Luis Pradenas, tras visitar la feria salud\u00f3 a los menores de los jardines infantiles \u2018Enanitos del Bosque\u2019; \u2018Tipit\u00edn\u2019; entre otros.<br \/>\nLa Directora de la Dideco de la Municipalidad de Panquehue, Camila Arag\u00f3n, indic\u00f3 que el programa Chile Crece Contigo entrega a los ni\u00f1os y ni\u00f1as un acceso expedito a los servicios y prestaciones que atienden sus necesidades y apoyan su desarrollo en cada etapa de su crecimiento. Adicionalmente, apoya a las familias y a las comunidades donde los ni\u00f1os y ni\u00f1as crecen y se desenvuelven, de forma que existan las condiciones adecuadas en un entorno amigable, inclusivo y acogedor de las necesidades particulares de cada ni\u00f1o y ni\u00f1a en Chile.<br \/>\nEn tanto el alcalde Luis Pradenas destac\u00f3 que este programa es un Sistema de Protecci\u00f3n Integral a la Infancia que tiene como misi\u00f3n acompa\u00f1ar, proteger y apoyar integralmente, a todos los ni\u00f1os, ni\u00f1as y sus familias, a trav\u00e9s de acciones y servicios de car\u00e1cter universal, as\u00ed como focalizando apoyos especiales a aquellos que presentan alguna vulnerabilidad mayor.<br \/>\nEn tanto Camila Arag\u00f3n reiter\u00f3 que este programa est\u00e1 dirigido a toda la poblaci\u00f3n (ni\u00f1os, ni\u00f1as en primera infancia y sus familias) que mediante sensibilizaci\u00f3n, promoci\u00f3n, informaci\u00f3n y educaci\u00f3n, sobre cuidado y estimulaci\u00f3n oportuna de ni\u00f1os y ni\u00f1as, busca generar un ambiente social con entornos familiares y comunitarios favorables, que contribuyan al despliegue m\u00e1ximo del potencial de desarrollo de ni\u00f1os y ni\u00f1as en esta etapa de la vida.<br \/>\nLa actividad finaliz\u00f3 con la presentaci\u00f3n de un desfile por parte de los menores, quienes hicieron uso de material reciclable .<\/p>\n<figure id=\"attachment_69394\" aria-describedby=\"caption-attachment-69394\" style=\"width: 530px\" class=\"wp-caption alignleft\"><a href=\"http:\/\/www.eltrabajo.cl\/portal\/expo-infante-reunio-a-menores-de-jardines-infantiles-de-panquehue\/panquehue1\/\" rel=\"attachment wp-att-69394\"><img data-recalc-dims=\"1\" loading=\"lazy\" decoding=\"async\" class=\"size-full wp-image-69394\" src=\"https:\/\/i0.wp.com\/www.eltrabajo.cl\/portal\/wp-content\/uploads\/2016\/05\/panquehue1.jpg?resize=530%2C350\" alt=\"Los m\u00e1s peque\u00f1os disfrutaron de un d\u00eda de esparcimiento con juegos inflables.\" width=\"530\" height=\"350\" srcset=\"https:\/\/i0.wp.com\/eltrabajo.cl\/portal\/wp-content\/uploads\/2016\/05\/panquehue1.jpg?w=530&amp;ssl=1 530w, https:\/\/i0.wp.com\/eltrabajo.cl\/portal\/wp-content\/uploads\/2016\/05\/panquehue1.jpg?resize=200%2C132&amp;ssl=1 200w, https:\/\/i0.wp.com\/eltrabajo.cl\/portal\/wp-content\/uploads\/2016\/05\/panquehue1.jpg?resize=300%2C198&amp;ssl=1 300w, https:\/\/i0.wp.com\/eltrabajo.cl\/portal\/wp-content\/uploads\/2016\/05\/panquehue1.jpg?resize=227%2C150&amp;ssl=1 227w, https:\/\/i0.wp.com\/eltrabajo.cl\/portal\/wp-content\/uploads\/2016\/05\/panquehue1.jpg?resize=400%2C264&amp;ssl=1 400w\" sizes=\"auto, (max-width: 530px) 100vw, 530px\" \/><\/a><figcaption id=\"caption-attachment-69394\" class=\"wp-caption-text\">Los m\u00e1s peque\u00f1os disfrutaron de un d\u00eda de esparcimiento con juegos inflables.<\/figcaption><\/figure>\n<figure id=\"attachment_69395\" aria-describedby=\"caption-attachment-69395\" style=\"width: 530px\" class=\"wp-caption alignleft\"><a href=\"http:\/\/www.eltrabajo.cl\/portal\/expo-infante-reunio-a-menores-de-jardines-infantiles-de-panquehue\/panquehue2\/\" rel=\"attachment wp-att-69395\"><img data-recalc-dims=\"1\" loading=\"lazy\" decoding=\"async\" class=\"size-full wp-image-69395\" src=\"https:\/\/i0.wp.com\/www.eltrabajo.cl\/portal\/wp-content\/uploads\/2016\/05\/panquehue2.jpg?resize=530%2C348\" alt=\"La feria est\u00e1 dirigida especialmente a ni\u00f1os y ni\u00f1as de Panquehue, sus madres, padres y cuidadores.\" width=\"530\" height=\"348\" srcset=\"https:\/\/i0.wp.com\/eltrabajo.cl\/portal\/wp-content\/uploads\/2016\/05\/panquehue2.jpg?w=530&amp;ssl=1 530w, https:\/\/i0.wp.com\/eltrabajo.cl\/portal\/wp-content\/uploads\/2016\/05\/panquehue2.jpg?resize=200%2C131&amp;ssl=1 200w, https:\/\/i0.wp.com\/eltrabajo.cl\/portal\/wp-content\/uploads\/2016\/05\/panquehue2.jpg?resize=300%2C197&amp;ssl=1 300w, https:\/\/i0.wp.com\/eltrabajo.cl\/portal\/wp-content\/uploads\/2016\/05\/panquehue2.jpg?resize=228%2C150&amp;ssl=1 228w, https:\/\/i0.wp.com\/eltrabajo.cl\/portal\/wp-content\/uploads\/2016\/05\/panquehue2.jpg?resize=400%2C263&amp;ssl=1 400w\" sizes=\"auto, (max-width: 530px) 100vw, 530px\" \/><\/a><figcaption id=\"caption-attachment-69395\" class=\"wp-caption-text\">La feria est\u00e1 dirigida especialmente a ni\u00f1os y ni\u00f1as de Panquehue, sus madres, padres y cuidadores.<\/figcaption><\/figure>\n","protected":false},"excerpt":{"rendered":"<p>PANQUEHUE.- En el sector La Pirca se realiz\u00f3 recientemente la Expo Infante, actividad que fue organizada por el Departamento de Desarrollo Comunitario junto a los profesionales encargados del programa Chile Crece Contigo&#8230;.<\/p>\n","protected":false},"author":1,"featured_media":69395,"comment_status":"open","ping_status":"open","sticky":false,"template":"","format":"standard","meta":{"advanced_seo_description":"","jetpack_seo_html_title":"","jetpack_seo_noindex":false,"_jetpack_memberships_contains_paid_content":false,"footnotes":""},"categories":[1],"tags":[],"class_list":["post-69393","post","type-post","status-publish","format-standard","has-post-thumbnail","hentry","category-cronica"],"jetpack_featured_media_url":"https:\/\/i0.wp.com\/eltrabajo.cl\/portal\/wp-content\/uploads\/2016\/05\/panquehue2.jpg?fit=530%2C348&ssl=1","jetpack_sharing_enabled":true,"jetpack_likes_enabled":true,"jetpack-related-posts":[],"_links":{"self":[{"href":"https:\/\/eltrabajo.cl\/portal\/wp-json\/wp\/v2\/posts\/69393","targetHints":{"allow":["GET"]}}],"collection":[{"href":"https:\/\/eltrabajo.cl\/portal\/wp-json\/wp\/v2\/posts"}],"about":[{"href":"https:\/\/eltrabajo.cl\/portal\/wp-json\/wp\/v2\/types\/post"}],"author":[{"embeddable":true,"href":"https:\/\/eltrabajo.cl\/portal\/wp-json\/wp\/v2\/users\/1"}],"replies":[{"embeddable":true,"href":"https:\/\/eltrabajo.cl\/portal\/wp-json\/wp\/v2\/comments?post=69393"}],"version-history":[{"count":0,"href":"https:\/\/eltrabajo.cl\/portal\/wp-json\/wp\/v2\/posts\/69393\/revisions"}],"wp:featuredmedia":[{"embeddable":true,"href":"https:\/\/eltrabajo.cl\/portal\/wp-json\/wp\/v2\/media\/69395"}],"wp:attachment":[{"href":"https:\/\/eltrabajo.cl\/portal\/wp-json\/wp\/v2\/media?parent=69393"}],"wp:term":[{"taxonomy":"category","embeddable":true,"href":"https:\/\/eltrabajo.cl\/portal\/wp-json\/wp\/v2\/categories?post=69393"},{"taxonomy":"post_tag","embeddable":true,"href":"https:\/\/eltrabajo.cl\/portal\/wp-json\/wp\/v2\/tags?post=69393"}],"curies":[{"name":"wp","href":"https:\/\/api.w.org\/{rel}","templated":true}]}}