{"id":69398,"date":"2016-05-04T09:03:14","date_gmt":"2016-05-04T12:03:14","guid":{"rendered":"http:\/\/www.eltrabajo.cl\/portal\/?p=69398"},"modified":"2016-05-04T09:03:14","modified_gmt":"2016-05-04T12:03:14","slug":"bailes-chinos-seran-dedicados-a-san-isidro-labrador-en-el-asiento","status":"publish","type":"post","link":"https:\/\/eltrabajo.cl\/portal\/bailes-chinos-seran-dedicados-a-san-isidro-labrador-en-el-asiento\/","title":{"rendered":"Bailes Chinos ser\u00e1n dedicados a San Isidro Labrador en El Asiento"},"content":{"rendered":"<ul>\n<li><strong>Fiesta religiosa se realizar\u00e1 el 29 de mayo:<\/strong><\/li>\n<\/ul>\n<p>Un ambiente de algarab\u00eda religiosa y de gran expectaci\u00f3n comunitaria es el que se respira en El Asiento y poblaciones cercanas, pues desde hace varias semanas se est\u00e1n realizando los preparativos para la gran Fiesta de San Isidro Labrador 2016, evento que honra al santo patrono de esa comunidad sanfelipe\u00f1a.<\/p>\n<p><strong>ANUNCIO OFICIAL<\/strong><br \/>\nEl anuncio fue realizado por el sacerdote Ricardo G\u00f3mez, p\u00e1rroco de Rinconada de Silva, \u00abqueremos repetir este a\u00f1o la bonita experiencia de esta fiesta de San Isidro. Las actividades iniciar\u00e1n temprano el domingo 29 de mayo, aunque la fecha cronol\u00f3gica del santo corresponde al domingo 15 de mayo, tendremos una Eucarist\u00eda Misa a la Chilena a las 16:00 horas en Cerro La cruz. Este santo es el patrono de El Asiento desde que existe esta poblaci\u00f3n, este santo era laico, era casado, vivi\u00f3 cerca del a\u00f1o 1000 despu\u00e9s de Cristo, pero fue canonizado en 1500, por lo que estamos invitando a todos los vecinos de Bellavista, 21 de Mayo, Barrancas y otras cercanas\u00bb, dijo el religioso a Diario El Trabajo.<\/p>\n<p><strong>HABR\u00c1 FERIA<\/strong><br \/>\nPor su parte la directora de la escuela, Sandra Lucero, ampli\u00f3 comentando que \u00abesta es una fiesta es organizada por la parroquia de esta poblaci\u00f3n; la Escuela Jos\u00e9 Bernardo Su\u00e1rez y por la junta de vecinos. Tendremos una feria artesanal durante la fiesta, ser\u00e1 peque\u00f1a, con comidas y artesan\u00edas, para que no se convierta en un centro comercial, a esto se suma la participaci\u00f3n y aporte de las organizaciones y toda la comunidad de la localidad, tales como la Junta de Vecinos de El Asiento y el Comit\u00e9 de Vivienda El Cipr\u00e9s, y tambi\u00e9n Bomberos de Poblaci\u00f3n 21 de Mayo\u00bb, dijo Lucero.<br \/>\nPor su parte Pedro Vicencio, director de la 7\u00aa CIA de Bomberos San Felipe, inform\u00f3 que \u00abnosotros no s\u00f3lo estamos en alerta para atender y evitar incendios en el sector, por eso es que tendremos a doce efectivos bomberiles disponibles para atender cualquier situaci\u00f3n en la que se nos necesite durante estas fiestas\u00bb.<\/p>\n<p><strong>BAILES CHINOS<\/strong><br \/>\nAs\u00ed tambi\u00e9n la profesora de Arte y Cultura, coordinadora de la actividad, Lorena V\u00e9liz Flores, explic\u00f3 a nuestro medio que \u00abesta fiesta para nosotros nos permitir\u00e1 presentar a nuestros nueve grupos de bailes chinos de la comuna, tenemos a muchos m\u00e1s invitados de todo el pa\u00eds, con esto queremos tambi\u00e9n enviar un mensaje claro a otras comunas, un mensaje que dice la importancia del Re-li-ga-re cultural y religioso, el unificar nuestras costumbres\u00bb.<\/p>\n<p><strong>PROGRAMA OFICIAL<\/strong><br \/>\n9:30 a 10:40 horas: Recepci\u00f3n de los bailes, desayuno en escuela.<br \/>\n10:00 horas: Inicio de los saludos en Capilla San Isidro y en altar de la escuela.<br \/>\nApertura de feria de artesanos y stands organizaciones.<br \/>\n12:30 a 14:30 horas: Almuerzo bailes, comedor escuela.<br \/>\n15:00 horas: Inicio procesi\u00f3n desde capilla por Calle La Cancha.<br \/>\n16:00 horas: Misa en Cerro La Cruz.<br \/>\n17:00 horas: Regreso procesi\u00f3n por Calle Santa Margarita hasta la capilla.<br \/>\n18:00 a 20:00 horas: Despedida de los bailes, onces, cierre de la festividad.<\/p>\n<p><strong>AGRUPACIONES DE BAILE INVITADAS<\/strong><br \/>\n&#8211; Baile Chino Adoratorio Cerro Mercachas, Los Andes.<br \/>\n&#8211; Baile Chino San Victorino, San Felipe.<br \/>\n&#8211; Baile Chino Aconcagua Salm\u00f3n, San Felipe, Putaendo.<br \/>\n&#8211; Baile Chino Ni\u00f1o Dios, Llay Llay.<br \/>\n&#8211; Baile Chino El Trapiche de Longotoma, La Ligua.<br \/>\n&#8211; Baile Chino Hermanos Prado de Limache.<br \/>\n&#8211; Baile Chino Descendientes Tabolango, Vi\u00f1a Del Mar, Tabolango.<br \/>\n&#8211; Baile Chino del Mapocho, Santiago.<\/p>\n<p><strong>BAILES DANZANTES<\/strong><br \/>\n&#8211; Baile Danzante Cuyacas de La Calera.<br \/>\n&#8211; Baile Gitano San Jos\u00e9 de La Calera.<br \/>\n&#8211; Baile Danzante Morenas de Aconcagua, San Felipe.<\/p>\n<figure id=\"attachment_69399\" aria-describedby=\"caption-attachment-69399\" style=\"width: 530px\" class=\"wp-caption alignleft\"><a href=\"http:\/\/www.eltrabajo.cl\/portal\/bailes-chinos-seran-dedicados-a-san-isidro-labrador-en-el-asiento\/grupal1-30\/\" rel=\"attachment wp-att-69399\"><img data-recalc-dims=\"1\" loading=\"lazy\" decoding=\"async\" class=\"size-full wp-image-69399\" src=\"https:\/\/i0.wp.com\/www.eltrabajo.cl\/portal\/wp-content\/uploads\/2016\/05\/Grupal1.jpg?resize=530%2C350\" alt=\"CALIENTAN MOTORES.- Los organizadores hicieron el anuncio en la capilla San Isidro de El Asiento, al fondo, la imagen del santo.\" width=\"530\" height=\"350\" srcset=\"https:\/\/i0.wp.com\/eltrabajo.cl\/portal\/wp-content\/uploads\/2016\/05\/Grupal1.jpg?w=530&amp;ssl=1 530w, https:\/\/i0.wp.com\/eltrabajo.cl\/portal\/wp-content\/uploads\/2016\/05\/Grupal1.jpg?resize=200%2C132&amp;ssl=1 200w, https:\/\/i0.wp.com\/eltrabajo.cl\/portal\/wp-content\/uploads\/2016\/05\/Grupal1.jpg?resize=300%2C198&amp;ssl=1 300w, https:\/\/i0.wp.com\/eltrabajo.cl\/portal\/wp-content\/uploads\/2016\/05\/Grupal1.jpg?resize=227%2C150&amp;ssl=1 227w, https:\/\/i0.wp.com\/eltrabajo.cl\/portal\/wp-content\/uploads\/2016\/05\/Grupal1.jpg?resize=400%2C264&amp;ssl=1 400w\" sizes=\"auto, (max-width: 530px) 100vw, 530px\" \/><\/a><figcaption id=\"caption-attachment-69399\" class=\"wp-caption-text\">CALIENTAN MOTORES.- Los organizadores hicieron el anuncio en la capilla San Isidro de El Asiento, al fondo, la imagen del santo.<\/figcaption><\/figure>\n","protected":false},"excerpt":{"rendered":"<p>Fiesta religiosa se realizar\u00e1 el 29 de mayo: Un ambiente de algarab\u00eda religiosa y de gran expectaci\u00f3n comunitaria es el que se respira en El Asiento y poblaciones cercanas, pues desde hace&#8230;<\/p>\n","protected":false},"author":1,"featured_media":69399,"comment_status":"open","ping_status":"open","sticky":false,"template":"","format":"standard","meta":{"advanced_seo_description":"","jetpack_seo_html_title":"","jetpack_seo_noindex":false,"_jetpack_memberships_contains_paid_content":false,"footnotes":""},"categories":[15],"tags":[],"class_list":["post-69398","post","type-post","status-publish","format-standard","has-post-thumbnail","hentry","category-comunidad"],"jetpack_featured_media_url":"https:\/\/i0.wp.com\/eltrabajo.cl\/portal\/wp-content\/uploads\/2016\/05\/Grupal1.jpg?fit=530%2C350&ssl=1","jetpack_sharing_enabled":true,"jetpack_likes_enabled":true,"jetpack-related-posts":[],"_links":{"self":[{"href":"https:\/\/eltrabajo.cl\/portal\/wp-json\/wp\/v2\/posts\/69398","targetHints":{"allow":["GET"]}}],"collection":[{"href":"https:\/\/eltrabajo.cl\/portal\/wp-json\/wp\/v2\/posts"}],"about":[{"href":"https:\/\/eltrabajo.cl\/portal\/wp-json\/wp\/v2\/types\/post"}],"author":[{"embeddable":true,"href":"https:\/\/eltrabajo.cl\/portal\/wp-json\/wp\/v2\/users\/1"}],"replies":[{"embeddable":true,"href":"https:\/\/eltrabajo.cl\/portal\/wp-json\/wp\/v2\/comments?post=69398"}],"version-history":[{"count":0,"href":"https:\/\/eltrabajo.cl\/portal\/wp-json\/wp\/v2\/posts\/69398\/revisions"}],"wp:featuredmedia":[{"embeddable":true,"href":"https:\/\/eltrabajo.cl\/portal\/wp-json\/wp\/v2\/media\/69399"}],"wp:attachment":[{"href":"https:\/\/eltrabajo.cl\/portal\/wp-json\/wp\/v2\/media?parent=69398"}],"wp:term":[{"taxonomy":"category","embeddable":true,"href":"https:\/\/eltrabajo.cl\/portal\/wp-json\/wp\/v2\/categories?post=69398"},{"taxonomy":"post_tag","embeddable":true,"href":"https:\/\/eltrabajo.cl\/portal\/wp-json\/wp\/v2\/tags?post=69398"}],"curies":[{"name":"wp","href":"https:\/\/api.w.org\/{rel}","templated":true}]}}