{"id":69402,"date":"2016-05-04T09:06:22","date_gmt":"2016-05-04T12:06:22","guid":{"rendered":"http:\/\/www.eltrabajo.cl\/portal\/?p=69402"},"modified":"2016-05-04T09:06:22","modified_gmt":"2016-05-04T12:06:22","slug":"jornada-de-teatro-de-titeres-pewun-para-escuelas-parte-esta-semana","status":"publish","type":"post","link":"https:\/\/eltrabajo.cl\/portal\/jornada-de-teatro-de-titeres-pewun-para-escuelas-parte-esta-semana\/","title":{"rendered":"Jornada de Teatro de T\u00edteres Pewun para escuelas parte esta semana"},"content":{"rendered":"<p>La Compa\u00f1\u00eda de Teatro Pewun dar\u00e1 inicio esta semana a las presentaciones de show de t\u00edteres en escuelas rurales de San Felipe, que ya ha realizado tres presentaciones en escuelas rurales de Santa Mar\u00eda (Escuela Julio Tejedor de Jahuelito, Escuela Aurora de Velasco de Las Cabras, Escuela La Higuera del sector La Higuera). El conjunto teatral se encuentra conformado por Ignacio Chaparro Benavides y Carolina Paz Silva Guevara, titiriteros.<br \/>\nEl viernes 29 de abril, junto a la destacada participaci\u00f3n de V\u00edctor Hugo Zald\u00edvar, poeta de Santa Mar\u00eda de la localidad de Las Cabras y con la presencia del Pe\u00f1i Walter Currilen Maldonado, educador tradicional de la cosmovisi\u00f3n Mapuche, se llev\u00f3 a cabo la ceremonia de finalizaci\u00f3n del show de t\u00edteres en la comuna de Santa Mar\u00eda con la entrega de \u00e1rboles nativos Araucaria Araucana; Peumo y Quillay.<br \/>\nLa Compa\u00f1\u00eda de Teatro Pewun, que significa germinar o brotar en Mapudungun, promueve, a trav\u00e9s de las artes esc\u00e9nicas, aspectos como: el cuidado del medioambiente y la defensa del agua, conciencia de la biodiversidad; a trav\u00e9s de la intervenci\u00f3n de t\u00edteres y actores que participan con el p\u00fablico. Los ni\u00f1os de los establecimientos educativos, posterior a cada funci\u00f3n de t\u00edteres, realizan una obra con diversos materiales art\u00edsticos, representando as\u00ed el mensaje de \u2018El Pez Bolsa\u2019.<br \/>\nLas funciones a realizar en la comuna de San Felipe, ser\u00e1n en las escuelas Carmela Carvajal de Curim\u00f3n (06 de mayo); Escuela El Asiento (27 de mayo); Escuela Mateo Chokljat (03 de Junio).<br \/>\nLos beneficiarios del proyecto denominado \u2018Show de t\u00edteres en mi Escuela Rural\u2019, ser\u00e1 aproximadamente 460 estudiantes de ambas comunas. Este proyecto es financiado por el Consejo Nacional de la Cultura y Las Artes (Fondart Regional). La Compa\u00f1\u00eda de Teatro Pewun ha gestionado mediante el apoyo de Conaf San Felipe, la donaci\u00f3n de \u00e1rboles nativos para las escuelas en las cuales se realizar\u00e1n las presentaciones de t\u00edteres; fomentando as\u00ed el cuidado y valoraci\u00f3n de nuestro medio ambiente.<\/p>\n<figure id=\"attachment_69403\" aria-describedby=\"caption-attachment-69403\" style=\"width: 528px\" class=\"wp-caption alignleft\"><a href=\"http:\/\/www.eltrabajo.cl\/portal\/jornada-de-teatro-de-titeres-pewun-para-escuelas-parte-esta-semana\/titeres2-2\/\" rel=\"attachment wp-att-69403\"><img data-recalc-dims=\"1\" loading=\"lazy\" decoding=\"async\" class=\"size-full wp-image-69403\" src=\"https:\/\/i0.wp.com\/www.eltrabajo.cl\/portal\/wp-content\/uploads\/2016\/05\/Titeres2.jpg?resize=528%2C350\" alt=\"La Compa\u00f1\u00eda de Teatro Pewun dar\u00e1 inicio esta semana a las presentaciones de show de t\u00edteres en escuelas rurales de San Felipe.\" width=\"528\" height=\"350\" srcset=\"https:\/\/i0.wp.com\/eltrabajo.cl\/portal\/wp-content\/uploads\/2016\/05\/Titeres2.jpg?w=528&amp;ssl=1 528w, https:\/\/i0.wp.com\/eltrabajo.cl\/portal\/wp-content\/uploads\/2016\/05\/Titeres2.jpg?resize=200%2C133&amp;ssl=1 200w, https:\/\/i0.wp.com\/eltrabajo.cl\/portal\/wp-content\/uploads\/2016\/05\/Titeres2.jpg?resize=300%2C199&amp;ssl=1 300w, https:\/\/i0.wp.com\/eltrabajo.cl\/portal\/wp-content\/uploads\/2016\/05\/Titeres2.jpg?resize=226%2C150&amp;ssl=1 226w, https:\/\/i0.wp.com\/eltrabajo.cl\/portal\/wp-content\/uploads\/2016\/05\/Titeres2.jpg?resize=400%2C265&amp;ssl=1 400w\" sizes=\"auto, (max-width: 528px) 100vw, 528px\" \/><\/a><figcaption id=\"caption-attachment-69403\" class=\"wp-caption-text\">La Compa\u00f1\u00eda de Teatro Pewun dar\u00e1 inicio esta semana a las presentaciones de show de t\u00edteres en escuelas rurales de San Felipe.<\/figcaption><\/figure>\n","protected":false},"excerpt":{"rendered":"<p>La Compa\u00f1\u00eda de Teatro Pewun dar\u00e1 inicio esta semana a las presentaciones de show de t\u00edteres en escuelas rurales de San Felipe, que ya ha realizado tres presentaciones en escuelas rurales de&#8230;<\/p>\n","protected":false},"author":1,"featured_media":69403,"comment_status":"open","ping_status":"open","sticky":false,"template":"","format":"standard","meta":{"advanced_seo_description":"","jetpack_seo_html_title":"","jetpack_seo_noindex":false,"_jetpack_memberships_contains_paid_content":false,"footnotes":""},"categories":[15],"tags":[],"class_list":["post-69402","post","type-post","status-publish","format-standard","has-post-thumbnail","hentry","category-comunidad"],"jetpack_featured_media_url":"https:\/\/i0.wp.com\/eltrabajo.cl\/portal\/wp-content\/uploads\/2016\/05\/Titeres2.jpg?fit=528%2C350&ssl=1","jetpack_sharing_enabled":true,"jetpack_likes_enabled":true,"jetpack-related-posts":[],"_links":{"self":[{"href":"https:\/\/eltrabajo.cl\/portal\/wp-json\/wp\/v2\/posts\/69402","targetHints":{"allow":["GET"]}}],"collection":[{"href":"https:\/\/eltrabajo.cl\/portal\/wp-json\/wp\/v2\/posts"}],"about":[{"href":"https:\/\/eltrabajo.cl\/portal\/wp-json\/wp\/v2\/types\/post"}],"author":[{"embeddable":true,"href":"https:\/\/eltrabajo.cl\/portal\/wp-json\/wp\/v2\/users\/1"}],"replies":[{"embeddable":true,"href":"https:\/\/eltrabajo.cl\/portal\/wp-json\/wp\/v2\/comments?post=69402"}],"version-history":[{"count":0,"href":"https:\/\/eltrabajo.cl\/portal\/wp-json\/wp\/v2\/posts\/69402\/revisions"}],"wp:featuredmedia":[{"embeddable":true,"href":"https:\/\/eltrabajo.cl\/portal\/wp-json\/wp\/v2\/media\/69403"}],"wp:attachment":[{"href":"https:\/\/eltrabajo.cl\/portal\/wp-json\/wp\/v2\/media?parent=69402"}],"wp:term":[{"taxonomy":"category","embeddable":true,"href":"https:\/\/eltrabajo.cl\/portal\/wp-json\/wp\/v2\/categories?post=69402"},{"taxonomy":"post_tag","embeddable":true,"href":"https:\/\/eltrabajo.cl\/portal\/wp-json\/wp\/v2\/tags?post=69402"}],"curies":[{"name":"wp","href":"https:\/\/api.w.org\/{rel}","templated":true}]}}