{"id":69411,"date":"2016-05-04T09:10:29","date_gmt":"2016-05-04T12:10:29","guid":{"rendered":"http:\/\/www.eltrabajo.cl\/portal\/?p=69411"},"modified":"2016-05-04T09:10:29","modified_gmt":"2016-05-04T12:10:29","slug":"san-felipe-ya-tiene-sus-representantes-para-el-regional-de-cueca","status":"publish","type":"post","link":"https:\/\/eltrabajo.cl\/portal\/san-felipe-ya-tiene-sus-representantes-para-el-regional-de-cueca\/","title":{"rendered":"San Felipe ya tiene sus representantes para el Regional de Cueca"},"content":{"rendered":"<p>Las parejas formadas por Ricardo Olave, Gabriela Contreras, Diego Mart\u00ednez y Alejandra L\u00f3pez, representar\u00e1n a San Felipe en el campeonato regional de cueca que se realizar\u00e1 en Valpara\u00edso este fin de semana.<br \/>\nLo anterior, luego de coronarse campeones del torneo provincial realizado el domingo en el Teatro Municipal de San Felipe, en donde parejas de las seis comunas bailaron y se disputaron estos dos cupos para asistir a la instancia regional, de la que saldr\u00e1 el representante de la V Regi\u00f3n en el Campeonato de Cueca que tradicionalmente se organiza en Arica durante el mes de junio.<br \/>\nEl alcalde Patricio Freire se mostr\u00f3 muy contento por la convocatoria y el nivel de las parejas que compitieron en la etapa provincial, resaltando en este sentido su optimismo de que dejen muy bien puesto el nombre de San Felipe en el campeonato regional.<br \/>\n\u00abEsta instancias de encuentro, donde relevamos nuestra danza nacional y donde las parejas de nuestra comuna y del resto de la provincia muestran tanta gracia y talento al bailar, nos motivan much\u00edsimo, pues adem\u00e1s fortalecemos el \u00e1rea cultural de nuestra comuna tambi\u00e9n. Pero nos entusiasma mucho m\u00e1s ahora este campeonato, pues las dos parejas ganadoras, no tengo dudas de que nos representar\u00e1n muy bien en el campeonato regional y por lo tanto, no ser\u00eda casualidad que se conviertan en los representantes de la regi\u00f3n en Arica\u00bb, se\u00f1al\u00f3 Freire.<br \/>\nLas parejas ganadoras en tanto, no escondieron su alegr\u00eda por coronarse campeones, al tiempo que se mostraron entusiasmadas de la posibilidad de representar a la provincia en la instancia regional, dejando en claro que entregar\u00e1n todo para quedarse con el t\u00edtulo y as\u00ed, llevar a Arica la bandera de San Felipe en el campeonato nacional.<br \/>\nLa etapa provincial cont\u00f3 con la asistencia de una gran cantidad de p\u00fablico que vibr\u00f3 con nuestra danza nacional, compartiendo el criterio de los jueces que eligieron a los campeones, lo que qued\u00f3 de manifiesto a trav\u00e9s del enorme apoyo a los ganadores a lo largo de la jornada de competencia.<\/p>\n<figure id=\"attachment_69413\" aria-describedby=\"caption-attachment-69413\" style=\"width: 530px\" class=\"wp-caption alignleft\"><a href=\"http:\/\/www.eltrabajo.cl\/portal\/san-felipe-ya-tiene-sus-representantes-para-el-regional-de-cueca\/pareja-ganadora-de-cueca1\/\" rel=\"attachment wp-att-69413\"><img data-recalc-dims=\"1\" loading=\"lazy\" decoding=\"async\" class=\"size-full wp-image-69413\" src=\"https:\/\/i0.wp.com\/www.eltrabajo.cl\/portal\/wp-content\/uploads\/2016\/05\/pareja-ganadora-de-cueca1.jpg?resize=530%2C350\" alt=\"La pareja ganadora nos representar\u00e1n en el Campeonato Regional de Cueca a realizarse en Valpara\u00edso este fin de semana.\" width=\"530\" height=\"350\" srcset=\"https:\/\/i0.wp.com\/eltrabajo.cl\/portal\/wp-content\/uploads\/2016\/05\/pareja-ganadora-de-cueca1.jpg?w=530&amp;ssl=1 530w, https:\/\/i0.wp.com\/eltrabajo.cl\/portal\/wp-content\/uploads\/2016\/05\/pareja-ganadora-de-cueca1.jpg?resize=200%2C132&amp;ssl=1 200w, https:\/\/i0.wp.com\/eltrabajo.cl\/portal\/wp-content\/uploads\/2016\/05\/pareja-ganadora-de-cueca1.jpg?resize=300%2C198&amp;ssl=1 300w, https:\/\/i0.wp.com\/eltrabajo.cl\/portal\/wp-content\/uploads\/2016\/05\/pareja-ganadora-de-cueca1.jpg?resize=227%2C150&amp;ssl=1 227w, https:\/\/i0.wp.com\/eltrabajo.cl\/portal\/wp-content\/uploads\/2016\/05\/pareja-ganadora-de-cueca1.jpg?resize=400%2C264&amp;ssl=1 400w\" sizes=\"auto, (max-width: 530px) 100vw, 530px\" \/><\/a><figcaption id=\"caption-attachment-69413\" class=\"wp-caption-text\">La pareja ganadora nos representar\u00e1n en el Campeonato Regional de Cueca a realizarse en Valpara\u00edso este fin de semana.<\/figcaption><\/figure>\n<figure id=\"attachment_69412\" aria-describedby=\"caption-attachment-69412\" style=\"width: 530px\" class=\"wp-caption alignleft\"><a href=\"http:\/\/www.eltrabajo.cl\/portal\/san-felipe-ya-tiene-sus-representantes-para-el-regional-de-cueca\/pareja-ganadora-de-cueca\/\" rel=\"attachment wp-att-69412\"><img data-recalc-dims=\"1\" loading=\"lazy\" decoding=\"async\" class=\"size-full wp-image-69412\" src=\"https:\/\/i0.wp.com\/www.eltrabajo.cl\/portal\/wp-content\/uploads\/2016\/05\/pareja-ganadora-de-cueca.jpg?resize=530%2C348\" alt=\"Diego Mart\u00ednez y Alejandra L\u00f3pez, ganadores del primer lugar en el torneo provincial de cueca realizado el domingo en el Teatro Municipal.\" width=\"530\" height=\"348\" srcset=\"https:\/\/i0.wp.com\/eltrabajo.cl\/portal\/wp-content\/uploads\/2016\/05\/pareja-ganadora-de-cueca.jpg?w=530&amp;ssl=1 530w, https:\/\/i0.wp.com\/eltrabajo.cl\/portal\/wp-content\/uploads\/2016\/05\/pareja-ganadora-de-cueca.jpg?resize=200%2C131&amp;ssl=1 200w, https:\/\/i0.wp.com\/eltrabajo.cl\/portal\/wp-content\/uploads\/2016\/05\/pareja-ganadora-de-cueca.jpg?resize=300%2C197&amp;ssl=1 300w, https:\/\/i0.wp.com\/eltrabajo.cl\/portal\/wp-content\/uploads\/2016\/05\/pareja-ganadora-de-cueca.jpg?resize=228%2C150&amp;ssl=1 228w, https:\/\/i0.wp.com\/eltrabajo.cl\/portal\/wp-content\/uploads\/2016\/05\/pareja-ganadora-de-cueca.jpg?resize=400%2C263&amp;ssl=1 400w\" sizes=\"auto, (max-width: 530px) 100vw, 530px\" \/><\/a><figcaption id=\"caption-attachment-69412\" class=\"wp-caption-text\">Diego Mart\u00ednez y Alejandra L\u00f3pez, ganadores del primer lugar en el torneo provincial de cueca realizado el domingo en el Teatro Municipal.<\/figcaption><\/figure>\n","protected":false},"excerpt":{"rendered":"<p>Las parejas formadas por Ricardo Olave, Gabriela Contreras, Diego Mart\u00ednez y Alejandra L\u00f3pez, representar\u00e1n a San Felipe en el campeonato regional de cueca que se realizar\u00e1 en Valpara\u00edso este fin de semana&#8230;.<\/p>\n","protected":false},"author":1,"featured_media":69412,"comment_status":"open","ping_status":"open","sticky":false,"template":"","format":"standard","meta":{"advanced_seo_description":"","jetpack_seo_html_title":"","jetpack_seo_noindex":false,"_jetpack_memberships_contains_paid_content":false,"footnotes":""},"categories":[15],"tags":[],"class_list":["post-69411","post","type-post","status-publish","format-standard","has-post-thumbnail","hentry","category-comunidad"],"jetpack_featured_media_url":"https:\/\/i0.wp.com\/eltrabajo.cl\/portal\/wp-content\/uploads\/2016\/05\/pareja-ganadora-de-cueca.jpg?fit=530%2C348&ssl=1","jetpack_sharing_enabled":true,"jetpack_likes_enabled":true,"jetpack-related-posts":[],"_links":{"self":[{"href":"https:\/\/eltrabajo.cl\/portal\/wp-json\/wp\/v2\/posts\/69411","targetHints":{"allow":["GET"]}}],"collection":[{"href":"https:\/\/eltrabajo.cl\/portal\/wp-json\/wp\/v2\/posts"}],"about":[{"href":"https:\/\/eltrabajo.cl\/portal\/wp-json\/wp\/v2\/types\/post"}],"author":[{"embeddable":true,"href":"https:\/\/eltrabajo.cl\/portal\/wp-json\/wp\/v2\/users\/1"}],"replies":[{"embeddable":true,"href":"https:\/\/eltrabajo.cl\/portal\/wp-json\/wp\/v2\/comments?post=69411"}],"version-history":[{"count":0,"href":"https:\/\/eltrabajo.cl\/portal\/wp-json\/wp\/v2\/posts\/69411\/revisions"}],"wp:featuredmedia":[{"embeddable":true,"href":"https:\/\/eltrabajo.cl\/portal\/wp-json\/wp\/v2\/media\/69412"}],"wp:attachment":[{"href":"https:\/\/eltrabajo.cl\/portal\/wp-json\/wp\/v2\/media?parent=69411"}],"wp:term":[{"taxonomy":"category","embeddable":true,"href":"https:\/\/eltrabajo.cl\/portal\/wp-json\/wp\/v2\/categories?post=69411"},{"taxonomy":"post_tag","embeddable":true,"href":"https:\/\/eltrabajo.cl\/portal\/wp-json\/wp\/v2\/tags?post=69411"}],"curies":[{"name":"wp","href":"https:\/\/api.w.org\/{rel}","templated":true}]}}