{"id":69420,"date":"2016-05-05T08:51:27","date_gmt":"2016-05-05T11:51:27","guid":{"rendered":"http:\/\/www.eltrabajo.cl\/portal\/?p=69420"},"modified":"2016-05-05T08:51:27","modified_gmt":"2016-05-05T11:51:27","slug":"inician-plan-piloto-de-proteccion-social-para-postrados-en-santa-maria","status":"publish","type":"post","link":"https:\/\/eltrabajo.cl\/portal\/inician-plan-piloto-de-proteccion-social-para-postrados-en-santa-maria\/","title":{"rendered":"Inician plan piloto de protecci\u00f3n social para postrados en Santa Mar\u00eda"},"content":{"rendered":"<p><strong>SANTA MAR\u00cdA.-<\/strong> Un proyecto lanzado desde la Gobernaci\u00f3n de San Felipe se estrenar\u00e1 en la comuna de Santa Mar\u00eda. Se trata de la Red de Protecci\u00f3n Social que se enfocar\u00e1 en la ayuda a la tercera edad y sobre todo a la inserci\u00f3n y protecci\u00f3n de las personas en condici\u00f3n de postradas.<br \/>\nSeg\u00fan Maribel Mancilla Vargas, Directora del Departamento Social de Santa Mar\u00eda, los postrados son un grupo cuyas necesidades muchas veces pasan desapercibidas, quienes adem\u00e1s desconocen generalmente las herramientas que otorga el Estado para su beneficio: \u00abNos hemos dado cuenta que hay que priorizar a los postrados, ya que el adulto mayor muchas veces pertenece a alg\u00fan club y eso ya lo incorpora a alg\u00fan tipo de red, sin embargo el postrado puede esconderse de las estad\u00edsticas\u00bb.<br \/>\nEl Gobernador Eduardo Le\u00f3n dijo estar muy confiado en la capacidad de trabajo del equipo de Santa Mar\u00eda y dado lo \u00e9xitos en las redes actuales de protecci\u00f3n social de la comuna, se decidi\u00f3 partir por aqu\u00ed.<br \/>\nPor su parte el Alcalde Claudio Zurita dijo ya poseer una red de protecci\u00f3n a los ni\u00f1os, sin embargo agreg\u00f3 que lo primordial es que en esta nueva red, el Adulto Mayor tenga la mejor calidad de vida posible: \u00abEn Santa Mar\u00eda, este Alcalde y el Concejo Municipal nos hemos preocupado mucho por nuestros adultos mayores, y espero que esta red saque el mejor provecho de su trabajo en equipo para lograr el objetivo mayor, que nuestros adultos mayores tengan muy buena calidad de vida\u00bb.<br \/>\nCabe destacar que el municipio de Santa Mar\u00eda ya posee un hogar Municipal para el Adulto mayor y que tiene nada menos que 20 personas \u00abque son atendidas con mucha dedicaci\u00f3n y profesionalismo, aportando con todo el aparato municipal para que sea de excelente calidad\u00bb, concluy\u00f3 Claudio Zurita.<br \/>\n<strong>Roberto Mercado Aced<\/strong><\/p>\n<figure id=\"attachment_69422\" aria-describedby=\"caption-attachment-69422\" style=\"width: 530px\" class=\"wp-caption alignleft\"><a href=\"http:\/\/www.eltrabajo.cl\/portal\/inician-plan-piloto-de-proteccion-social-para-postrados-en-santa-maria\/red-proteccion-santamaria\/\" rel=\"attachment wp-att-69422\"><img data-recalc-dims=\"1\" loading=\"lazy\" decoding=\"async\" class=\"size-full wp-image-69422\" src=\"https:\/\/i0.wp.com\/www.eltrabajo.cl\/portal\/wp-content\/uploads\/2016\/05\/red-proteccion-santamaria.jpg?resize=530%2C349\" alt=\"Los equipos sociales de Santa Mar\u00eda tendr\u00e1n la labor de iniciar este programa piloto enfocado en los adultos mayores, pero principalmente en los postrados.\" width=\"530\" height=\"349\" srcset=\"https:\/\/i0.wp.com\/eltrabajo.cl\/portal\/wp-content\/uploads\/2016\/05\/red-proteccion-santamaria.jpg?w=530&amp;ssl=1 530w, https:\/\/i0.wp.com\/eltrabajo.cl\/portal\/wp-content\/uploads\/2016\/05\/red-proteccion-santamaria.jpg?resize=200%2C132&amp;ssl=1 200w, https:\/\/i0.wp.com\/eltrabajo.cl\/portal\/wp-content\/uploads\/2016\/05\/red-proteccion-santamaria.jpg?resize=300%2C198&amp;ssl=1 300w, https:\/\/i0.wp.com\/eltrabajo.cl\/portal\/wp-content\/uploads\/2016\/05\/red-proteccion-santamaria.jpg?resize=228%2C150&amp;ssl=1 228w, https:\/\/i0.wp.com\/eltrabajo.cl\/portal\/wp-content\/uploads\/2016\/05\/red-proteccion-santamaria.jpg?resize=400%2C263&amp;ssl=1 400w\" sizes=\"auto, (max-width: 530px) 100vw, 530px\" \/><\/a><figcaption id=\"caption-attachment-69422\" class=\"wp-caption-text\">Los equipos sociales de Santa Mar\u00eda tendr\u00e1n la labor de iniciar este programa piloto enfocado en los adultos mayores, pero principalmente en los postrados.<\/figcaption><\/figure>\n","protected":false},"excerpt":{"rendered":"<p>SANTA MAR\u00cdA.- Un proyecto lanzado desde la Gobernaci\u00f3n de San Felipe se estrenar\u00e1 en la comuna de Santa Mar\u00eda. Se trata de la Red de Protecci\u00f3n Social que se enfocar\u00e1 en la&#8230;<\/p>\n","protected":false},"author":1,"featured_media":69422,"comment_status":"open","ping_status":"open","sticky":false,"template":"","format":"standard","meta":{"advanced_seo_description":"","jetpack_seo_html_title":"","jetpack_seo_noindex":false,"_jetpack_memberships_contains_paid_content":false,"footnotes":""},"categories":[1],"tags":[],"class_list":["post-69420","post","type-post","status-publish","format-standard","has-post-thumbnail","hentry","category-cronica"],"jetpack_featured_media_url":"https:\/\/i0.wp.com\/eltrabajo.cl\/portal\/wp-content\/uploads\/2016\/05\/red-proteccion-santamaria.jpg?fit=530%2C349&ssl=1","jetpack_sharing_enabled":true,"jetpack_likes_enabled":true,"jetpack-related-posts":[],"_links":{"self":[{"href":"https:\/\/eltrabajo.cl\/portal\/wp-json\/wp\/v2\/posts\/69420","targetHints":{"allow":["GET"]}}],"collection":[{"href":"https:\/\/eltrabajo.cl\/portal\/wp-json\/wp\/v2\/posts"}],"about":[{"href":"https:\/\/eltrabajo.cl\/portal\/wp-json\/wp\/v2\/types\/post"}],"author":[{"embeddable":true,"href":"https:\/\/eltrabajo.cl\/portal\/wp-json\/wp\/v2\/users\/1"}],"replies":[{"embeddable":true,"href":"https:\/\/eltrabajo.cl\/portal\/wp-json\/wp\/v2\/comments?post=69420"}],"version-history":[{"count":0,"href":"https:\/\/eltrabajo.cl\/portal\/wp-json\/wp\/v2\/posts\/69420\/revisions"}],"wp:featuredmedia":[{"embeddable":true,"href":"https:\/\/eltrabajo.cl\/portal\/wp-json\/wp\/v2\/media\/69422"}],"wp:attachment":[{"href":"https:\/\/eltrabajo.cl\/portal\/wp-json\/wp\/v2\/media?parent=69420"}],"wp:term":[{"taxonomy":"category","embeddable":true,"href":"https:\/\/eltrabajo.cl\/portal\/wp-json\/wp\/v2\/categories?post=69420"},{"taxonomy":"post_tag","embeddable":true,"href":"https:\/\/eltrabajo.cl\/portal\/wp-json\/wp\/v2\/tags?post=69420"}],"curies":[{"name":"wp","href":"https:\/\/api.w.org\/{rel}","templated":true}]}}