{"id":69425,"date":"2016-05-05T08:52:31","date_gmt":"2016-05-05T11:52:31","guid":{"rendered":"http:\/\/www.eltrabajo.cl\/portal\/?p=69425"},"modified":"2016-05-05T08:52:31","modified_gmt":"2016-05-05T11:52:31","slug":"conocida-dra-maria-luisa-cordero-ofrecera-charla-en-sanfecoop","status":"publish","type":"post","link":"https:\/\/eltrabajo.cl\/portal\/conocida-dra-maria-luisa-cordero-ofrecera-charla-en-sanfecoop\/","title":{"rendered":"Conocida Dra. Mar\u00eda Luisa Cordero ofrecer\u00e1 charla en Sanfecoop"},"content":{"rendered":"<p>Una charla alusiva a la celebraci\u00f3n del D\u00eda de la Madre estar\u00e1 realizando la conocida Dra. Mar\u00eda Luisa Cordero en dependencias de la Cooperativa de Ahorro y Cr\u00e9dito Sanfecoop.<br \/>\nLa actividad tendr\u00e1 lugar en el Sal\u00f3n de Eventos ubicado en Navarro 123 de San Felipe, el pr\u00f3ximo martes 10 de mayo a partir de las 18:45 horas.<br \/>\nEl Presidente del Consejo de Administraci\u00f3n, Rolando Stevenson Velasco, se\u00f1al\u00f3 que con motivo de esta tradicional celebraci\u00f3n del D\u00eda de la Madre, la cooperativa decidi\u00f3 ofrecer a sus socias e invitadas especiales, poder compartir con la conocida Dra. Mar\u00eda Luisa Cordero.<br \/>\nLa conocida y pol\u00e9mica profesional acept\u00f3 la invitaci\u00f3n formulada por el Consejo de Administraci\u00f3n de Sanfecoop, ya que m\u00e1s del 50 por ciento de los 15 mil socios de la cooperativa son mujeres, y esta proporci\u00f3n se mantiene en sus estructuras dirigenciales y laborales.<br \/>\nLos socios interesados pueden inscribirse en las oficinas de la cooperativa.<\/p>\n<figure id=\"attachment_69426\" aria-describedby=\"caption-attachment-69426\" style=\"width: 530px\" class=\"wp-caption alignleft\"><a href=\"http:\/\/www.eltrabajo.cl\/portal\/conocida-dra-maria-luisa-cordero-ofrecera-charla-en-sanfecoop\/maria-luisa-cordero\/\" rel=\"attachment wp-att-69426\"><img data-recalc-dims=\"1\" loading=\"lazy\" decoding=\"async\" class=\"size-full wp-image-69426\" src=\"https:\/\/i0.wp.com\/www.eltrabajo.cl\/portal\/wp-content\/uploads\/2016\/05\/maria-luisa-cordero.jpg?resize=530%2C348\" alt=\"La conocida Dra. Mar\u00eda Luisa Cordero estar\u00e1 compartiendo con socias e invitadas de Sanfecoop el pr\u00f3ximo martes 10 de mayo.\" width=\"530\" height=\"348\" srcset=\"https:\/\/i0.wp.com\/eltrabajo.cl\/portal\/wp-content\/uploads\/2016\/05\/maria-luisa-cordero.jpg?w=530&amp;ssl=1 530w, https:\/\/i0.wp.com\/eltrabajo.cl\/portal\/wp-content\/uploads\/2016\/05\/maria-luisa-cordero.jpg?resize=200%2C131&amp;ssl=1 200w, https:\/\/i0.wp.com\/eltrabajo.cl\/portal\/wp-content\/uploads\/2016\/05\/maria-luisa-cordero.jpg?resize=300%2C197&amp;ssl=1 300w, https:\/\/i0.wp.com\/eltrabajo.cl\/portal\/wp-content\/uploads\/2016\/05\/maria-luisa-cordero.jpg?resize=228%2C150&amp;ssl=1 228w, https:\/\/i0.wp.com\/eltrabajo.cl\/portal\/wp-content\/uploads\/2016\/05\/maria-luisa-cordero.jpg?resize=400%2C263&amp;ssl=1 400w\" sizes=\"auto, (max-width: 530px) 100vw, 530px\" \/><\/a><figcaption id=\"caption-attachment-69426\" class=\"wp-caption-text\">La conocida Dra. Mar\u00eda Luisa Cordero estar\u00e1 compartiendo con socias e invitadas de Sanfecoop el pr\u00f3ximo martes 10 de mayo.<\/figcaption><\/figure>\n","protected":false},"excerpt":{"rendered":"<p>Una charla alusiva a la celebraci\u00f3n del D\u00eda de la Madre estar\u00e1 realizando la conocida Dra. Mar\u00eda Luisa Cordero en dependencias de la Cooperativa de Ahorro y Cr\u00e9dito Sanfecoop. La actividad tendr\u00e1&#8230;<\/p>\n","protected":false},"author":1,"featured_media":69426,"comment_status":"open","ping_status":"open","sticky":false,"template":"","format":"standard","meta":{"advanced_seo_description":"","jetpack_seo_html_title":"","jetpack_seo_noindex":false,"_jetpack_memberships_contains_paid_content":false,"footnotes":""},"categories":[1],"tags":[],"class_list":["post-69425","post","type-post","status-publish","format-standard","has-post-thumbnail","hentry","category-cronica"],"jetpack_featured_media_url":"https:\/\/i0.wp.com\/eltrabajo.cl\/portal\/wp-content\/uploads\/2016\/05\/maria-luisa-cordero.jpg?fit=530%2C348&ssl=1","jetpack_sharing_enabled":true,"jetpack_likes_enabled":true,"jetpack-related-posts":[],"_links":{"self":[{"href":"https:\/\/eltrabajo.cl\/portal\/wp-json\/wp\/v2\/posts\/69425","targetHints":{"allow":["GET"]}}],"collection":[{"href":"https:\/\/eltrabajo.cl\/portal\/wp-json\/wp\/v2\/posts"}],"about":[{"href":"https:\/\/eltrabajo.cl\/portal\/wp-json\/wp\/v2\/types\/post"}],"author":[{"embeddable":true,"href":"https:\/\/eltrabajo.cl\/portal\/wp-json\/wp\/v2\/users\/1"}],"replies":[{"embeddable":true,"href":"https:\/\/eltrabajo.cl\/portal\/wp-json\/wp\/v2\/comments?post=69425"}],"version-history":[{"count":0,"href":"https:\/\/eltrabajo.cl\/portal\/wp-json\/wp\/v2\/posts\/69425\/revisions"}],"wp:featuredmedia":[{"embeddable":true,"href":"https:\/\/eltrabajo.cl\/portal\/wp-json\/wp\/v2\/media\/69426"}],"wp:attachment":[{"href":"https:\/\/eltrabajo.cl\/portal\/wp-json\/wp\/v2\/media?parent=69425"}],"wp:term":[{"taxonomy":"category","embeddable":true,"href":"https:\/\/eltrabajo.cl\/portal\/wp-json\/wp\/v2\/categories?post=69425"},{"taxonomy":"post_tag","embeddable":true,"href":"https:\/\/eltrabajo.cl\/portal\/wp-json\/wp\/v2\/tags?post=69425"}],"curies":[{"name":"wp","href":"https:\/\/api.w.org\/{rel}","templated":true}]}}