{"id":69429,"date":"2016-05-05T09:12:39","date_gmt":"2016-05-05T12:12:39","guid":{"rendered":"http:\/\/www.eltrabajo.cl\/portal\/?p=69429"},"modified":"2016-05-05T09:12:39","modified_gmt":"2016-05-05T12:12:39","slug":"solo-60-de-poblacion-objetivo-se-ha-vacunado-contra-influenza-en-san-felipe","status":"publish","type":"post","link":"https:\/\/eltrabajo.cl\/portal\/solo-60-de-poblacion-objetivo-se-ha-vacunado-contra-influenza-en-san-felipe\/","title":{"rendered":"S\u00f3lo 60% de poblaci\u00f3n objetivo se ha vacunado contra Influenza en San Felipe"},"content":{"rendered":"<ul>\n<li><strong>A s\u00f3lo dos semanas del t\u00e9rmino de la campa\u00f1a que encabeza la Direcci\u00f3n de Salud Municipal, preocupa la baja cantidad de adultos mayores que se ha inmunizado contra la patolog\u00eda.<\/strong><\/li>\n<\/ul>\n<p>Alrededor de 15 d\u00edas restan para culminar con la campa\u00f1a de vacunaci\u00f3n contra la Influenza en los distintos Centros de Salud Familiar (Cesfam) de San Felipe y lamentablemente las cifras est\u00e1n muy lejos de las metas propuestas, preocupando principalmente la resistencia que han mostrado los adultos mayores para someterse a la inmunizaci\u00f3n.<br \/>\nAs\u00ed lo manifest\u00f3 la directora de Salud Municipal de San Felipe, Marcela Brito, quien detall\u00f3 que a medida que fueron pasando las semanas, el compromiso de los sanfelipe\u00f1os fue decayendo, particularmente el de los adultos mayores, grupo que s\u00f3lo llega a un 50 por ciento de inoculaci\u00f3n.<br \/>\n\u201cPartimos regio, con mucho entusiasmo, nuestras personas que est\u00e1n adhiriendo a estas estrategias p\u00fablicas de salud, partieron tempranamente en abril a vacunarse, ahora nos est\u00e1 quedando el residual de aquellas personas que se resisten un poquito y tenemos ah\u00ed una gran tarea\u201d, insisti\u00f3 Brito.<br \/>\nCabe recordar que los grupos llamados a inocularse son: las embarazadas con m\u00e1s de 15 semanas de gestaci\u00f3n, ni\u00f1os y ni\u00f1as entre los 6 meses y los 5 a\u00f1os, enfermos cr\u00f3nicos y adultos mayores, siendo este \u00faltimo grupo el que mayor inquietud preocupa.<br \/>\nAnte esto, la personera municipal reiter\u00f3 el llamado para que los vecinos mayores de 65 a\u00f1os eviten situaciones riesgosas, advirtiendo que \u201cvolvemos a hacer la invitaci\u00f3n a nuestros adultos mayores, s\u00f3lo hemos vacunado a un 50 por ciento de nuestra poblaci\u00f3n objetivo\u2026 finalmente ellos son los que m\u00e1s acuden al hospital y quedan hospitalizados por temas respiratorios de esta \u00edndole y muy complicados\u201d, sostuvo Brito.<br \/>\nSeg\u00fan la profesional, al tratarse de una enfermedad con s\u00edntomas muy parecidos a los de un resfr\u00edo com\u00fan, parte de la poblaci\u00f3n tiende a engendrar ciertos mitos respecto de la vacuna, lo que se transforma en una de las posibles razones para tan baja convocatoria.<br \/>\n\u201cHay ciertos paradigmas, donde muchas veces se dice: \u2018ah me vacun\u00e9 y a los tres d\u00edas ca\u00ed\u00b4, pero hay que aclarar que la vacuna es para combatir virus Influenza, que nos lleva a la bronconeumon\u00eda, al riesgo de morir y muchas veces ese riesgo se transforma en una muerte real\u201d, enfatiz\u00f3.<br \/>\nAdem\u00e1s de la inminente mortalidad que puede causar la patolog\u00eda, Brito agreg\u00f3 otro ingrediente importante como motivo para cumplir con la inoculaci\u00f3n. \u201cDebemos tener una mirada solidaria porque si yo me enfermo, te contagio a ti tambi\u00e9n, o sea esto es c\u00f3mo me tengo que cuidar para tambi\u00e9n cuidar a los otros, en los hogares hay ni\u00f1os tambi\u00e9n, tenemos que ser solidarios en estas estrategias de salud p\u00fablica\u201d, recalc\u00f3.<br \/>\nHasta el momento, considerando todos los grupos de riesgo, s\u00f3lo un 60 por ciento de la poblaci\u00f3n objetivo se ha vacunado en los distintos centros asistenciales de administraci\u00f3n municipal, muy lejos de las cerca de 13 mil personas que deben inocularse, lo cual constituye la meta final de un 90 por ciento de poblaci\u00f3n vacunada.<br \/>\nAnte este escenario, Marcela Brito no descart\u00f3 que la campa\u00f1a de vacunaci\u00f3n deba prolongarse, aunque a\u00f1adi\u00f3 que \u201cel virus ya anda rondando y la idea es estar inmunizado antes del per\u00edodo cr\u00edtico y de los fr\u00edos extremos, despu\u00e9s qu\u00e9 nos pasa con las horas m\u00e9dicas, en urgencias hay un gran n\u00famero de pacientes, este es un tema que debemos tratarlo entre todos con prevenci\u00f3n\u201d, sentenci\u00f3<br \/>\nLos establecimientos de la red de salud municipal que contin\u00faan con el proceso de vacunaci\u00f3n, son: Cesfam Curim\u00f3n, Cesfam Segismundo Iturra y adem\u00e1s se ha sumado como atenci\u00f3n primaria comunal, el Cesfam San Felipe El Real.<\/p>\n<figure id=\"attachment_69430\" aria-describedby=\"caption-attachment-69430\" style=\"width: 300px\" class=\"wp-caption alignleft\"><a href=\"http:\/\/www.eltrabajo.cl\/portal\/solo-60-de-poblacion-objetivo-se-ha-vacunado-contra-influenza-en-san-felipe\/marcela-brito-directora-salud-municipal-san-felipe\/\" rel=\"attachment wp-att-69430\"><img data-recalc-dims=\"1\" loading=\"lazy\" decoding=\"async\" class=\"size-medium wp-image-69430\" src=\"https:\/\/i0.wp.com\/www.eltrabajo.cl\/portal\/wp-content\/uploads\/2016\/05\/Marcela-Brito-Directora-Salud-Municipal-San-Felipe.-300x197.jpg?resize=300%2C197\" alt=\"Marcela Brito, Directora de Salud de la Municipalidad de San Felipe.\" width=\"300\" height=\"197\" srcset=\"https:\/\/i0.wp.com\/eltrabajo.cl\/portal\/wp-content\/uploads\/2016\/05\/Marcela-Brito-Directora-Salud-Municipal-San-Felipe..jpg?resize=300%2C197&amp;ssl=1 300w, https:\/\/i0.wp.com\/eltrabajo.cl\/portal\/wp-content\/uploads\/2016\/05\/Marcela-Brito-Directora-Salud-Municipal-San-Felipe..jpg?resize=200%2C131&amp;ssl=1 200w, https:\/\/i0.wp.com\/eltrabajo.cl\/portal\/wp-content\/uploads\/2016\/05\/Marcela-Brito-Directora-Salud-Municipal-San-Felipe..jpg?resize=228%2C150&amp;ssl=1 228w, https:\/\/i0.wp.com\/eltrabajo.cl\/portal\/wp-content\/uploads\/2016\/05\/Marcela-Brito-Directora-Salud-Municipal-San-Felipe..jpg?resize=400%2C263&amp;ssl=1 400w, https:\/\/i0.wp.com\/eltrabajo.cl\/portal\/wp-content\/uploads\/2016\/05\/Marcela-Brito-Directora-Salud-Municipal-San-Felipe..jpg?w=530&amp;ssl=1 530w\" sizes=\"auto, (max-width: 300px) 100vw, 300px\" \/><\/a><figcaption id=\"caption-attachment-69430\" class=\"wp-caption-text\">Marcela Brito, Directora de Salud de la Municipalidad de San Felipe.<\/figcaption><\/figure>\n","protected":false},"excerpt":{"rendered":"<p>A s\u00f3lo dos semanas del t\u00e9rmino de la campa\u00f1a que encabeza la Direcci\u00f3n de Salud Municipal, preocupa la baja cantidad de adultos mayores que se ha inmunizado contra la patolog\u00eda. Alrededor de&#8230;<\/p>\n","protected":false},"author":1,"featured_media":69430,"comment_status":"open","ping_status":"open","sticky":false,"template":"","format":"standard","meta":{"advanced_seo_description":"","jetpack_seo_html_title":"","jetpack_seo_noindex":false,"_jetpack_memberships_contains_paid_content":false,"footnotes":""},"categories":[1],"tags":[],"class_list":["post-69429","post","type-post","status-publish","format-standard","has-post-thumbnail","hentry","category-cronica"],"jetpack_featured_media_url":"https:\/\/i0.wp.com\/eltrabajo.cl\/portal\/wp-content\/uploads\/2016\/05\/Marcela-Brito-Directora-Salud-Municipal-San-Felipe..jpg?fit=530%2C348&ssl=1","jetpack_sharing_enabled":true,"jetpack_likes_enabled":true,"jetpack-related-posts":[],"_links":{"self":[{"href":"https:\/\/eltrabajo.cl\/portal\/wp-json\/wp\/v2\/posts\/69429","targetHints":{"allow":["GET"]}}],"collection":[{"href":"https:\/\/eltrabajo.cl\/portal\/wp-json\/wp\/v2\/posts"}],"about":[{"href":"https:\/\/eltrabajo.cl\/portal\/wp-json\/wp\/v2\/types\/post"}],"author":[{"embeddable":true,"href":"https:\/\/eltrabajo.cl\/portal\/wp-json\/wp\/v2\/users\/1"}],"replies":[{"embeddable":true,"href":"https:\/\/eltrabajo.cl\/portal\/wp-json\/wp\/v2\/comments?post=69429"}],"version-history":[{"count":0,"href":"https:\/\/eltrabajo.cl\/portal\/wp-json\/wp\/v2\/posts\/69429\/revisions"}],"wp:featuredmedia":[{"embeddable":true,"href":"https:\/\/eltrabajo.cl\/portal\/wp-json\/wp\/v2\/media\/69430"}],"wp:attachment":[{"href":"https:\/\/eltrabajo.cl\/portal\/wp-json\/wp\/v2\/media?parent=69429"}],"wp:term":[{"taxonomy":"category","embeddable":true,"href":"https:\/\/eltrabajo.cl\/portal\/wp-json\/wp\/v2\/categories?post=69429"},{"taxonomy":"post_tag","embeddable":true,"href":"https:\/\/eltrabajo.cl\/portal\/wp-json\/wp\/v2\/tags?post=69429"}],"curies":[{"name":"wp","href":"https:\/\/api.w.org\/{rel}","templated":true}]}}