{"id":69433,"date":"2016-05-05T09:15:18","date_gmt":"2016-05-05T12:15:18","guid":{"rendered":"http:\/\/www.eltrabajo.cl\/portal\/?p=69433"},"modified":"2016-05-05T09:15:18","modified_gmt":"2016-05-05T12:15:18","slug":"parte-campana-de-recoleccion-de-ropa-para-los-mas-desvalidos-de-la-ciudad","status":"publish","type":"post","link":"https:\/\/eltrabajo.cl\/portal\/parte-campana-de-recoleccion-de-ropa-para-los-mas-desvalidos-de-la-ciudad\/","title":{"rendered":"Parte campa\u00f1a de recolecci\u00f3n de ropa para los m\u00e1s desvalidos de la ciudad"},"content":{"rendered":"<p><strong>LOS ANDES.-<\/strong> La agrupaci\u00f3n representada por Patricia G\u00f3mez Jofr\u00e9 denominada \u2018Amigos An\u00f3nimos\u2019 comenzar\u00e1n una cruzada donde la funci\u00f3n principal ser\u00e1 recolectar ropa de abrigo para en situaci\u00f3n de calle de la ciudad de Los Andes.<br \/>\nPatricia G\u00f3mez Jofr\u00e9, Vocera de la agrupaci\u00f3n, indic\u00f3 \u00abla idea es recolectar la mayor cantidad de ropa en desuso, la cual nosotros reciclamos y transformamos en frazadas. No importa que la ropa est\u00e9 rota, ya que la cortamos en cuadrados y las unimos\u00bb.<br \/>\nLa vocera dijo que en total, son 10 las voluntarias que est\u00e1n trabajando en esta labor solidaria que implica tambi\u00e9n la entrega de alimentos calientes a las personas indigentes durante el invierno.<br \/>\nAfirm\u00f3, que la mayor\u00eda de estas personas se ubican en la avenida Argentina, el galp\u00f3n de Fepasa (exmaestranza del FF.CC. Trasandino) y a la orilla del r\u00edo.<br \/>\n\u00ab A parte de las frazadas y la comida, este a\u00f1o tambi\u00e9n hicimos almohadas, porque ellos no ten\u00edan donde apoyar su cabecita para dormir, pero la idea de nuestro grupo es lograr que ellos se valoren, porque son personas, son seres humanos\u00bb, expres\u00f3.<br \/>\nPatricia G\u00f3mez, se\u00f1al\u00f3 que ellos tienen registrado a 42 personas en situaci\u00f3n de calle o indigencia en la ciudad de Los Andes, \u00abpero ellos son como las golondrinas, porque no siempre est\u00e1n en el mismo lugar y tampoco de ciudad, adem\u00e1s que marcan su territorio y entre ellos son muy unidos y no permiten a gente de otros grupos\u00bb.<br \/>\nLa vocera, llam\u00f3 a la comunidad a colaborar con esta campa\u00f1a que no solamente implica ropa, sino que tambi\u00e9n pueden ser s\u00e1banas o cortinas, las cuales pueden ser llevadas a la sede de la \u2018Uni\u00f3n Comunal en avenida Carlos D\u00edaz\u2019.<br \/>\nAclar\u00f3, que su grupo no pide dinero bajo ninguna modalidad, aludiendo que \u00abhay gente que pide plata por tel\u00e9fono a nombre de nuestra agrupaci\u00f3n\u00bb.<\/p>\n<figure id=\"attachment_69434\" aria-describedby=\"caption-attachment-69434\" style=\"width: 530px\" class=\"wp-caption alignleft\"><a href=\"http:\/\/www.eltrabajo.cl\/portal\/parte-campana-de-recoleccion-de-ropa-para-los-mas-desvalidos-de-la-ciudad\/frazadas2\/\" rel=\"attachment wp-att-69434\"><img data-recalc-dims=\"1\" loading=\"lazy\" decoding=\"async\" class=\"size-full wp-image-69434\" src=\"https:\/\/i0.wp.com\/www.eltrabajo.cl\/portal\/wp-content\/uploads\/2016\/05\/frazadas2.jpg?resize=530%2C348\" alt=\"\u00abLa idea es recolectar la mayor cantidad de ropa en desuso, la cual nosotros reciclamos y transformamos en frazadas. No importa que la ropa est\u00e9 rota, ya que la cortamos en cuadrados y las unimos\u00bb.\" width=\"530\" height=\"348\" srcset=\"https:\/\/i0.wp.com\/eltrabajo.cl\/portal\/wp-content\/uploads\/2016\/05\/frazadas2.jpg?w=530&amp;ssl=1 530w, https:\/\/i0.wp.com\/eltrabajo.cl\/portal\/wp-content\/uploads\/2016\/05\/frazadas2.jpg?resize=200%2C131&amp;ssl=1 200w, https:\/\/i0.wp.com\/eltrabajo.cl\/portal\/wp-content\/uploads\/2016\/05\/frazadas2.jpg?resize=300%2C197&amp;ssl=1 300w, https:\/\/i0.wp.com\/eltrabajo.cl\/portal\/wp-content\/uploads\/2016\/05\/frazadas2.jpg?resize=228%2C150&amp;ssl=1 228w, https:\/\/i0.wp.com\/eltrabajo.cl\/portal\/wp-content\/uploads\/2016\/05\/frazadas2.jpg?resize=400%2C263&amp;ssl=1 400w\" sizes=\"auto, (max-width: 530px) 100vw, 530px\" \/><\/a><figcaption id=\"caption-attachment-69434\" class=\"wp-caption-text\">\u00abLa idea es recolectar la mayor cantidad de ropa en desuso, la cual nosotros reciclamos y transformamos en frazadas. No importa que la ropa est\u00e9 rota, ya que la cortamos en cuadrados y las unimos\u00bb.<\/figcaption><\/figure>\n<figure id=\"attachment_69435\" aria-describedby=\"caption-attachment-69435\" style=\"width: 530px\" class=\"wp-caption alignleft\"><a href=\"http:\/\/www.eltrabajo.cl\/portal\/parte-campana-de-recoleccion-de-ropa-para-los-mas-desvalidos-de-la-ciudad\/frazadas1\/\" rel=\"attachment wp-att-69435\"><img data-recalc-dims=\"1\" loading=\"lazy\" decoding=\"async\" class=\"size-full wp-image-69435\" src=\"https:\/\/i0.wp.com\/www.eltrabajo.cl\/portal\/wp-content\/uploads\/2016\/05\/frazadas1.jpg?resize=530%2C348\" alt=\"Son 10 las voluntarias que est\u00e1n trabajando en esta labor solidaria que implica tambi\u00e9n la entrega de alimentos calientes a las personas indigentes durante el invierno\" width=\"530\" height=\"348\" srcset=\"https:\/\/i0.wp.com\/eltrabajo.cl\/portal\/wp-content\/uploads\/2016\/05\/frazadas1.jpg?w=530&amp;ssl=1 530w, https:\/\/i0.wp.com\/eltrabajo.cl\/portal\/wp-content\/uploads\/2016\/05\/frazadas1.jpg?resize=200%2C131&amp;ssl=1 200w, https:\/\/i0.wp.com\/eltrabajo.cl\/portal\/wp-content\/uploads\/2016\/05\/frazadas1.jpg?resize=300%2C197&amp;ssl=1 300w, https:\/\/i0.wp.com\/eltrabajo.cl\/portal\/wp-content\/uploads\/2016\/05\/frazadas1.jpg?resize=228%2C150&amp;ssl=1 228w, https:\/\/i0.wp.com\/eltrabajo.cl\/portal\/wp-content\/uploads\/2016\/05\/frazadas1.jpg?resize=400%2C263&amp;ssl=1 400w\" sizes=\"auto, (max-width: 530px) 100vw, 530px\" \/><\/a><figcaption id=\"caption-attachment-69435\" class=\"wp-caption-text\">Son 10 las voluntarias que est\u00e1n trabajando en esta labor solidaria que implica tambi\u00e9n la entrega de alimentos calientes a las personas indigentes durante el invierno<\/figcaption><\/figure>\n","protected":false},"excerpt":{"rendered":"<p>LOS ANDES.- La agrupaci\u00f3n representada por Patricia G\u00f3mez Jofr\u00e9 denominada \u2018Amigos An\u00f3nimos\u2019 comenzar\u00e1n una cruzada donde la funci\u00f3n principal ser\u00e1 recolectar ropa de abrigo para en situaci\u00f3n de calle de la ciudad&#8230;<\/p>\n","protected":false},"author":1,"featured_media":69435,"comment_status":"open","ping_status":"open","sticky":false,"template":"","format":"standard","meta":{"advanced_seo_description":"","jetpack_seo_html_title":"","jetpack_seo_noindex":false,"_jetpack_memberships_contains_paid_content":false,"footnotes":""},"categories":[1],"tags":[],"class_list":["post-69433","post","type-post","status-publish","format-standard","has-post-thumbnail","hentry","category-cronica"],"jetpack_featured_media_url":"https:\/\/i0.wp.com\/eltrabajo.cl\/portal\/wp-content\/uploads\/2016\/05\/frazadas1.jpg?fit=530%2C348&ssl=1","jetpack_sharing_enabled":true,"jetpack_likes_enabled":true,"jetpack-related-posts":[],"_links":{"self":[{"href":"https:\/\/eltrabajo.cl\/portal\/wp-json\/wp\/v2\/posts\/69433","targetHints":{"allow":["GET"]}}],"collection":[{"href":"https:\/\/eltrabajo.cl\/portal\/wp-json\/wp\/v2\/posts"}],"about":[{"href":"https:\/\/eltrabajo.cl\/portal\/wp-json\/wp\/v2\/types\/post"}],"author":[{"embeddable":true,"href":"https:\/\/eltrabajo.cl\/portal\/wp-json\/wp\/v2\/users\/1"}],"replies":[{"embeddable":true,"href":"https:\/\/eltrabajo.cl\/portal\/wp-json\/wp\/v2\/comments?post=69433"}],"version-history":[{"count":0,"href":"https:\/\/eltrabajo.cl\/portal\/wp-json\/wp\/v2\/posts\/69433\/revisions"}],"wp:featuredmedia":[{"embeddable":true,"href":"https:\/\/eltrabajo.cl\/portal\/wp-json\/wp\/v2\/media\/69435"}],"wp:attachment":[{"href":"https:\/\/eltrabajo.cl\/portal\/wp-json\/wp\/v2\/media?parent=69433"}],"wp:term":[{"taxonomy":"category","embeddable":true,"href":"https:\/\/eltrabajo.cl\/portal\/wp-json\/wp\/v2\/categories?post=69433"},{"taxonomy":"post_tag","embeddable":true,"href":"https:\/\/eltrabajo.cl\/portal\/wp-json\/wp\/v2\/tags?post=69433"}],"curies":[{"name":"wp","href":"https:\/\/api.w.org\/{rel}","templated":true}]}}