{"id":69438,"date":"2016-05-05T09:17:59","date_gmt":"2016-05-05T12:17:59","guid":{"rendered":"http:\/\/www.eltrabajo.cl\/portal\/?p=69438"},"modified":"2016-05-05T09:18:00","modified_gmt":"2016-05-05T12:18:00","slug":"jardin-infantil-sol-naciente-continua-mejorando-sus-metodologias","status":"publish","type":"post","link":"https:\/\/eltrabajo.cl\/portal\/jardin-infantil-sol-naciente-continua-mejorando-sus-metodologias\/","title":{"rendered":"Jard\u00edn infantil Sol Naciente contin\u00faa mejorando sus metodolog\u00edas"},"content":{"rendered":"<p>Como una manera de continuar avanzando en materia educacional en la etapa inicial de los ni\u00f1os y ni\u00f1as de la comuna de San Felipe, el jard\u00edn infantil Sol Naciente, ubicado en la villa 250 A\u00f1os, est\u00e1 desarrollando diferentes metodolog\u00edas tendientes a fortalecer los procesos del aprendizaje.<br \/>\nEs por esta raz\u00f3n que el establecimiento desde marzo hasta finales del mes de abril, realiz\u00f3 el periodo de adaptaci\u00f3n de ni\u00f1os y ni\u00f1as, comenzando ya desde el mes de mayo con la respectiva evaluaci\u00f3n diagn\u00f3stica, con la finalidad de modernizar lo que tenga relaci\u00f3n con materias de educaci\u00f3n, involucrando mucho m\u00e1s a las familias de manera colaborativa, para as\u00ed garantizar los buenos resultados.<br \/>\nSobre este proceso, Carol Vivanco, directora del establecimiento, destac\u00f3 los positivos avances en materia de desarrollo e inclusividad, se\u00f1alando que \u00abqueremos cambiar la imagen que los apoderados tienen de esta etapa del aprendizaje, que no lo vean como algo asistencial, sino que resalten el valor desde lo pedag\u00f3gico, por lo tanto el desaf\u00edo es a que vivan en profundidad la experiencia educativa, pudiendo opinar de lo que quieran y esperen para sus hijos e hijas, y nosotras transformarlo en avances cognitivos de manera curricular. Actualmente estamos con ni\u00f1os de diferentes puntos de nuestra comuna, los que hoy nos prefieren, y eso de verdad que nos tiene muy contentas\u00bb.<br \/>\nLa directora adem\u00e1s explic\u00f3 que prontamente esperan incorporar el juego como materia de aprendizaje y que principalmente los ni\u00f1os y ni\u00f1as lo pasen bien, todo con una finalidad de obtener buenos resultados pedag\u00f3gicos.<br \/>\n\u00abQue los ni\u00f1os se sientan a gusto y motivados, para de esta forma hacer crecer la necesidad de asistir todos los d\u00edas, ya que en esta etapa est\u00e1n receptivos a los est\u00edmulos, y positivamente queremos insertar el aprendizaje constante, y como desaf\u00edo es que nuestro jard\u00edn debe ser el lugar en donde los ni\u00f1os y ni\u00f1as encuentren una alternativa distinta, entretenida, pero fundamentalmente rodeados de mucho amor, y en ese sentido nuestro equipo est\u00e1 muy motivado, por lo que empezamos a trabajar a partir de las ocho de la ma\u00f1ana para las mam\u00e1s que trabajan hasta las diecinueve horas, apuntando a una educaci\u00f3n de calidad\u00bb.<br \/>\nEn la actualidad, el establecimiento cuenta con una matr\u00edcula de noventa y seis ni\u00f1os y ni\u00f1as, distribuidos en los niveles sala cuna menor y mayor, medio menor y medio mayor, con una dotaci\u00f3n de diecisiete funcionarios, incluido un auxiliar de servicio, m\u00e1s las manipuladoras de alimentos.<\/p>\n<p><a href=\"http:\/\/www.eltrabajo.cl\/portal\/jardin-infantil-sol-naciente-continua-mejorando-sus-metodologias\/jardin-sol-naciente2\/\" rel=\"attachment wp-att-69440\"><img data-recalc-dims=\"1\" loading=\"lazy\" decoding=\"async\" class=\"alignleft size-full wp-image-69440\" src=\"https:\/\/i0.wp.com\/www.eltrabajo.cl\/portal\/wp-content\/uploads\/2016\/05\/jardin-sol-naciente2.jpg?resize=530%2C350\" alt=\"jardin sol naciente2\" width=\"530\" height=\"350\" srcset=\"https:\/\/i0.wp.com\/eltrabajo.cl\/portal\/wp-content\/uploads\/2016\/05\/jardin-sol-naciente2.jpg?w=530&amp;ssl=1 530w, https:\/\/i0.wp.com\/eltrabajo.cl\/portal\/wp-content\/uploads\/2016\/05\/jardin-sol-naciente2.jpg?resize=200%2C132&amp;ssl=1 200w, https:\/\/i0.wp.com\/eltrabajo.cl\/portal\/wp-content\/uploads\/2016\/05\/jardin-sol-naciente2.jpg?resize=300%2C198&amp;ssl=1 300w, https:\/\/i0.wp.com\/eltrabajo.cl\/portal\/wp-content\/uploads\/2016\/05\/jardin-sol-naciente2.jpg?resize=227%2C150&amp;ssl=1 227w, https:\/\/i0.wp.com\/eltrabajo.cl\/portal\/wp-content\/uploads\/2016\/05\/jardin-sol-naciente2.jpg?resize=400%2C264&amp;ssl=1 400w\" sizes=\"auto, (max-width: 530px) 100vw, 530px\" \/><\/a><\/p>\n","protected":false},"excerpt":{"rendered":"<p>Como una manera de continuar avanzando en materia educacional en la etapa inicial de los ni\u00f1os y ni\u00f1as de la comuna de San Felipe, el jard\u00edn infantil Sol Naciente, ubicado en la&#8230;<\/p>\n","protected":false},"author":1,"featured_media":69440,"comment_status":"open","ping_status":"open","sticky":false,"template":"","format":"standard","meta":{"advanced_seo_description":"","jetpack_seo_html_title":"","jetpack_seo_noindex":false,"_jetpack_memberships_contains_paid_content":false,"footnotes":""},"categories":[1],"tags":[],"class_list":["post-69438","post","type-post","status-publish","format-standard","has-post-thumbnail","hentry","category-cronica"],"jetpack_featured_media_url":"https:\/\/i0.wp.com\/eltrabajo.cl\/portal\/wp-content\/uploads\/2016\/05\/jardin-sol-naciente2.jpg?fit=530%2C350&ssl=1","jetpack_sharing_enabled":true,"jetpack_likes_enabled":true,"jetpack-related-posts":[],"_links":{"self":[{"href":"https:\/\/eltrabajo.cl\/portal\/wp-json\/wp\/v2\/posts\/69438","targetHints":{"allow":["GET"]}}],"collection":[{"href":"https:\/\/eltrabajo.cl\/portal\/wp-json\/wp\/v2\/posts"}],"about":[{"href":"https:\/\/eltrabajo.cl\/portal\/wp-json\/wp\/v2\/types\/post"}],"author":[{"embeddable":true,"href":"https:\/\/eltrabajo.cl\/portal\/wp-json\/wp\/v2\/users\/1"}],"replies":[{"embeddable":true,"href":"https:\/\/eltrabajo.cl\/portal\/wp-json\/wp\/v2\/comments?post=69438"}],"version-history":[{"count":0,"href":"https:\/\/eltrabajo.cl\/portal\/wp-json\/wp\/v2\/posts\/69438\/revisions"}],"wp:featuredmedia":[{"embeddable":true,"href":"https:\/\/eltrabajo.cl\/portal\/wp-json\/wp\/v2\/media\/69440"}],"wp:attachment":[{"href":"https:\/\/eltrabajo.cl\/portal\/wp-json\/wp\/v2\/media?parent=69438"}],"wp:term":[{"taxonomy":"category","embeddable":true,"href":"https:\/\/eltrabajo.cl\/portal\/wp-json\/wp\/v2\/categories?post=69438"},{"taxonomy":"post_tag","embeddable":true,"href":"https:\/\/eltrabajo.cl\/portal\/wp-json\/wp\/v2\/tags?post=69438"}],"curies":[{"name":"wp","href":"https:\/\/api.w.org\/{rel}","templated":true}]}}