{"id":69452,"date":"2016-05-05T09:28:45","date_gmt":"2016-05-05T12:28:45","guid":{"rendered":"http:\/\/www.eltrabajo.cl\/portal\/?p=69452"},"modified":"2016-05-05T09:28:45","modified_gmt":"2016-05-05T12:28:45","slug":"cesfam-curimon-celebro-27-anos-de-cuidar-de-la-salud-de-sus-usuarios","status":"publish","type":"post","link":"https:\/\/eltrabajo.cl\/portal\/cesfam-curimon-celebro-27-anos-de-cuidar-de-la-salud-de-sus-usuarios\/","title":{"rendered":"Cesfam Curim\u00f3n celebr\u00f3 27 a\u00f1os de cuidar de la salud de sus usuarios"},"content":{"rendered":"<ul>\n<li><strong>Alcalde Freire anunci\u00f3 la construcci\u00f3n de un nuevo centro de salud:<\/strong><\/li>\n<\/ul>\n<p>La efervescente gala del 27\u00ba aniversario del Cesfam Curim\u00f3n que se realiz\u00f3 ayer mi\u00e9rcoles, simplemente no pudo ser mejor celebrada, ya que a la cita llegaron autoridades municipales, de Salud y muchos usuarios vinculados al centro m\u00e9dico municipalizado de nuestra provincia.<br \/>\nFue una actividad muy c\u00e1lida, en donde s\u00f3lo palabras de elogio se escucharon para la labor de los 32 funcionarios de planta y doce con contrato a honorarios, quienes a lo largo de este a\u00f1o y bajo la direcci\u00f3n de la matrona Jenny Henr\u00edquez como directora, han atendido todas las necesidades en salud de los vecinos de Bucalemu, Tierras Blancas, Curim\u00f3n centro y de San Rafael.<\/p>\n<p><strong>CUENTAS CLARAS<\/strong><br \/>\n\u00abQuiero hacer p\u00fablico algunos logros obtenidos en 2015, entre ellos puedo citar que nuestro Cesfam tenemos el primer lugar del ranking nacional en Atenci\u00f3n al Usuario, encuesta que anualmente realiza el Ministerio de Salud\u00bb, dijo Henr\u00edquez.<br \/>\nLa destacada funcionaria tambi\u00e9n aprovech\u00f3 para rendir un detallado informe operativo de las actividades de su equipo de profesionales. \u00abEn el \u00faltimo a\u00f1o realizamos 793 visitas domiciliaras; 6.614 consultas por morbilidad; 3.102 controles de salud cardiovascular; 974 controles No cardiovasculares; 62 ni\u00f1os ingresados a control; 868 solicitudes de interconsulta m\u00e9dica; 4.242 urgencias dentales; y 172 Altas dentales especiales\u00bb, detall\u00f3 Jenny Henr\u00edquez.<br \/>\nTambi\u00e9n la funcionaria hizo un llamado directo a los usuarios de este Cesfam, en el sentido de cumplir con las mismas citas que ellos solicitan, ya que seg\u00fan explic\u00f3, \u00aben 2015 el porcentaje de inasistencia general alcanz\u00f3 un 20,6%, ya que de 42.069 citaciones tramitadas, 8.568 no asistieron, mientras que 33.411 efectivamente s\u00ed asistieron\u00bb, inform\u00f3 Henr\u00edquez.<\/p>\n<p><strong>NUEVO CESFAM<\/strong><br \/>\nPor su parte el alcalde Patricio Freire, fue emotivo al referirse a estos 27 a\u00f1os del Cesfam Curim\u00f3n, \u00abhace pocos d\u00edas la directora del Servicio de Salud Aconcagua, Dra. Vilma Olave, me confirm\u00f3 el inicio del dise\u00f1o de ingenier\u00eda del proyecto de un nuevo Cesfam para Curim\u00f3n. Este nuevo recinto contar\u00e1 con las condiciones necesarias para atender de mejor manera a los m\u00e1s de 6.000 usuarios de este centro de salud familiar\u00bb, coment\u00f3 Freire.<\/p>\n<p><strong>USUARIOS<\/strong><br \/>\nDiario El Trabajo habl\u00f3 con varios usuarios de este centro de salud, quienes expresaron estar satisfechos con la atenci\u00f3n recibida a lo largo del tiempo.<br \/>\nJos\u00e9 General, 73 a\u00f1os: \u00abMe han atendido siempre bien. Ya soy como de la casa. Todo aqu\u00ed es positivo y espero poder llegar a usar ese nuevo Cesfam que est\u00e1n ya anunciando\u00bb.<br \/>\nFresia Soto, 71 a\u00f1os: \u00ablas ni\u00f1as del Cesfam me tratan muy bien, al psic\u00f3logo le doy un 7, todos estamos contentos con el trato y servicio en salud que recibimos\u00bb.<\/p>\n<p><strong>LOS PROGRAMAS<\/strong><br \/>\nLos programas que est\u00e1n disponibles para los usuarios de este Cesfam municipalizado son: Infantil; Salud integral de j\u00f3venes y adolescentes; Salud cardiovascular; Adulto Mayor; de la Mujer; salud oral; Salud mental; Salud familiar; Atenci\u00f3n a pacientes con dependencia severa; Nacional de inmunizaci\u00f3n; Vida sana; Chile crece contigo y otros. Este Cesfam es administrado por el Municipio desde el 4 de mayo de 1989, cuando el MOP V Regi\u00f3n lo entreg\u00f3 a nuestras autoridades.<br \/>\nRoberto Gonz\u00e1lez Short<br \/>\nrgonzalez@eltrabajo.cl<\/p>\n<figure id=\"attachment_69453\" aria-describedby=\"caption-attachment-69453\" style=\"width: 530px\" class=\"wp-caption alignleft\"><a href=\"http:\/\/www.eltrabajo.cl\/portal\/cesfam-curimon-celebro-27-anos-de-cuidar-de-la-salud-de-sus-usuarios\/premiacion1\/\" rel=\"attachment wp-att-69453\"><img data-recalc-dims=\"1\" loading=\"lazy\" decoding=\"async\" class=\"size-full wp-image-69453\" src=\"https:\/\/i0.wp.com\/www.eltrabajo.cl\/portal\/wp-content\/uploads\/2016\/05\/Premiacion1.jpg?resize=530%2C350\" alt=\"FUNCIONARIA DESTACADA.- Patricia Alderete Valladares, una de las funcionarias premiadas por su compromiso con este centro de salud.\" width=\"530\" height=\"350\" srcset=\"https:\/\/i0.wp.com\/eltrabajo.cl\/portal\/wp-content\/uploads\/2016\/05\/Premiacion1.jpg?w=530&amp;ssl=1 530w, https:\/\/i0.wp.com\/eltrabajo.cl\/portal\/wp-content\/uploads\/2016\/05\/Premiacion1.jpg?resize=200%2C132&amp;ssl=1 200w, https:\/\/i0.wp.com\/eltrabajo.cl\/portal\/wp-content\/uploads\/2016\/05\/Premiacion1.jpg?resize=300%2C198&amp;ssl=1 300w, https:\/\/i0.wp.com\/eltrabajo.cl\/portal\/wp-content\/uploads\/2016\/05\/Premiacion1.jpg?resize=227%2C150&amp;ssl=1 227w, https:\/\/i0.wp.com\/eltrabajo.cl\/portal\/wp-content\/uploads\/2016\/05\/Premiacion1.jpg?resize=400%2C264&amp;ssl=1 400w\" sizes=\"auto, (max-width: 530px) 100vw, 530px\" \/><\/a><figcaption id=\"caption-attachment-69453\" class=\"wp-caption-text\">FUNCIONARIA DESTACADA.- Patricia Alderete Valladares, una de las funcionarias premiadas por su compromiso con este centro de salud.<\/figcaption><\/figure>\n<figure id=\"attachment_69454\" aria-describedby=\"caption-attachment-69454\" style=\"width: 530px\" class=\"wp-caption alignleft\"><a href=\"http:\/\/www.eltrabajo.cl\/portal\/cesfam-curimon-celebro-27-anos-de-cuidar-de-la-salud-de-sus-usuarios\/usuarios1-3\/\" rel=\"attachment wp-att-69454\"><img data-recalc-dims=\"1\" loading=\"lazy\" decoding=\"async\" class=\"size-full wp-image-69454\" src=\"https:\/\/i0.wp.com\/www.eltrabajo.cl\/portal\/wp-content\/uploads\/2016\/05\/Usuarios1.jpg?resize=530%2C350\" alt=\"USUARIOS FELICES.- Muchos de los usuarios de este centro de salud llegaron para celebrar en grande el aniversario de esta \u2018casa de todos\u2019.\" width=\"530\" height=\"350\" srcset=\"https:\/\/i0.wp.com\/eltrabajo.cl\/portal\/wp-content\/uploads\/2016\/05\/Usuarios1.jpg?w=530&amp;ssl=1 530w, https:\/\/i0.wp.com\/eltrabajo.cl\/portal\/wp-content\/uploads\/2016\/05\/Usuarios1.jpg?resize=200%2C132&amp;ssl=1 200w, https:\/\/i0.wp.com\/eltrabajo.cl\/portal\/wp-content\/uploads\/2016\/05\/Usuarios1.jpg?resize=300%2C198&amp;ssl=1 300w, https:\/\/i0.wp.com\/eltrabajo.cl\/portal\/wp-content\/uploads\/2016\/05\/Usuarios1.jpg?resize=227%2C150&amp;ssl=1 227w, https:\/\/i0.wp.com\/eltrabajo.cl\/portal\/wp-content\/uploads\/2016\/05\/Usuarios1.jpg?resize=400%2C264&amp;ssl=1 400w\" sizes=\"auto, (max-width: 530px) 100vw, 530px\" \/><\/a><figcaption id=\"caption-attachment-69454\" class=\"wp-caption-text\">USUARIOS FELICES.- Muchos de los usuarios de este centro de salud llegaron para celebrar en grande el aniversario de esta \u2018casa de todos\u2019.<\/figcaption><\/figure>\n<figure id=\"attachment_69455\" aria-describedby=\"caption-attachment-69455\" style=\"width: 530px\" class=\"wp-caption alignleft\"><a href=\"http:\/\/www.eltrabajo.cl\/portal\/cesfam-curimon-celebro-27-anos-de-cuidar-de-la-salud-de-sus-usuarios\/curimon1-6\/\" rel=\"attachment wp-att-69455\"><img data-recalc-dims=\"1\" loading=\"lazy\" decoding=\"async\" class=\"size-full wp-image-69455\" src=\"https:\/\/i0.wp.com\/www.eltrabajo.cl\/portal\/wp-content\/uploads\/2016\/05\/Curimon1.jpg?resize=530%2C350\" alt=\"CESFAM DE CUMPLE.- Posan para Diario El Trabajo parte del personal que atiende este Cesfam, el que ya cumpli\u00f3 27 a\u00f1os de cuidar de la salud de sus usuarios.\" width=\"530\" height=\"350\" srcset=\"https:\/\/i0.wp.com\/eltrabajo.cl\/portal\/wp-content\/uploads\/2016\/05\/Curimon1.jpg?w=530&amp;ssl=1 530w, https:\/\/i0.wp.com\/eltrabajo.cl\/portal\/wp-content\/uploads\/2016\/05\/Curimon1.jpg?resize=200%2C132&amp;ssl=1 200w, https:\/\/i0.wp.com\/eltrabajo.cl\/portal\/wp-content\/uploads\/2016\/05\/Curimon1.jpg?resize=300%2C198&amp;ssl=1 300w, https:\/\/i0.wp.com\/eltrabajo.cl\/portal\/wp-content\/uploads\/2016\/05\/Curimon1.jpg?resize=227%2C150&amp;ssl=1 227w, https:\/\/i0.wp.com\/eltrabajo.cl\/portal\/wp-content\/uploads\/2016\/05\/Curimon1.jpg?resize=400%2C264&amp;ssl=1 400w\" sizes=\"auto, (max-width: 530px) 100vw, 530px\" \/><\/a><figcaption id=\"caption-attachment-69455\" class=\"wp-caption-text\">CESFAM DE CUMPLE.- Posan para Diario El Trabajo parte del personal que atiende este Cesfam, el que ya cumpli\u00f3 27 a\u00f1os de cuidar de la salud de sus usuarios.<\/figcaption><\/figure>\n<figure id=\"attachment_69456\" aria-describedby=\"caption-attachment-69456\" style=\"width: 300px\" class=\"wp-caption alignleft\"><a href=\"http:\/\/www.eltrabajo.cl\/portal\/cesfam-curimon-celebro-27-anos-de-cuidar-de-la-salud-de-sus-usuarios\/fresia-soto\/\" rel=\"attachment wp-att-69456\"><img data-recalc-dims=\"1\" loading=\"lazy\" decoding=\"async\" class=\"size-medium wp-image-69456\" src=\"https:\/\/i0.wp.com\/www.eltrabajo.cl\/portal\/wp-content\/uploads\/2016\/05\/Fresia-Soto-300x198.jpg?resize=300%2C198\" alt=\"Fresia Soto, 71 a\u00f1os, asegura que se siente \u2018como en su casa\u2019 cuando es atendida por los profesionales de salud.\" width=\"300\" height=\"198\" srcset=\"https:\/\/i0.wp.com\/eltrabajo.cl\/portal\/wp-content\/uploads\/2016\/05\/Fresia-Soto.jpg?resize=300%2C198&amp;ssl=1 300w, https:\/\/i0.wp.com\/eltrabajo.cl\/portal\/wp-content\/uploads\/2016\/05\/Fresia-Soto.jpg?resize=200%2C132&amp;ssl=1 200w, https:\/\/i0.wp.com\/eltrabajo.cl\/portal\/wp-content\/uploads\/2016\/05\/Fresia-Soto.jpg?resize=228%2C150&amp;ssl=1 228w, https:\/\/i0.wp.com\/eltrabajo.cl\/portal\/wp-content\/uploads\/2016\/05\/Fresia-Soto.jpg?resize=400%2C263&amp;ssl=1 400w, https:\/\/i0.wp.com\/eltrabajo.cl\/portal\/wp-content\/uploads\/2016\/05\/Fresia-Soto.jpg?w=530&amp;ssl=1 530w\" sizes=\"auto, (max-width: 300px) 100vw, 300px\" \/><\/a><figcaption id=\"caption-attachment-69456\" class=\"wp-caption-text\">Fresia Soto, 71 a\u00f1os, asegura que se siente \u2018como en su casa\u2019 cuando es atendida por los profesionales de salud.<\/figcaption><\/figure>\n<figure id=\"attachment_69457\" aria-describedby=\"caption-attachment-69457\" style=\"width: 300px\" class=\"wp-caption alignleft\"><a href=\"http:\/\/www.eltrabajo.cl\/portal\/cesfam-curimon-celebro-27-anos-de-cuidar-de-la-salud-de-sus-usuarios\/jenny-henriquez-4\/\" rel=\"attachment wp-att-69457\"><img data-recalc-dims=\"1\" loading=\"lazy\" decoding=\"async\" class=\"size-medium wp-image-69457\" src=\"https:\/\/i0.wp.com\/www.eltrabajo.cl\/portal\/wp-content\/uploads\/2016\/05\/Jenny-Henriquez-300x197.jpg?resize=300%2C197\" alt=\"Jenny Henr\u00edquez, directora del Cesfam Curim\u00f3n.\" width=\"300\" height=\"197\" srcset=\"https:\/\/i0.wp.com\/eltrabajo.cl\/portal\/wp-content\/uploads\/2016\/05\/Jenny-Henriquez.jpg?resize=300%2C197&amp;ssl=1 300w, https:\/\/i0.wp.com\/eltrabajo.cl\/portal\/wp-content\/uploads\/2016\/05\/Jenny-Henriquez.jpg?resize=200%2C131&amp;ssl=1 200w, https:\/\/i0.wp.com\/eltrabajo.cl\/portal\/wp-content\/uploads\/2016\/05\/Jenny-Henriquez.jpg?resize=228%2C150&amp;ssl=1 228w, https:\/\/i0.wp.com\/eltrabajo.cl\/portal\/wp-content\/uploads\/2016\/05\/Jenny-Henriquez.jpg?resize=400%2C263&amp;ssl=1 400w, https:\/\/i0.wp.com\/eltrabajo.cl\/portal\/wp-content\/uploads\/2016\/05\/Jenny-Henriquez.jpg?w=530&amp;ssl=1 530w\" sizes=\"auto, (max-width: 300px) 100vw, 300px\" \/><\/a><figcaption id=\"caption-attachment-69457\" class=\"wp-caption-text\">Jenny Henr\u00edquez, directora del Cesfam Curim\u00f3n.<\/figcaption><\/figure>\n<figure id=\"attachment_69458\" aria-describedby=\"caption-attachment-69458\" style=\"width: 300px\" class=\"wp-caption alignleft\"><a href=\"http:\/\/www.eltrabajo.cl\/portal\/cesfam-curimon-celebro-27-anos-de-cuidar-de-la-salud-de-sus-usuarios\/jose-general\/\" rel=\"attachment wp-att-69458\"><img data-recalc-dims=\"1\" loading=\"lazy\" decoding=\"async\" class=\"size-medium wp-image-69458\" src=\"https:\/\/i0.wp.com\/www.eltrabajo.cl\/portal\/wp-content\/uploads\/2016\/05\/Jose-General-300x198.jpg?resize=300%2C198\" alt=\"Jos\u00e9 General, 73 a\u00f1os, dijo estar muy satisfecho con la atenci\u00f3n recibida en este Cesfam.\" width=\"300\" height=\"198\" srcset=\"https:\/\/i0.wp.com\/eltrabajo.cl\/portal\/wp-content\/uploads\/2016\/05\/Jose-General.jpg?resize=300%2C198&amp;ssl=1 300w, https:\/\/i0.wp.com\/eltrabajo.cl\/portal\/wp-content\/uploads\/2016\/05\/Jose-General.jpg?resize=200%2C132&amp;ssl=1 200w, https:\/\/i0.wp.com\/eltrabajo.cl\/portal\/wp-content\/uploads\/2016\/05\/Jose-General.jpg?resize=227%2C150&amp;ssl=1 227w, https:\/\/i0.wp.com\/eltrabajo.cl\/portal\/wp-content\/uploads\/2016\/05\/Jose-General.jpg?resize=400%2C264&amp;ssl=1 400w, https:\/\/i0.wp.com\/eltrabajo.cl\/portal\/wp-content\/uploads\/2016\/05\/Jose-General.jpg?w=530&amp;ssl=1 530w\" sizes=\"auto, (max-width: 300px) 100vw, 300px\" \/><\/a><figcaption id=\"caption-attachment-69458\" class=\"wp-caption-text\">Jos\u00e9 General, 73 a\u00f1os, dijo estar muy satisfecho con la atenci\u00f3n recibida en este Cesfam.<\/figcaption><\/figure>\n<figure id=\"attachment_69459\" aria-describedby=\"caption-attachment-69459\" style=\"width: 300px\" class=\"wp-caption alignleft\"><a href=\"http:\/\/www.eltrabajo.cl\/portal\/cesfam-curimon-celebro-27-anos-de-cuidar-de-la-salud-de-sus-usuarios\/freire1-7\/\" rel=\"attachment wp-att-69459\"><img data-recalc-dims=\"1\" loading=\"lazy\" decoding=\"async\" class=\"size-medium wp-image-69459\" src=\"https:\/\/i0.wp.com\/www.eltrabajo.cl\/portal\/wp-content\/uploads\/2016\/05\/Freire1-300x198.jpg?resize=300%2C198\" alt=\"Patricio Freire, alcalde de San Felipe, anunci\u00f3 los planes para crear un nuevo Cesfam.\" width=\"300\" height=\"198\" srcset=\"https:\/\/i0.wp.com\/eltrabajo.cl\/portal\/wp-content\/uploads\/2016\/05\/Freire1.jpg?resize=300%2C198&amp;ssl=1 300w, https:\/\/i0.wp.com\/eltrabajo.cl\/portal\/wp-content\/uploads\/2016\/05\/Freire1.jpg?resize=200%2C132&amp;ssl=1 200w, https:\/\/i0.wp.com\/eltrabajo.cl\/portal\/wp-content\/uploads\/2016\/05\/Freire1.jpg?resize=228%2C150&amp;ssl=1 228w, https:\/\/i0.wp.com\/eltrabajo.cl\/portal\/wp-content\/uploads\/2016\/05\/Freire1.jpg?resize=400%2C263&amp;ssl=1 400w, https:\/\/i0.wp.com\/eltrabajo.cl\/portal\/wp-content\/uploads\/2016\/05\/Freire1.jpg?w=530&amp;ssl=1 530w\" sizes=\"auto, (max-width: 300px) 100vw, 300px\" \/><\/a><figcaption id=\"caption-attachment-69459\" class=\"wp-caption-text\">Patricio Freire, alcalde de San Felipe, anunci\u00f3 los planes para crear un nuevo Cesfam.<\/figcaption><\/figure>\n","protected":false},"excerpt":{"rendered":"<p>Alcalde Freire anunci\u00f3 la construcci\u00f3n de un nuevo centro de salud: La efervescente gala del 27\u00ba aniversario del Cesfam Curim\u00f3n que se realiz\u00f3 ayer mi\u00e9rcoles, simplemente no pudo ser mejor celebrada, ya&#8230;<\/p>\n","protected":false},"author":1,"featured_media":69455,"comment_status":"open","ping_status":"open","sticky":false,"template":"","format":"standard","meta":{"advanced_seo_description":"","jetpack_seo_html_title":"","jetpack_seo_noindex":false,"_jetpack_memberships_contains_paid_content":false,"footnotes":""},"categories":[15],"tags":[],"class_list":["post-69452","post","type-post","status-publish","format-standard","has-post-thumbnail","hentry","category-comunidad"],"jetpack_featured_media_url":"https:\/\/i0.wp.com\/eltrabajo.cl\/portal\/wp-content\/uploads\/2016\/05\/Curimon1.jpg?fit=530%2C350&ssl=1","jetpack_sharing_enabled":true,"jetpack_likes_enabled":true,"jetpack-related-posts":[],"_links":{"self":[{"href":"https:\/\/eltrabajo.cl\/portal\/wp-json\/wp\/v2\/posts\/69452","targetHints":{"allow":["GET"]}}],"collection":[{"href":"https:\/\/eltrabajo.cl\/portal\/wp-json\/wp\/v2\/posts"}],"about":[{"href":"https:\/\/eltrabajo.cl\/portal\/wp-json\/wp\/v2\/types\/post"}],"author":[{"embeddable":true,"href":"https:\/\/eltrabajo.cl\/portal\/wp-json\/wp\/v2\/users\/1"}],"replies":[{"embeddable":true,"href":"https:\/\/eltrabajo.cl\/portal\/wp-json\/wp\/v2\/comments?post=69452"}],"version-history":[{"count":0,"href":"https:\/\/eltrabajo.cl\/portal\/wp-json\/wp\/v2\/posts\/69452\/revisions"}],"wp:featuredmedia":[{"embeddable":true,"href":"https:\/\/eltrabajo.cl\/portal\/wp-json\/wp\/v2\/media\/69455"}],"wp:attachment":[{"href":"https:\/\/eltrabajo.cl\/portal\/wp-json\/wp\/v2\/media?parent=69452"}],"wp:term":[{"taxonomy":"category","embeddable":true,"href":"https:\/\/eltrabajo.cl\/portal\/wp-json\/wp\/v2\/categories?post=69452"},{"taxonomy":"post_tag","embeddable":true,"href":"https:\/\/eltrabajo.cl\/portal\/wp-json\/wp\/v2\/tags?post=69452"}],"curies":[{"name":"wp","href":"https:\/\/api.w.org\/{rel}","templated":true}]}}