{"id":69462,"date":"2016-05-05T09:30:15","date_gmt":"2016-05-05T12:30:15","guid":{"rendered":"http:\/\/www.eltrabajo.cl\/portal\/?p=69462"},"modified":"2016-05-05T09:30:15","modified_gmt":"2016-05-05T12:30:15","slug":"comerciantes-aconcaguinos-preocupados-ante-posible-aumento-de-delitos","status":"publish","type":"post","link":"https:\/\/eltrabajo.cl\/portal\/comerciantes-aconcaguinos-preocupados-ante-posible-aumento-de-delitos\/","title":{"rendered":"Comerciantes aconcag\u00fcinos preocupados ante posible aumento de delitos"},"content":{"rendered":"<ul>\n<li><strong>Tras masiva liberaci\u00f3n de reclusos del CCP San Felipe y CET Putaendo:<\/strong><\/li>\n<\/ul>\n<p>Presidente de ACTA, afirm\u00f3 que la decisi\u00f3n de los tribunales no se condice con la misi\u00f3n de resguardar la seguridad de la ciudadan\u00eda y cree que, la libertad de estas personas debi\u00f3 estar acompa\u00f1ada de alg\u00fan plan de reinserci\u00f3n social.<br \/>\nMientras en la Provincia de San Felipe, 94 exreclusos gozan de la libertad otorgada por la Corte de Apelaciones de Valpara\u00edso, la Asociaci\u00f3n de Comerciantes y Turismo Aconcagua (ACTA) en la voz de su presidente, Max Navas Mu\u00f1oz, acusa haber quedado presa de la preocupaci\u00f3n que genera la presencia de estas personas en las calles del Valle de Aconcagua.<br \/>\nDe acuerdo con lo manifestado por Navas, en la agrupaci\u00f3n se cree que los tribunales no siguen los mismos pasos, ni son coherentes en su modo de actuar, al momento de garantizar la seguridad de la ciudadan\u00eda, lo que provoca una sensaci\u00f3n generalizada de injusticia, ante el beneficio que han recibido estas personas.<br \/>\nRespecto de la importancia del trabajo policial y el eventual estado de alerta en el que se encuentra Carabineros e Investigaciones, el empresario afirm\u00f3 que ambas instituciones se ven en la obligaci\u00f3n de agudizar su labor en las calles, puesto que, los \u00edndices de delincuencia han seguido aumentando, aunque algunas cifras indiquen lo contrario.<br \/>\n\u00abEsto se da porque la comunidad ya est\u00e1 cansada de ir a hacer las denuncias, porque al final no pasa nada, porque aqu\u00ed existe una puerta giratoria y el mejor ejemplo es este centenar de delincuentes que han salido en libertad condicional y ah\u00ed t\u00fa te das cuenta que el Gobierno no toma las medidas del caso, esto no debi\u00f3 haber sucedido, el comercio y la ciudadan\u00eda exigimos a las autoridades verdadera preocupaci\u00f3n por la seguridad p\u00fablica\u00bb, expres\u00f3 Navas.<br \/>\nEn relaci\u00f3n con las palabras del Gobernador Eduardo Le\u00f3n, quien en nuestra edici\u00f3n de ayer, asegur\u00f3 creer en el derecho de estas personas a tener una segunda oportunidad, el representante del comercio aconcag\u00fcino, coincidi\u00f3 con la autoridad, aunque su preocupaci\u00f3n se fundamenta en que gran parte de los reclusos beneficiados no tendr\u00e1n opciones laborales y argument\u00f3 que \u00abla idea es que no salgan a la calle sin nada que hacer, de qu\u00e9 van a vivir, el estado tiene que preocuparse de eso, nosotros no estamos en contra de que la gente que realmente lo merece salga en libertad, pero entreguemos la posibilidad concreta de que ellos puedan reinsertarse socialmente\u00bb, enfatiz\u00f3.<br \/>\nFinalmente, Navas destac\u00f3 el hecho de que los comerciantes locales no han tomado medidas particulares para resguardar sus propiedades y productos, s\u00f3lo en referencia a la liberaci\u00f3n de estos expresidiarios, sino que, los m\u00e9todos de protecci\u00f3n de cada uno han ido creciendo con el transcurso de los a\u00f1os.<br \/>\n\u00abNosotros llevamos pr\u00e1cticamente 4 a\u00f1os alarmados por la cantidad de asaltos, robos y el temor ciudadano existe, entonces cada d\u00eda se toman m\u00e1s medidas y ah\u00ed te das cuenta que siempre hemos exigido a las autoridades pol\u00edticas y municipales, seguridad municipal, ciudadana y mayor contingente policial , este es un tema latente y que no se termina, al final siempre se toman medidas de parche y no de fondo\u00bb, concluy\u00f3 Navas.<\/p>\n<figure id=\"attachment_69463\" aria-describedby=\"caption-attachment-69463\" style=\"width: 300px\" class=\"wp-caption alignleft\"><a href=\"http:\/\/www.eltrabajo.cl\/portal\/comerciantes-aconcaguinos-preocupados-ante-posible-aumento-de-delitos\/max-navas-munoz-presidente-de-la-asociacion-de-comercio-y-turismo-aconcagua-acta\/\" rel=\"attachment wp-att-69463\"><img data-recalc-dims=\"1\" loading=\"lazy\" decoding=\"async\" class=\"size-medium wp-image-69463\" src=\"https:\/\/i0.wp.com\/www.eltrabajo.cl\/portal\/wp-content\/uploads\/2016\/05\/Max-Navas-Mu%C3%B1oz-Presidente-de-la-Asociacion-de-Comercio-y-Turismo-Aconcagua-Acta-300x198.jpg?resize=300%2C198\" alt=\"Max Navas, presidente de la Asociaci\u00f3n de Comercio y Turismo Aconcagua, ACTA.\" width=\"300\" height=\"198\" srcset=\"https:\/\/i0.wp.com\/eltrabajo.cl\/portal\/wp-content\/uploads\/2016\/05\/Max-Navas-Mu%C3%B1oz-Presidente-de-la-Asociacion-de-Comercio-y-Turismo-Aconcagua-Acta.jpg?resize=300%2C198&amp;ssl=1 300w, https:\/\/i0.wp.com\/eltrabajo.cl\/portal\/wp-content\/uploads\/2016\/05\/Max-Navas-Mu%C3%B1oz-Presidente-de-la-Asociacion-de-Comercio-y-Turismo-Aconcagua-Acta.jpg?resize=200%2C132&amp;ssl=1 200w, https:\/\/i0.wp.com\/eltrabajo.cl\/portal\/wp-content\/uploads\/2016\/05\/Max-Navas-Mu%C3%B1oz-Presidente-de-la-Asociacion-de-Comercio-y-Turismo-Aconcagua-Acta.jpg?resize=227%2C150&amp;ssl=1 227w, https:\/\/i0.wp.com\/eltrabajo.cl\/portal\/wp-content\/uploads\/2016\/05\/Max-Navas-Mu%C3%B1oz-Presidente-de-la-Asociacion-de-Comercio-y-Turismo-Aconcagua-Acta.jpg?resize=400%2C264&amp;ssl=1 400w, https:\/\/i0.wp.com\/eltrabajo.cl\/portal\/wp-content\/uploads\/2016\/05\/Max-Navas-Mu%C3%B1oz-Presidente-de-la-Asociacion-de-Comercio-y-Turismo-Aconcagua-Acta.jpg?w=530&amp;ssl=1 530w\" sizes=\"auto, (max-width: 300px) 100vw, 300px\" \/><\/a><figcaption id=\"caption-attachment-69463\" class=\"wp-caption-text\">Max Navas, presidente de la Asociaci\u00f3n de Comercio y Turismo Aconcagua, ACTA.<\/figcaption><\/figure>\n","protected":false},"excerpt":{"rendered":"<p>Tras masiva liberaci\u00f3n de reclusos del CCP San Felipe y CET Putaendo: Presidente de ACTA, afirm\u00f3 que la decisi\u00f3n de los tribunales no se condice con la misi\u00f3n de resguardar la seguridad&#8230;<\/p>\n","protected":false},"author":1,"featured_media":69463,"comment_status":"open","ping_status":"open","sticky":false,"template":"","format":"standard","meta":{"advanced_seo_description":"","jetpack_seo_html_title":"","jetpack_seo_noindex":false,"_jetpack_memberships_contains_paid_content":false,"footnotes":""},"categories":[15],"tags":[],"class_list":["post-69462","post","type-post","status-publish","format-standard","has-post-thumbnail","hentry","category-comunidad"],"jetpack_featured_media_url":"https:\/\/i0.wp.com\/eltrabajo.cl\/portal\/wp-content\/uploads\/2016\/05\/Max-Navas-Mu%C3%B1oz-Presidente-de-la-Asociacion-de-Comercio-y-Turismo-Aconcagua-Acta.jpg?fit=530%2C350&ssl=1","jetpack_sharing_enabled":true,"jetpack_likes_enabled":true,"jetpack-related-posts":[],"_links":{"self":[{"href":"https:\/\/eltrabajo.cl\/portal\/wp-json\/wp\/v2\/posts\/69462","targetHints":{"allow":["GET"]}}],"collection":[{"href":"https:\/\/eltrabajo.cl\/portal\/wp-json\/wp\/v2\/posts"}],"about":[{"href":"https:\/\/eltrabajo.cl\/portal\/wp-json\/wp\/v2\/types\/post"}],"author":[{"embeddable":true,"href":"https:\/\/eltrabajo.cl\/portal\/wp-json\/wp\/v2\/users\/1"}],"replies":[{"embeddable":true,"href":"https:\/\/eltrabajo.cl\/portal\/wp-json\/wp\/v2\/comments?post=69462"}],"version-history":[{"count":0,"href":"https:\/\/eltrabajo.cl\/portal\/wp-json\/wp\/v2\/posts\/69462\/revisions"}],"wp:featuredmedia":[{"embeddable":true,"href":"https:\/\/eltrabajo.cl\/portal\/wp-json\/wp\/v2\/media\/69463"}],"wp:attachment":[{"href":"https:\/\/eltrabajo.cl\/portal\/wp-json\/wp\/v2\/media?parent=69462"}],"wp:term":[{"taxonomy":"category","embeddable":true,"href":"https:\/\/eltrabajo.cl\/portal\/wp-json\/wp\/v2\/categories?post=69462"},{"taxonomy":"post_tag","embeddable":true,"href":"https:\/\/eltrabajo.cl\/portal\/wp-json\/wp\/v2\/tags?post=69462"}],"curies":[{"name":"wp","href":"https:\/\/api.w.org\/{rel}","templated":true}]}}