{"id":69475,"date":"2016-05-06T09:16:53","date_gmt":"2016-05-06T12:16:53","guid":{"rendered":"http:\/\/www.eltrabajo.cl\/portal\/?p=69475"},"modified":"2016-05-06T09:16:53","modified_gmt":"2016-05-06T12:16:53","slug":"un-detenido-tras-aparente-intercambio-de-herramientas-por-drogas","status":"publish","type":"post","link":"https:\/\/eltrabajo.cl\/portal\/un-detenido-tras-aparente-intercambio-de-herramientas-por-drogas\/","title":{"rendered":"Un detenido tras aparente intercambio de herramientas por drogas"},"content":{"rendered":"<ul>\n<li><strong>Hijo de la denunciante habr\u00eda concretado transacci\u00f3n:\u00a0El imputado que habr\u00eda provisto estupefacientes, qued\u00f3 detenido por el delito de Receptaci\u00f3n de Especies, quedando citado a la Fiscal\u00eda para resolver el caso a cargo de la SIP de Carabineros de San Felipe.<\/strong><\/li>\n<\/ul>\n<p>Desde el interior de un domicilio ubicado en el sector el Escorial de Panquehue, efectivos de la Secci\u00f3n de Investigaci\u00f3n Policial (SIP) de Carabineros recuper\u00f3 un compresor de aire y otros implementos, luego que, sus propietarios denunciaran el robo de \u00e9stas y otras especies desde el interior de su vivienda, donde tendr\u00eda participaci\u00f3n el hijo de los afectados, que habr\u00eda intercambiado las herramientas por drogas.<br \/>\nDe acuerdo a las diligencias policiales que se iniciaron desde el pasado 28 de abril, tras una denuncia de una mujer adulta mayor de 61 a\u00f1os en el Ret\u00e9n de Carabineros de Panquehue, manifest\u00f3 la p\u00e9rdida de diversas herramientas desde un galp\u00f3n de su vivienda en el sector El Escorial de Panquehue.<br \/>\nSeg\u00fan las investigaciones de esta secci\u00f3n especializada de la polic\u00eda uniformada, un sujeto de 20 a\u00f1os de edad, vecino de la denunciante, manten\u00eda algunas de estas especies tras un intercambio de drogas, que habr\u00eda concretado el hijo de los verdaderos propietarios de las herramientas, sin su consentimiento.<br \/>\nFue as\u00ed, que los efectivos policiales al dirigirse hasta el domicilio del imputado, manten\u00eda en su poder un compresor de aire y sus mangueras marca Indura avaluados en $130.000, por el cual fue detenido bajo los cargos de receptaci\u00f3n de especies.<br \/>\nEl imputado de iniciales O.G.D.C. 20 a\u00f1os de edad, qued\u00f3 en libertad por instrucci\u00f3n de la Fiscal\u00eda a la espera de citaci\u00f3n por parte del Ministerio P\u00fablico para resolver el caso.<br \/>\n<strong>Pablo Salinas Sald\u00edas<\/strong><\/p>\n<figure id=\"attachment_69476\" aria-describedby=\"caption-attachment-69476\" style=\"width: 528px\" class=\"wp-caption alignleft\"><a href=\"http:\/\/www.eltrabajo.cl\/portal\/un-detenido-tras-aparente-intercambio-de-herramientas-por-drogas\/compresor-aire\/\" rel=\"attachment wp-att-69476\"><img data-recalc-dims=\"1\" loading=\"lazy\" decoding=\"async\" class=\"size-full wp-image-69476\" src=\"https:\/\/i0.wp.com\/www.eltrabajo.cl\/portal\/wp-content\/uploads\/2016\/05\/COMPRESOR-AIRE.jpg?resize=528%2C350\" alt=\"El compresor de aire y otros accesorios fueron entregados a sus propietarios por parte de Carabineros de San Felipe, que resolvi\u00f3 el caso.\" width=\"528\" height=\"350\" srcset=\"https:\/\/i0.wp.com\/eltrabajo.cl\/portal\/wp-content\/uploads\/2016\/05\/COMPRESOR-AIRE.jpg?w=528&amp;ssl=1 528w, https:\/\/i0.wp.com\/eltrabajo.cl\/portal\/wp-content\/uploads\/2016\/05\/COMPRESOR-AIRE.jpg?resize=200%2C133&amp;ssl=1 200w, https:\/\/i0.wp.com\/eltrabajo.cl\/portal\/wp-content\/uploads\/2016\/05\/COMPRESOR-AIRE.jpg?resize=300%2C199&amp;ssl=1 300w, https:\/\/i0.wp.com\/eltrabajo.cl\/portal\/wp-content\/uploads\/2016\/05\/COMPRESOR-AIRE.jpg?resize=226%2C150&amp;ssl=1 226w, https:\/\/i0.wp.com\/eltrabajo.cl\/portal\/wp-content\/uploads\/2016\/05\/COMPRESOR-AIRE.jpg?resize=400%2C265&amp;ssl=1 400w\" sizes=\"auto, (max-width: 528px) 100vw, 528px\" \/><\/a><figcaption id=\"caption-attachment-69476\" class=\"wp-caption-text\">El compresor de aire y otros accesorios fueron entregados a sus propietarios por parte de Carabineros de San Felipe, que resolvi\u00f3 el caso.<\/figcaption><\/figure>\n","protected":false},"excerpt":{"rendered":"<p>Hijo de la denunciante habr\u00eda concretado transacci\u00f3n:\u00a0El imputado que habr\u00eda provisto estupefacientes, qued\u00f3 detenido por el delito de Receptaci\u00f3n de Especies, quedando citado a la Fiscal\u00eda para resolver el caso a cargo&#8230;<\/p>\n","protected":false},"author":1,"featured_media":69476,"comment_status":"open","ping_status":"open","sticky":false,"template":"","format":"standard","meta":{"advanced_seo_description":"","jetpack_seo_html_title":"","jetpack_seo_noindex":false,"_jetpack_memberships_contains_paid_content":false,"footnotes":""},"categories":[21],"tags":[],"class_list":["post-69475","post","type-post","status-publish","format-standard","has-post-thumbnail","hentry","category-policial"],"jetpack_featured_media_url":"https:\/\/i0.wp.com\/eltrabajo.cl\/portal\/wp-content\/uploads\/2016\/05\/COMPRESOR-AIRE.jpg?fit=528%2C350&ssl=1","jetpack_sharing_enabled":true,"jetpack_likes_enabled":true,"jetpack-related-posts":[],"_links":{"self":[{"href":"https:\/\/eltrabajo.cl\/portal\/wp-json\/wp\/v2\/posts\/69475","targetHints":{"allow":["GET"]}}],"collection":[{"href":"https:\/\/eltrabajo.cl\/portal\/wp-json\/wp\/v2\/posts"}],"about":[{"href":"https:\/\/eltrabajo.cl\/portal\/wp-json\/wp\/v2\/types\/post"}],"author":[{"embeddable":true,"href":"https:\/\/eltrabajo.cl\/portal\/wp-json\/wp\/v2\/users\/1"}],"replies":[{"embeddable":true,"href":"https:\/\/eltrabajo.cl\/portal\/wp-json\/wp\/v2\/comments?post=69475"}],"version-history":[{"count":0,"href":"https:\/\/eltrabajo.cl\/portal\/wp-json\/wp\/v2\/posts\/69475\/revisions"}],"wp:featuredmedia":[{"embeddable":true,"href":"https:\/\/eltrabajo.cl\/portal\/wp-json\/wp\/v2\/media\/69476"}],"wp:attachment":[{"href":"https:\/\/eltrabajo.cl\/portal\/wp-json\/wp\/v2\/media?parent=69475"}],"wp:term":[{"taxonomy":"category","embeddable":true,"href":"https:\/\/eltrabajo.cl\/portal\/wp-json\/wp\/v2\/categories?post=69475"},{"taxonomy":"post_tag","embeddable":true,"href":"https:\/\/eltrabajo.cl\/portal\/wp-json\/wp\/v2\/tags?post=69475"}],"curies":[{"name":"wp","href":"https:\/\/api.w.org\/{rel}","templated":true}]}}