{"id":69483,"date":"2016-05-06T09:37:13","date_gmt":"2016-05-06T12:37:13","guid":{"rendered":"http:\/\/www.eltrabajo.cl\/portal\/?p=69483"},"modified":"2016-05-06T09:37:13","modified_gmt":"2016-05-06T12:37:13","slug":"corte-de-apelaciones-de-nuevo-falla-a-favor-de-municipalidad-de-san-felipe","status":"publish","type":"post","link":"https:\/\/eltrabajo.cl\/portal\/corte-de-apelaciones-de-nuevo-falla-a-favor-de-municipalidad-de-san-felipe\/","title":{"rendered":"Corte de Apelaciones de nuevo falla a favor de Municipalidad de San Felipe"},"content":{"rendered":"<ul>\n<li><strong>Caso Estacionamientos Subterr\u00e1neos:\u00a0En marzo de 2013 la Corporaci\u00f3n Edilicia resolvi\u00f3, a trav\u00e9s, de una decisi\u00f3n del Consejo municipal, basada informes jur\u00eddicos, poner t\u00e9rmino al contrato de concesi\u00f3n con la empresa que ejecutar\u00eda la obra. En junio de ese a\u00f1o, la compa\u00f1\u00eda afectada present\u00f3 la demanda en el Juzgado de Letras de San Felipe y desde ah\u00ed se sucedieron innumerables recursos administrativos y judiciales, que hasta hoy han fallado en contra del demandante.<\/strong><\/li>\n<\/ul>\n<p>Un nuevo cap\u00edtulo vivi\u00f3 el pasado martes 3 de mayo, la historia judicial entre la Municipalidad de San Felipe y la Empresa demandante Estacionamientos San Felipe S.A. luego que se conociera un nuevo fallo de la Corte de Apelaciones de Valpara\u00edso, tribunal que, de forma un\u00e1nime, resolvi\u00f3 en favor del municipio sanfelipe\u00f1o y de su decisi\u00f3n de terminar prematuramente el contrato con la concesionaria que construir\u00eda los estacionamientos subterr\u00e1neos en el sector de la plaza de armas de la comuna.<br \/>\nComo es necesario recordar, el inicio de esta confrontaci\u00f3n legal, se remonta al a\u00f1o 2013, cuando el Consejo Municipal, a solicitud del alcalde Patricio Freire y luego de la revisi\u00f3n de distintos informes jur\u00eddicos, decidi\u00f3 en el mes de marzo, echar pie atr\u00e1s al mentado proyecto y para poner fin a su v\u00ednculo contractual, argument\u00f3 una infracci\u00f3n en el procedimiento de la boleta de garant\u00eda, a ra\u00edz de lo cual, la concesionaria ha efectuado diversas acciones legales y administrativas en contra de la Corporaci\u00f3n Edilicia.<br \/>\nEsta vez, el recurso legal utilizado por la empresa fue interpuesto en el tribunal de alzada, sin embargo, una vez m\u00e1s, el resultado volvi\u00f3 a favorecer a la administraci\u00f3n encabezada por Freire. As\u00ed lo inform\u00f3 el director del Departamento Jur\u00eddico de la Municipalidad de San Felipe, Jorge Jara Catal\u00e1n, quien detall\u00f3 que \u201ces importante relevar que \u00e9sta es la sexta o s\u00e9ptima acci\u00f3n, que la empresa presenta en contra del municipio, por lo tanto no es una sorpresa para nosotros, porque los reclamos que se hicieron tanto en la Contralor\u00eda, como en el Tribunal de la Contrataci\u00f3n P\u00fablica o el reclamo de ilegalidad que termin\u00f3 en la Corte Suprema, en todas esas instancias, distintas a este juicio, el municipio siempre ha sido reconocido como el que ha tenido la raz\u00f3n en la decisi\u00f3n que tom\u00f3 el consejo a proposici\u00f3n del alcalde\u201d, describi\u00f3.<br \/>\nEl abogado municipal, Mauricio Mass, fue el encargado de hacer el seguimiento de esta segunda etapa judicial en la Corte de Apelaciones de Valpara\u00edso. El letrado reiter\u00f3 lo que significa en t\u00e9rminos legales la determinaci\u00f3n del tribunal, y aclaro que \u201c\u00e9sta no hace m\u00e1s que ratificar que la decisi\u00f3n que en su momento tom\u00f3 el alcalde Freire junto al Consejo Municipal, estuvo ajustada a derecho, que se someti\u00f3 ya al tribunal de primera instancia, quien dice que actuamos conforme a la ley y esa visi\u00f3n ahora se ve ratificada\u201d, expuso.<br \/>\nRespecto de los argumentos que presentaba la concesionaria en esta instancia judicial, Mass explic\u00f3 que \u201cellos esgrim\u00edan que la Municipalidad no habr\u00eda tenido derecho a poner t\u00e9rmino a la concesi\u00f3n por las causales que se fundamentaron en su momento y ante ese t\u00e9rmino anticipado ped\u00edan que se le indemnizara a ra\u00edz de los perjuicios que le causaba no concretar ese contrato\u201d, cont\u00f3 el profesional.<br \/>\nAunque este nuevo juicio volvi\u00f3 a sustentar legalmente la decisi\u00f3n de la municipalidad sanfelipe\u00f1a, a la empresa le queda todav\u00eda una carta por jugarse, que dice relaci\u00f3n con la eventual presentaci\u00f3n de un recurso de casaci\u00f3n ante la Corte Suprema, el cual, debe ser presentado dentro de los 15 d\u00edas h\u00e1biles (18 de mayo) posterior al fallo del tribunal de alzada.<br \/>\nDe acuerdo a lo explicado por Jorge Jara, con el t\u00e9rmino de este proceso civil del Juzgado de Letras de San Felipe, se confirm\u00f3 el fallo en primera instancia, d\u00e1ndole la raz\u00f3n al municipio, pero adem\u00e1s, existe un proceso que se tramita en los tribunales de Garant\u00eda de San Felipe, por una querella Criminal que dicha empresa present\u00f3 en contra de los directivos o de las autoridades que tuvieron vinculaci\u00f3n con la ejecuci\u00f3n de la boleta de garant\u00eda, proceso que todav\u00eda est\u00e1 pendiente, pero que seg\u00fan el abogado \u201ccabe la absoluta certeza de que tambi\u00e9n ser\u00e1 rechazado por los tribunales respectivos\u201d, sentenci\u00f3.<br \/>\nEl alcalde de San Felipe, Patricio Freire Canto, mostr\u00f3 su complacencia de poder estar viviendo el final de un proceso, derivado de un proyecto tan emblem\u00e1tico como perjudicial para la comuna y manifest\u00f3 que \u201cla corte de Apelaciones ratific\u00f3 un fallo de forma un\u00e1nime en favor de la Municipalidad de San Felipe, en el juicio de los estacionamientos subterr\u00e1neos que se construir\u00edan alrededor de la plaza de armas\u2026 seguramente ellos apelar\u00e1n este fallo a la corte Suprema u otra instancia, pero yo s\u00e9 que se nos dar\u00e1 la raz\u00f3n\u201d, esboz\u00f3.<br \/>\nPese a la convicci\u00f3n que existe en el Departamento Jur\u00eddico del municipio sanfelipe\u00f1o, de que finalmente el juicio culminar\u00e1 en su favor, los abogados no quieren dejar nada al azar y tambi\u00e9n estudian la posibilidad de acudir a una instancia mayor, pues seg\u00fan Mass \u201csi bien el fallo es satisfactorio, podr\u00eda ser que tambi\u00e9n recurramos a la Corte Suprema para que complemente esta determinaci\u00f3n y de esta forma quede todo cerrado\u201d, sentenci\u00f3.<\/p>\n<figure id=\"attachment_69484\" aria-describedby=\"caption-attachment-69484\" style=\"width: 530px\" class=\"wp-caption alignleft\"><a href=\"http:\/\/www.eltrabajo.cl\/portal\/corte-de-apelaciones-de-nuevo-falla-a-favor-de-municipalidad-de-san-felipe\/conferencia-15\/\" rel=\"attachment wp-att-69484\"><img data-recalc-dims=\"1\" loading=\"lazy\" decoding=\"async\" class=\"size-full wp-image-69484\" src=\"https:\/\/i0.wp.com\/www.eltrabajo.cl\/portal\/wp-content\/uploads\/2016\/05\/conferencia.jpg?resize=530%2C349\" alt=\"El Alcalde de San Felipe, Patricio Freire Canto junto al Director del Departamento Jur\u00eddico de la Municipalidad de San Felipe, Jorge Jara Catal\u00e1n.\" width=\"530\" height=\"349\" srcset=\"https:\/\/i0.wp.com\/eltrabajo.cl\/portal\/wp-content\/uploads\/2016\/05\/conferencia.jpg?w=530&amp;ssl=1 530w, https:\/\/i0.wp.com\/eltrabajo.cl\/portal\/wp-content\/uploads\/2016\/05\/conferencia.jpg?resize=200%2C132&amp;ssl=1 200w, https:\/\/i0.wp.com\/eltrabajo.cl\/portal\/wp-content\/uploads\/2016\/05\/conferencia.jpg?resize=300%2C198&amp;ssl=1 300w, https:\/\/i0.wp.com\/eltrabajo.cl\/portal\/wp-content\/uploads\/2016\/05\/conferencia.jpg?resize=228%2C150&amp;ssl=1 228w, https:\/\/i0.wp.com\/eltrabajo.cl\/portal\/wp-content\/uploads\/2016\/05\/conferencia.jpg?resize=400%2C263&amp;ssl=1 400w\" sizes=\"auto, (max-width: 530px) 100vw, 530px\" \/><\/a><figcaption id=\"caption-attachment-69484\" class=\"wp-caption-text\">El Alcalde de San Felipe, Patricio Freire Canto junto al Director del Departamento Jur\u00eddico de la Municipalidad de San Felipe, Jorge Jara Catal\u00e1n.<\/figcaption><\/figure>\n<p>&nbsp;<\/p>\n","protected":false},"excerpt":{"rendered":"<p>Caso Estacionamientos Subterr\u00e1neos:\u00a0En marzo de 2013 la Corporaci\u00f3n Edilicia resolvi\u00f3, a trav\u00e9s, de una decisi\u00f3n del Consejo municipal, basada informes jur\u00eddicos, poner t\u00e9rmino al contrato de concesi\u00f3n con la empresa que ejecutar\u00eda&#8230;<\/p>\n","protected":false},"author":1,"featured_media":69484,"comment_status":"open","ping_status":"open","sticky":false,"template":"","format":"standard","meta":{"advanced_seo_description":"","jetpack_seo_html_title":"","jetpack_seo_noindex":false,"_jetpack_memberships_contains_paid_content":false,"footnotes":""},"categories":[1],"tags":[],"class_list":["post-69483","post","type-post","status-publish","format-standard","has-post-thumbnail","hentry","category-cronica"],"jetpack_featured_media_url":"https:\/\/i0.wp.com\/eltrabajo.cl\/portal\/wp-content\/uploads\/2016\/05\/conferencia.jpg?fit=530%2C349&ssl=1","jetpack_sharing_enabled":true,"jetpack_likes_enabled":true,"jetpack-related-posts":[],"_links":{"self":[{"href":"https:\/\/eltrabajo.cl\/portal\/wp-json\/wp\/v2\/posts\/69483","targetHints":{"allow":["GET"]}}],"collection":[{"href":"https:\/\/eltrabajo.cl\/portal\/wp-json\/wp\/v2\/posts"}],"about":[{"href":"https:\/\/eltrabajo.cl\/portal\/wp-json\/wp\/v2\/types\/post"}],"author":[{"embeddable":true,"href":"https:\/\/eltrabajo.cl\/portal\/wp-json\/wp\/v2\/users\/1"}],"replies":[{"embeddable":true,"href":"https:\/\/eltrabajo.cl\/portal\/wp-json\/wp\/v2\/comments?post=69483"}],"version-history":[{"count":0,"href":"https:\/\/eltrabajo.cl\/portal\/wp-json\/wp\/v2\/posts\/69483\/revisions"}],"wp:featuredmedia":[{"embeddable":true,"href":"https:\/\/eltrabajo.cl\/portal\/wp-json\/wp\/v2\/media\/69484"}],"wp:attachment":[{"href":"https:\/\/eltrabajo.cl\/portal\/wp-json\/wp\/v2\/media?parent=69483"}],"wp:term":[{"taxonomy":"category","embeddable":true,"href":"https:\/\/eltrabajo.cl\/portal\/wp-json\/wp\/v2\/categories?post=69483"},{"taxonomy":"post_tag","embeddable":true,"href":"https:\/\/eltrabajo.cl\/portal\/wp-json\/wp\/v2\/tags?post=69483"}],"curies":[{"name":"wp","href":"https:\/\/api.w.org\/{rel}","templated":true}]}}