{"id":69487,"date":"2016-05-06T09:44:12","date_gmt":"2016-05-06T12:44:12","guid":{"rendered":"http:\/\/www.eltrabajo.cl\/portal\/?p=69487"},"modified":"2016-05-06T09:44:13","modified_gmt":"2016-05-06T12:44:13","slug":"comunales-de-ajedrez-2016-ya-estan-en-pleno-desarrollo","status":"publish","type":"post","link":"https:\/\/eltrabajo.cl\/portal\/comunales-de-ajedrez-2016-ya-estan-en-pleno-desarrollo\/","title":{"rendered":"Comunales de Ajedrez 2016 ya est\u00e1n en pleno desarrollo"},"content":{"rendered":"<ul>\n<li><strong>Anuncian la II Copa Diario El Trabajo para agosto:<\/strong><\/li>\n<\/ul>\n<p>Una brillante participaci\u00f3n obtuvieron los alumnos del Liceo Roberto Humeres de San Felipe en las Comunales de Ajedrez 2016. Dicha actividad se desarroll\u00f3 en las dependencias de ese emblem\u00e1tico liceo y en esa jornada participaron colegios como el Jos\u00e9 de San Martin; Colegio Vedruna; Escuela John F. Kennedy; Escuela Bernardo O\u2019Higgins; Colegio Portaliano; Colegio Pir\u00e1mide; la Escuela Industrial y los due\u00f1os de casa, el Liceo Roberto Humeres.<br \/>\nEn cinco vibrantes rondas, divididas en dos categor\u00edas: Damas y Varones, el Colegio Jos\u00e9 de San Martin clasific\u00f3 en los primeros lugares de la categor\u00eda m\u00e1s peque\u00f1a, la U14. Diario El Trabajo habl\u00f3 con el juez encargado de impartir las reglas, don Jos\u00e9 Vergel de la ciudad de los Andes, quien nos explic\u00f3 que \u00abestoy muy sorprendido por el gran nivel y entusiasmo de todos los participantes que concurrieron esta ma\u00f1ana a participar de este hermoso deporte ciencia\u00bb.<br \/>\nLos clasificados del Colegio Jos\u00e9 de San Martin son:<br \/>\nDamas U14<br \/>\n1- Lugar: Lizbeth Raymonsson Khodarami.<br \/>\nVarones U14<br \/>\n1- Arturo Avenda\u00f1o Herrera.<br \/>\n2 &#8211; Magdiel Godoy Gallardo.<br \/>\nAhora s\u00f3lo queda prepararse para los Provinciales, pues todo indica que se desarrollar\u00e1n en la ciudad de San Felipe para junio pr\u00f3ximo y el gran 2\u00ba Torneo Copa Diario El Trabajo 2016, que se realizar\u00e1 en agosto pr\u00f3ximo.<br \/>\nRoberto Gonz\u00e1lez Short<br \/>\nrgonzalez@eltrabajo.cl<\/p>\n<figure id=\"attachment_69488\" aria-describedby=\"caption-attachment-69488\" style=\"width: 530px\" class=\"wp-caption alignleft\"><a href=\"http:\/\/www.eltrabajo.cl\/portal\/comunales-de-ajedrez-2016-ya-estan-en-pleno-desarrollo\/ajedrez1-15\/\" rel=\"attachment wp-att-69488\"><img data-recalc-dims=\"1\" loading=\"lazy\" decoding=\"async\" class=\"size-full wp-image-69488\" src=\"https:\/\/i0.wp.com\/www.eltrabajo.cl\/portal\/wp-content\/uploads\/2016\/05\/Ajedrez1-1.jpg?resize=530%2C350\" alt=\"ARRANCAN LOS TORNEOS.- En esa jornada participaron colegios como el Jos\u00e9 de San Martin; Colegio Vedruna; Escuela John F. entre otros.\" width=\"530\" height=\"350\" srcset=\"https:\/\/i0.wp.com\/eltrabajo.cl\/portal\/wp-content\/uploads\/2016\/05\/Ajedrez1-1.jpg?w=530&amp;ssl=1 530w, https:\/\/i0.wp.com\/eltrabajo.cl\/portal\/wp-content\/uploads\/2016\/05\/Ajedrez1-1.jpg?resize=200%2C132&amp;ssl=1 200w, https:\/\/i0.wp.com\/eltrabajo.cl\/portal\/wp-content\/uploads\/2016\/05\/Ajedrez1-1.jpg?resize=300%2C198&amp;ssl=1 300w, https:\/\/i0.wp.com\/eltrabajo.cl\/portal\/wp-content\/uploads\/2016\/05\/Ajedrez1-1.jpg?resize=227%2C150&amp;ssl=1 227w, https:\/\/i0.wp.com\/eltrabajo.cl\/portal\/wp-content\/uploads\/2016\/05\/Ajedrez1-1.jpg?resize=400%2C264&amp;ssl=1 400w\" sizes=\"auto, (max-width: 530px) 100vw, 530px\" \/><\/a><figcaption id=\"caption-attachment-69488\" class=\"wp-caption-text\">ARRANCAN LOS TORNEOS.- En esa jornada participaron colegios como el Jos\u00e9 de San Martin; Colegio Vedruna; Escuela John F. entre otros.<\/figcaption><\/figure>\n<figure id=\"attachment_69489\" aria-describedby=\"caption-attachment-69489\" style=\"width: 530px\" class=\"wp-caption alignleft\"><a href=\"http:\/\/www.eltrabajo.cl\/portal\/comunales-de-ajedrez-2016-ya-estan-en-pleno-desarrollo\/ajedrez2-2\/\" rel=\"attachment wp-att-69489\"><img data-recalc-dims=\"1\" loading=\"lazy\" decoding=\"async\" class=\"size-full wp-image-69489\" src=\"https:\/\/i0.wp.com\/www.eltrabajo.cl\/portal\/wp-content\/uploads\/2016\/05\/Ajedrez2.jpg?resize=530%2C350\" alt=\"EST\u00c1N CALENTANDO.- Estas jornadas deportivas son organizadas por el profesor de ajedrez, Guillermo Quijanes.\" width=\"530\" height=\"350\" srcset=\"https:\/\/i0.wp.com\/eltrabajo.cl\/portal\/wp-content\/uploads\/2016\/05\/Ajedrez2.jpg?w=530&amp;ssl=1 530w, https:\/\/i0.wp.com\/eltrabajo.cl\/portal\/wp-content\/uploads\/2016\/05\/Ajedrez2.jpg?resize=200%2C132&amp;ssl=1 200w, https:\/\/i0.wp.com\/eltrabajo.cl\/portal\/wp-content\/uploads\/2016\/05\/Ajedrez2.jpg?resize=300%2C198&amp;ssl=1 300w, https:\/\/i0.wp.com\/eltrabajo.cl\/portal\/wp-content\/uploads\/2016\/05\/Ajedrez2.jpg?resize=227%2C150&amp;ssl=1 227w, https:\/\/i0.wp.com\/eltrabajo.cl\/portal\/wp-content\/uploads\/2016\/05\/Ajedrez2.jpg?resize=400%2C264&amp;ssl=1 400w\" sizes=\"auto, (max-width: 530px) 100vw, 530px\" \/><\/a><figcaption id=\"caption-attachment-69489\" class=\"wp-caption-text\">EST\u00c1N CALENTANDO.- Estas jornadas deportivas son organizadas por el profesor de ajedrez, Guillermo Quijanes.<\/figcaption><\/figure>\n<figure id=\"attachment_69490\" aria-describedby=\"caption-attachment-69490\" style=\"width: 530px\" class=\"wp-caption alignleft\"><a href=\"http:\/\/www.eltrabajo.cl\/portal\/comunales-de-ajedrez-2016-ya-estan-en-pleno-desarrollo\/ajedrez3-2\/\" rel=\"attachment wp-att-69490\"><img data-recalc-dims=\"1\" loading=\"lazy\" decoding=\"async\" class=\"size-full wp-image-69490\" src=\"https:\/\/i0.wp.com\/www.eltrabajo.cl\/portal\/wp-content\/uploads\/2016\/05\/Ajedrez3.jpg?resize=530%2C350\" alt=\"VIENE NUESTRA COPA.- Ahora s\u00f3lo queda prepararse para los Provinciales, pues todo indica que se desarrollar\u00e1n en la ciudad de San Felipe para junio pr\u00f3ximo y el gran 2\u00ba Torneo Copa Diario El Trabajo 2016, que se realizar\u00e1 en agosto pr\u00f3ximo.\" width=\"530\" height=\"350\" srcset=\"https:\/\/i0.wp.com\/eltrabajo.cl\/portal\/wp-content\/uploads\/2016\/05\/Ajedrez3.jpg?w=530&amp;ssl=1 530w, https:\/\/i0.wp.com\/eltrabajo.cl\/portal\/wp-content\/uploads\/2016\/05\/Ajedrez3.jpg?resize=200%2C132&amp;ssl=1 200w, https:\/\/i0.wp.com\/eltrabajo.cl\/portal\/wp-content\/uploads\/2016\/05\/Ajedrez3.jpg?resize=300%2C198&amp;ssl=1 300w, https:\/\/i0.wp.com\/eltrabajo.cl\/portal\/wp-content\/uploads\/2016\/05\/Ajedrez3.jpg?resize=227%2C150&amp;ssl=1 227w, https:\/\/i0.wp.com\/eltrabajo.cl\/portal\/wp-content\/uploads\/2016\/05\/Ajedrez3.jpg?resize=400%2C264&amp;ssl=1 400w\" sizes=\"auto, (max-width: 530px) 100vw, 530px\" \/><\/a><figcaption id=\"caption-attachment-69490\" class=\"wp-caption-text\">VIENE NUESTRA COPA.- Ahora s\u00f3lo queda prepararse para los Provinciales, pues todo indica que se desarrollar\u00e1n en la ciudad de San Felipe para junio pr\u00f3ximo y el gran 2\u00ba Torneo Copa Diario El Trabajo 2016, que se realizar\u00e1 en agosto pr\u00f3ximo.<\/figcaption><\/figure>\n","protected":false},"excerpt":{"rendered":"<p>Anuncian la II Copa Diario El Trabajo para agosto: Una brillante participaci\u00f3n obtuvieron los alumnos del Liceo Roberto Humeres de San Felipe en las Comunales de Ajedrez 2016. Dicha actividad se desarroll\u00f3&#8230;<\/p>\n","protected":false},"author":1,"featured_media":69489,"comment_status":"open","ping_status":"open","sticky":false,"template":"","format":"standard","meta":{"advanced_seo_description":"","jetpack_seo_html_title":"","jetpack_seo_noindex":false,"_jetpack_memberships_contains_paid_content":false,"footnotes":""},"categories":[15],"tags":[],"class_list":["post-69487","post","type-post","status-publish","format-standard","has-post-thumbnail","hentry","category-comunidad"],"jetpack_featured_media_url":"https:\/\/i0.wp.com\/eltrabajo.cl\/portal\/wp-content\/uploads\/2016\/05\/Ajedrez2.jpg?fit=530%2C350&ssl=1","jetpack_sharing_enabled":true,"jetpack_likes_enabled":true,"jetpack-related-posts":[],"_links":{"self":[{"href":"https:\/\/eltrabajo.cl\/portal\/wp-json\/wp\/v2\/posts\/69487","targetHints":{"allow":["GET"]}}],"collection":[{"href":"https:\/\/eltrabajo.cl\/portal\/wp-json\/wp\/v2\/posts"}],"about":[{"href":"https:\/\/eltrabajo.cl\/portal\/wp-json\/wp\/v2\/types\/post"}],"author":[{"embeddable":true,"href":"https:\/\/eltrabajo.cl\/portal\/wp-json\/wp\/v2\/users\/1"}],"replies":[{"embeddable":true,"href":"https:\/\/eltrabajo.cl\/portal\/wp-json\/wp\/v2\/comments?post=69487"}],"version-history":[{"count":0,"href":"https:\/\/eltrabajo.cl\/portal\/wp-json\/wp\/v2\/posts\/69487\/revisions"}],"wp:featuredmedia":[{"embeddable":true,"href":"https:\/\/eltrabajo.cl\/portal\/wp-json\/wp\/v2\/media\/69489"}],"wp:attachment":[{"href":"https:\/\/eltrabajo.cl\/portal\/wp-json\/wp\/v2\/media?parent=69487"}],"wp:term":[{"taxonomy":"category","embeddable":true,"href":"https:\/\/eltrabajo.cl\/portal\/wp-json\/wp\/v2\/categories?post=69487"},{"taxonomy":"post_tag","embeddable":true,"href":"https:\/\/eltrabajo.cl\/portal\/wp-json\/wp\/v2\/tags?post=69487"}],"curies":[{"name":"wp","href":"https:\/\/api.w.org\/{rel}","templated":true}]}}