{"id":69497,"date":"2016-05-06T09:49:19","date_gmt":"2016-05-06T12:49:19","guid":{"rendered":"http:\/\/www.eltrabajo.cl\/portal\/?p=69497"},"modified":"2016-05-06T09:49:19","modified_gmt":"2016-05-06T12:49:19","slug":"referee-sanfelipena-estara-presente-en-juegos-olimpicos-rio-de-janeiro-2016","status":"publish","type":"post","link":"https:\/\/eltrabajo.cl\/portal\/referee-sanfelipena-estara-presente-en-juegos-olimpicos-rio-de-janeiro-2016\/","title":{"rendered":"Referee sanfelipe\u00f1a estar\u00e1 presente en Juegos Ol\u00edmpicos R\u00edo de Janeiro 2016"},"content":{"rendered":"<ul>\n<li><strong>Mar\u00eda Bel\u00e9n Carvajal Pe\u00f1a fue designada por la FIFA como una de las dos representantes nacionales en la cita de los anillos<\/strong><\/li>\n<li><strong>Ex alumna del Santa Juana, recibi\u00f3 la noticia en medio de un curso de perfeccionamiento que se desarrolla en Miami, Estados Unidos, al que asisten los \u00e1rbitros de elite de todo el continente, con miras a los pr\u00f3ximos mundiales de f\u00fatbol de Rusia 2018 y Francia 2019<\/strong><\/li>\n<\/ul>\n<p>Posiblemente a muchos amantes del deporte en el Valle de Aconcagua no les resulte conocido el nombre Mar\u00eda Bel\u00e9n Carvajal Pe\u00f1a. Quiz\u00e1s la mayor\u00eda, a nivel internacional, tiene como m\u00e1ximos exponentes femeninos del deporte local a la extraordinaria Natalia Duc\u00f3 y a la extrema Nataly Rozas. La lista sigue siendo reducida si buscamos a alg\u00fan sanfelipe\u00f1o que brille con luces propias en alguna disciplina deportiva en el extranjero.<br \/>\nSin embargo, aqu\u00e9lla escueta n\u00f3mina ha sumado un nuevo integrante, y es nuevamente el sexo femenino el que representar\u00e1 al Valle de Aconcagua a nivel internacional, luego de confirmarse la designaci\u00f3n de la sanfelipe\u00f1a Bel\u00e9n Carvajal Pe\u00f1a, \u00e1rbitra FIFA, como una de las dos representantes del referato nacional en los pr\u00f3ximos Juegos Ol\u00edmpicos de R\u00edo de Janeiro, a partir de agosto pr\u00f3ximo.<br \/>\nBel\u00e9n Carvajal Pe\u00f1a, tiene 30 a\u00f1os y fue alumna del Colegio Santa Juana de Arco. La noticia de su nominaci\u00f3n como juez de los J.J.O.O. se confirm\u00f3 esta semana, mientras la referee se encuentra en Miami, Estados Unidos, en un curso de perfeccionamiento destinado a los \u00e1rbitros de Conmebol y Concacaf, que eventualmente podr\u00edan participar en los mundiales de Rusia 2018 (varones) y Francia 2019 (mujeres).<br \/>\nEn medio de este curso FIFA, fue que Bel\u00e9n recibi\u00f3 la noticia de que participar\u00e1 del torneo de f\u00fatbol femenino que se desarrollar\u00e1 en la cita ol\u00edmpica, hecho que seg\u00fan dijo la remeci\u00f3 por completo.<br \/>\n\u201cEsto era s\u00faper inesperado para m\u00ed, nunca pens\u00e9 que iba a ser nominada para las olimpiadas, estoy contenta, insisto no estaba en mis planes pero estoy inmensamente feliz, es un regalo de la vida y a la vez una gran responsabilidad\u201d, sostuvo.<br \/>\nRespecto de esta semana en Estados Unidos y de la experiencia vivida junto a su compa\u00f1era referee, la \u00e1rbitra asistente Loreto Toloza y a los destacados jueces nacionales Enrique Osses y Julio Bascu\u00f1\u00e1n, la sanfelipe\u00f1a cont\u00f3 que \u201ceste curso consta de un perfeccionamiento f\u00edsico-te\u00f3rico, con trivias y videotest, donde te hacen realizar una evaluaci\u00f3n de distintas jugadas-, tambi\u00e9n tenemos un examen m\u00e9dico y otro psicol\u00f3gico\u201d, describi\u00f3.<br \/>\nEl regreso de Carvajal a Chile est\u00e1 programado para el pr\u00f3ximo s\u00e1bado, donde seguramente tendr\u00e1 que seguir intensificando su preparaci\u00f3n para el certamen atl\u00e9tico m\u00e1s importante del planeta.<\/p>\n<figure id=\"attachment_69498\" aria-describedby=\"caption-attachment-69498\" style=\"width: 530px\" class=\"wp-caption alignleft\"><a href=\"http:\/\/www.eltrabajo.cl\/portal\/referee-sanfelipena-estara-presente-en-juegos-olimpicos-rio-de-janeiro-2016\/belen-carvajal\/\" rel=\"attachment wp-att-69498\"><img data-recalc-dims=\"1\" loading=\"lazy\" decoding=\"async\" class=\"size-full wp-image-69498\" src=\"https:\/\/i0.wp.com\/www.eltrabajo.cl\/portal\/wp-content\/uploads\/2016\/05\/Belen-Carvajal.jpg?resize=530%2C349\" alt=\"Bel\u00e9n Carvajal, sanfelipe\u00f1a \u00e1rbitro FIFA, designada como Juez del torneo de f\u00fatbol de los Juegos Ol\u00edmpicos de Rio de Janeiro.\" width=\"530\" height=\"349\" srcset=\"https:\/\/i0.wp.com\/eltrabajo.cl\/portal\/wp-content\/uploads\/2016\/05\/Belen-Carvajal.jpg?w=530&amp;ssl=1 530w, https:\/\/i0.wp.com\/eltrabajo.cl\/portal\/wp-content\/uploads\/2016\/05\/Belen-Carvajal.jpg?resize=200%2C132&amp;ssl=1 200w, https:\/\/i0.wp.com\/eltrabajo.cl\/portal\/wp-content\/uploads\/2016\/05\/Belen-Carvajal.jpg?resize=300%2C198&amp;ssl=1 300w, https:\/\/i0.wp.com\/eltrabajo.cl\/portal\/wp-content\/uploads\/2016\/05\/Belen-Carvajal.jpg?resize=228%2C150&amp;ssl=1 228w, https:\/\/i0.wp.com\/eltrabajo.cl\/portal\/wp-content\/uploads\/2016\/05\/Belen-Carvajal.jpg?resize=400%2C263&amp;ssl=1 400w\" sizes=\"auto, (max-width: 530px) 100vw, 530px\" \/><\/a><figcaption id=\"caption-attachment-69498\" class=\"wp-caption-text\">Bel\u00e9n Carvajal, sanfelipe\u00f1a \u00e1rbitro FIFA, designada como Juez del torneo de f\u00fatbol de los Juegos Ol\u00edmpicos de Rio de Janeiro.<\/figcaption><\/figure>\n","protected":false},"excerpt":{"rendered":"<p>Mar\u00eda Bel\u00e9n Carvajal Pe\u00f1a fue designada por la FIFA como una de las dos representantes nacionales en la cita de los anillos Ex alumna del Santa Juana, recibi\u00f3 la noticia en medio&#8230;<\/p>\n","protected":false},"author":1,"featured_media":69498,"comment_status":"open","ping_status":"open","sticky":false,"template":"","format":"standard","meta":{"advanced_seo_description":"","jetpack_seo_html_title":"","jetpack_seo_noindex":false,"_jetpack_memberships_contains_paid_content":false,"footnotes":""},"categories":[15],"tags":[],"class_list":["post-69497","post","type-post","status-publish","format-standard","has-post-thumbnail","hentry","category-comunidad"],"jetpack_featured_media_url":"https:\/\/i0.wp.com\/eltrabajo.cl\/portal\/wp-content\/uploads\/2016\/05\/Belen-Carvajal.jpg?fit=530%2C349&ssl=1","jetpack_sharing_enabled":true,"jetpack_likes_enabled":true,"jetpack-related-posts":[],"_links":{"self":[{"href":"https:\/\/eltrabajo.cl\/portal\/wp-json\/wp\/v2\/posts\/69497","targetHints":{"allow":["GET"]}}],"collection":[{"href":"https:\/\/eltrabajo.cl\/portal\/wp-json\/wp\/v2\/posts"}],"about":[{"href":"https:\/\/eltrabajo.cl\/portal\/wp-json\/wp\/v2\/types\/post"}],"author":[{"embeddable":true,"href":"https:\/\/eltrabajo.cl\/portal\/wp-json\/wp\/v2\/users\/1"}],"replies":[{"embeddable":true,"href":"https:\/\/eltrabajo.cl\/portal\/wp-json\/wp\/v2\/comments?post=69497"}],"version-history":[{"count":0,"href":"https:\/\/eltrabajo.cl\/portal\/wp-json\/wp\/v2\/posts\/69497\/revisions"}],"wp:featuredmedia":[{"embeddable":true,"href":"https:\/\/eltrabajo.cl\/portal\/wp-json\/wp\/v2\/media\/69498"}],"wp:attachment":[{"href":"https:\/\/eltrabajo.cl\/portal\/wp-json\/wp\/v2\/media?parent=69497"}],"wp:term":[{"taxonomy":"category","embeddable":true,"href":"https:\/\/eltrabajo.cl\/portal\/wp-json\/wp\/v2\/categories?post=69497"},{"taxonomy":"post_tag","embeddable":true,"href":"https:\/\/eltrabajo.cl\/portal\/wp-json\/wp\/v2\/tags?post=69497"}],"curies":[{"name":"wp","href":"https:\/\/api.w.org\/{rel}","templated":true}]}}