{"id":69507,"date":"2016-05-09T08:37:12","date_gmt":"2016-05-09T11:37:12","guid":{"rendered":"http:\/\/www.eltrabajo.cl\/portal\/?p=69507"},"modified":"2016-05-09T08:37:12","modified_gmt":"2016-05-09T11:37:12","slug":"antes-de-fin-de-ano-debiera-estar-en-funcionamiento-cecosf-de-las-coimas","status":"publish","type":"post","link":"https:\/\/eltrabajo.cl\/portal\/antes-de-fin-de-ano-debiera-estar-en-funcionamiento-cecosf-de-las-coimas\/","title":{"rendered":"Antes de fin de a\u00f1o debiera estar en funcionamiento CECOSF de Las Coimas"},"content":{"rendered":"<ul>\n<li><strong>Recinto de atenci\u00f3n primaria tendr\u00e1 una cobertura cl\u00ednica cercana a las 4 mil personas:\u00a0Construcci\u00f3n de 320 mts. 2 entregar\u00e1 servicios m\u00e9dicos a vecinos de La Orilla, Rinconada de Silva, Tabolango y otras localidades.<\/strong><\/li>\n<\/ul>\n<p>Con una inversi\u00f3n cercana a los 400 millones de pesos, el viernes pasado se puso de forma simb\u00f3lica, la primera piedra de lo que ser\u00e1 el nuevo Centro Comunitario de Salud Familiar, CECOSF, en el sector de Las Coimas en Putaendo, recinto m\u00e9dico que debiera estar terminado a fines del mes de agosto.<br \/>\nCon una construcci\u00f3n de 320 mts.2 de superficie, el establecimiento contar\u00e1 con 1 box cl\u00ednico, 1 box de ex\u00e1menes, un box de procedimiento, 1 box dental, 1 box ginecol\u00f3gico, una sala multiuso, un sal\u00f3n de medicamentos y otro destinado a alimentaci\u00f3n, beneficiando a m\u00e1s de 2 mil personas del sector, aunque si se consideran tambi\u00e9n los vecinos de La Orilla, Rinconada de Silva y Tabolango, la cobertura cl\u00ednica podr\u00eda llegar a los 4 mil pacientes.<br \/>\nComo es costumbre, la Directora del Servicio de Salud Aconcagua, SSA, Dra. Vilma Olave, hizo menci\u00f3n al compromiso de la Presidenta de la Rep\u00fablica Michelle Bachelet, respecto de los 4 millones de d\u00f3lares que se invertir\u00e1n en mejorar la calidad de la atenci\u00f3n de salud de los chilenos y chilenas durante el Gobierno en ejercicio.<br \/>\n\u00abEste es un hito fundamental, que significa un nuevo dispositivo de salud, a diferencia de las reposiciones. Por otro lado, est\u00e1 en un sector altamente demandado por personas que ten\u00edan dificultades para acceder a atenci\u00f3n de salud, por costo de movilizaci\u00f3n y accesibilidad\u00bb, manifest\u00f3 la Directora del SSA.<br \/>\nRespecto de las caracter\u00edsticas que diferencian a un CECOSF de otros recintos de salud, Olave agreg\u00f3 que \u00abeste tipo de establecimientos cuenta con todas las prestaciones de atenci\u00f3n primaria, con un equipo estable con dotaci\u00f3n de m\u00e9dicos y todo un equipo completo. Adem\u00e1s de que est\u00e1 ubicado en un polo que promete, ya que, m\u00e1s adelante es probable que se puedan realizar algunas obras en este sector, embellecerlo y generar m\u00e1s desarrollo en la localidad de Las Coimas y sus alrededores\u00bb, expres\u00f3.<br \/>\nJunto con agradecer a los equipos t\u00e9cnicos involucrados, tanto del SSA, como de la Municipalidad de Putaendo, Olave destac\u00f3 a las autoridades involucradas en que el proyecto del CECOSF Las Coimas, se transformara en una prioridad para el Gobierno en ejercicio. \u00abQuiero agradecer al diputado Marco Antonio N\u00fa\u00f1ez, al alcalde Guillermo Reyes, al Gobernador de la Provincia de San Felipe, Eduardo Le\u00f3n y a los consejeros regionales\u00bb, detall\u00f3, a\u00f1adiendo que todo el equipamiento que necesitar\u00e1 el establecimiento, ya fue comprado y se encuentra almacenado esperando, que el CECOSF comience su funcionamiento.<br \/>\nJessica Vega Mu\u00f1oz, presidenta de la APR (Agua Potable Rural) de Las Coimas, afirm\u00f3 que la obra es un sue\u00f1o hecho realidad, puesto que \u00abpeleamos esto por m\u00e1s de 15 a\u00f1os, primero por una posta, que era lo m\u00e1s peque\u00f1o que exist\u00eda y ahora tenemos una gran construcci\u00f3n y ojal\u00e1, tal como se lo dije a la Directora, que ahora contemos con la implementaci\u00f3n. No sacamos nada con tener una obra maestra de tantos millones de pesos si no va a tener un due\u00f1o de casa un m\u00e9dico, eso es lo que necesitamos\u00bb, enfatiz\u00f3.<br \/>\n\u00abNo queremos que esto sea solamente una infraestructura bonita que solamente se mire por fuera para la foto y vengan los pacientes enfermos y no tengamos m\u00e9dicas para atenderlos, se valora la construcci\u00f3n, se lo agradecemos a las autoridades, pero ahora queremos que esto funcione, como corresponde, de lunes a viernes, con doctores aptos y capacitados\u00bb, expuso la dirigente.<br \/>\nPara el alcalde de la de Putaendo Guillermo Reyes, la construcci\u00f3n del CECOSF Las Coimas, adquiere una trascendencia especial, pues seg\u00fan afirm\u00f3, permitir\u00e1 descongestionar otros centros de atenci\u00f3n primaria de la comuna.<br \/>\n\u00abTiene un efecto colateral positivo, el CESFAM es muy peque\u00f1o, est\u00e1 colapsado en sus espacios, tiene una muy buena atenci\u00f3n pero estamos tratando de gestionar uno nuevo, mientras tanto, va haber un alivio, porque la gente de Las Coimas no se atender\u00e1 all\u00e1, va a estar aqu\u00ed y eso va ayudar a que en el sector c\u00e9ntrico, hayan menos colas y m\u00e1s n\u00fameros de atenci\u00f3n disponibles\u00bb, sentenci\u00f3 el edil.<\/p>\n<figure id=\"attachment_69510\" aria-describedby=\"caption-attachment-69510\" style=\"width: 300px\" class=\"wp-caption alignleft\"><a href=\"http:\/\/www.eltrabajo.cl\/portal\/antes-de-fin-de-ano-debiera-estar-en-funcionamiento-cecosf-de-las-coimas\/foto-2-jessica-vega-munoz-presidenta-apr-las-coimas\/\" rel=\"attachment wp-att-69510\"><img data-recalc-dims=\"1\" loading=\"lazy\" decoding=\"async\" class=\"size-medium wp-image-69510\" src=\"https:\/\/i0.wp.com\/www.eltrabajo.cl\/portal\/wp-content\/uploads\/2016\/05\/foto-2-Jessica-Vega-Mu%C3%B1oz-Presidenta-Apr-Las-Coimas-300x198.jpg?resize=300%2C198\" alt=\"Jessica Vega Mu\u00f1oz, Presidenta del APR Las Coimas.\" width=\"300\" height=\"198\" srcset=\"https:\/\/i0.wp.com\/eltrabajo.cl\/portal\/wp-content\/uploads\/2016\/05\/foto-2-Jessica-Vega-Mu%C3%B1oz-Presidenta-Apr-Las-Coimas.jpg?resize=300%2C198&amp;ssl=1 300w, https:\/\/i0.wp.com\/eltrabajo.cl\/portal\/wp-content\/uploads\/2016\/05\/foto-2-Jessica-Vega-Mu%C3%B1oz-Presidenta-Apr-Las-Coimas.jpg?resize=200%2C132&amp;ssl=1 200w, https:\/\/i0.wp.com\/eltrabajo.cl\/portal\/wp-content\/uploads\/2016\/05\/foto-2-Jessica-Vega-Mu%C3%B1oz-Presidenta-Apr-Las-Coimas.jpg?resize=228%2C150&amp;ssl=1 228w, https:\/\/i0.wp.com\/eltrabajo.cl\/portal\/wp-content\/uploads\/2016\/05\/foto-2-Jessica-Vega-Mu%C3%B1oz-Presidenta-Apr-Las-Coimas.jpg?resize=400%2C263&amp;ssl=1 400w, https:\/\/i0.wp.com\/eltrabajo.cl\/portal\/wp-content\/uploads\/2016\/05\/foto-2-Jessica-Vega-Mu%C3%B1oz-Presidenta-Apr-Las-Coimas.jpg?w=530&amp;ssl=1 530w\" sizes=\"auto, (max-width: 300px) 100vw, 300px\" \/><\/a><figcaption id=\"caption-attachment-69510\" class=\"wp-caption-text\">Jessica Vega Mu\u00f1oz, Presidenta del APR Las Coimas.<\/figcaption><\/figure>\n<figure id=\"attachment_69511\" aria-describedby=\"caption-attachment-69511\" style=\"width: 300px\" class=\"wp-caption alignleft\"><a href=\"http:\/\/www.eltrabajo.cl\/portal\/antes-de-fin-de-ano-debiera-estar-en-funcionamiento-cecosf-de-las-coimas\/foto-3-guillermo-reyes\/\" rel=\"attachment wp-att-69511\"><img data-recalc-dims=\"1\" loading=\"lazy\" decoding=\"async\" class=\"size-medium wp-image-69511\" src=\"https:\/\/i0.wp.com\/www.eltrabajo.cl\/portal\/wp-content\/uploads\/2016\/05\/foto-3-Guillermo-Reyes-300x197.jpg?resize=300%2C197\" alt=\"Alcalde de Putaendo, Guillermo Reyes.\" width=\"300\" height=\"197\" srcset=\"https:\/\/i0.wp.com\/eltrabajo.cl\/portal\/wp-content\/uploads\/2016\/05\/foto-3-Guillermo-Reyes.jpg?resize=300%2C197&amp;ssl=1 300w, https:\/\/i0.wp.com\/eltrabajo.cl\/portal\/wp-content\/uploads\/2016\/05\/foto-3-Guillermo-Reyes.jpg?resize=200%2C131&amp;ssl=1 200w, https:\/\/i0.wp.com\/eltrabajo.cl\/portal\/wp-content\/uploads\/2016\/05\/foto-3-Guillermo-Reyes.jpg?resize=228%2C150&amp;ssl=1 228w, https:\/\/i0.wp.com\/eltrabajo.cl\/portal\/wp-content\/uploads\/2016\/05\/foto-3-Guillermo-Reyes.jpg?resize=400%2C263&amp;ssl=1 400w, https:\/\/i0.wp.com\/eltrabajo.cl\/portal\/wp-content\/uploads\/2016\/05\/foto-3-Guillermo-Reyes.jpg?w=530&amp;ssl=1 530w\" sizes=\"auto, (max-width: 300px) 100vw, 300px\" \/><\/a><figcaption id=\"caption-attachment-69511\" class=\"wp-caption-text\">Alcalde de Putaendo, Guillermo Reyes.<\/figcaption><\/figure>\n<figure id=\"attachment_69509\" aria-describedby=\"caption-attachment-69509\" style=\"width: 530px\" class=\"wp-caption alignleft\"><a href=\"http:\/\/www.eltrabajo.cl\/portal\/antes-de-fin-de-ano-debiera-estar-en-funcionamiento-cecosf-de-las-coimas\/cescosf\/\" rel=\"attachment wp-att-69509\"><img data-recalc-dims=\"1\" loading=\"lazy\" decoding=\"async\" class=\"size-full wp-image-69509\" src=\"https:\/\/i0.wp.com\/www.eltrabajo.cl\/portal\/wp-content\/uploads\/2016\/05\/CESCOSF.jpg?resize=530%2C349\" alt=\"Dra. Vilma Olave, Directora del Servicio de Salud Aconcagua, SSA. Se dispone a colocar, de forma simb\u00f3lica, la primera piedra delnuevo CECOSF Las Coimas.\" width=\"530\" height=\"349\" srcset=\"https:\/\/i0.wp.com\/eltrabajo.cl\/portal\/wp-content\/uploads\/2016\/05\/CESCOSF.jpg?w=530&amp;ssl=1 530w, https:\/\/i0.wp.com\/eltrabajo.cl\/portal\/wp-content\/uploads\/2016\/05\/CESCOSF.jpg?resize=200%2C132&amp;ssl=1 200w, https:\/\/i0.wp.com\/eltrabajo.cl\/portal\/wp-content\/uploads\/2016\/05\/CESCOSF.jpg?resize=300%2C198&amp;ssl=1 300w, https:\/\/i0.wp.com\/eltrabajo.cl\/portal\/wp-content\/uploads\/2016\/05\/CESCOSF.jpg?resize=228%2C150&amp;ssl=1 228w, https:\/\/i0.wp.com\/eltrabajo.cl\/portal\/wp-content\/uploads\/2016\/05\/CESCOSF.jpg?resize=400%2C263&amp;ssl=1 400w\" sizes=\"auto, (max-width: 530px) 100vw, 530px\" \/><\/a><figcaption id=\"caption-attachment-69509\" class=\"wp-caption-text\">Dra. Vilma Olave, Directora del Servicio de Salud Aconcagua, SSA. Se dispone a colocar, de forma simb\u00f3lica, la primera piedra delnuevo CECOSF Las Coimas.<\/figcaption><\/figure>\n","protected":false},"excerpt":{"rendered":"<p>Recinto de atenci\u00f3n primaria tendr\u00e1 una cobertura cl\u00ednica cercana a las 4 mil personas:\u00a0Construcci\u00f3n de 320 mts. 2 entregar\u00e1 servicios m\u00e9dicos a vecinos de La Orilla, Rinconada de Silva, Tabolango y otras&#8230;<\/p>\n","protected":false},"author":1,"featured_media":69509,"comment_status":"open","ping_status":"open","sticky":false,"template":"","format":"standard","meta":{"advanced_seo_description":"","jetpack_seo_html_title":"","jetpack_seo_noindex":false,"_jetpack_memberships_contains_paid_content":false,"footnotes":""},"categories":[1],"tags":[],"class_list":["post-69507","post","type-post","status-publish","format-standard","has-post-thumbnail","hentry","category-cronica"],"jetpack_featured_media_url":"https:\/\/i0.wp.com\/eltrabajo.cl\/portal\/wp-content\/uploads\/2016\/05\/CESCOSF.jpg?fit=530%2C349&ssl=1","jetpack_sharing_enabled":true,"jetpack_likes_enabled":true,"jetpack-related-posts":[],"_links":{"self":[{"href":"https:\/\/eltrabajo.cl\/portal\/wp-json\/wp\/v2\/posts\/69507","targetHints":{"allow":["GET"]}}],"collection":[{"href":"https:\/\/eltrabajo.cl\/portal\/wp-json\/wp\/v2\/posts"}],"about":[{"href":"https:\/\/eltrabajo.cl\/portal\/wp-json\/wp\/v2\/types\/post"}],"author":[{"embeddable":true,"href":"https:\/\/eltrabajo.cl\/portal\/wp-json\/wp\/v2\/users\/1"}],"replies":[{"embeddable":true,"href":"https:\/\/eltrabajo.cl\/portal\/wp-json\/wp\/v2\/comments?post=69507"}],"version-history":[{"count":0,"href":"https:\/\/eltrabajo.cl\/portal\/wp-json\/wp\/v2\/posts\/69507\/revisions"}],"wp:featuredmedia":[{"embeddable":true,"href":"https:\/\/eltrabajo.cl\/portal\/wp-json\/wp\/v2\/media\/69509"}],"wp:attachment":[{"href":"https:\/\/eltrabajo.cl\/portal\/wp-json\/wp\/v2\/media?parent=69507"}],"wp:term":[{"taxonomy":"category","embeddable":true,"href":"https:\/\/eltrabajo.cl\/portal\/wp-json\/wp\/v2\/categories?post=69507"},{"taxonomy":"post_tag","embeddable":true,"href":"https:\/\/eltrabajo.cl\/portal\/wp-json\/wp\/v2\/tags?post=69507"}],"curies":[{"name":"wp","href":"https:\/\/api.w.org\/{rel}","templated":true}]}}