{"id":69514,"date":"2016-05-09T08:39:37","date_gmt":"2016-05-09T11:39:37","guid":{"rendered":"http:\/\/www.eltrabajo.cl\/portal\/?p=69514"},"modified":"2016-05-09T08:39:37","modified_gmt":"2016-05-09T11:39:37","slug":"cinco-escuelas-del-valle-priorizadas-por-conaf-para-proyectos-de-arborizacion","status":"publish","type":"post","link":"https:\/\/eltrabajo.cl\/portal\/cinco-escuelas-del-valle-priorizadas-por-conaf-para-proyectos-de-arborizacion\/","title":{"rendered":"Cinco escuelas del valle priorizadas por Conaf para proyectos de arborizaci\u00f3n"},"content":{"rendered":"<ul>\n<li><strong>Se trata de las escuelas Mateo Cokljat Knezic (San Felipe), Guillermo Ba\u00f1ados Honorato (Santa Mar\u00eda), La Pampilla (Calle Larga), Silvio Zanteno Vergara (San Esteban) y Paso Hist\u00f3rico El T\u00e1rtaro (Putaendo).<\/strong><\/li>\n<\/ul>\n<p>Luego de recibir y analizar diferentes propuestas, la Corporaci\u00f3n Nacional Forestal (Conaf) seleccion\u00f3 los primeros 20 establecimientos educacionales de la regi\u00f3n donde llevar\u00e1 a cabo proyectos de arborizaci\u00f3n urbana este a\u00f1o.<br \/>\nEn ellos se realizar\u00e1n charlas t\u00e9cnicas respecto a la plantaci\u00f3n, mantenci\u00f3n y beneficios de los \u00e1rboles, con el objetivo que las iniciativas puedan perdurar en el tiempo.<br \/>\nEn la provincia de Los Andes fueron seleccionadas la escuela Silvio Zenteno del sector La Florida, en la comuna de San Esteban, y la escuela La Pampilla de Calle Larga. En la provincia de San Felipe, en tanto, le correspondi\u00f3 a las escuelas Mateo Cokljat Knezic de San Felipe, Guillermo Ba\u00f1ados Honorato de Santa Mar\u00eda, y Paso Hist\u00f3rico El T\u00e1rtaro de Putaendo.<br \/>\nSeg\u00fan explic\u00f3 el director regional (s) de Conaf, Claudio Ilabaca, durante las jornadas de educaci\u00f3n ambiental \u00abse recoger\u00e1n las principales inquietudes y requerimientos, entre ellas, el n\u00famero de plantas que se entregar\u00e1, los sectores que ser\u00e1n intervenidos y, por supuesto, las actividades que se realizar\u00e1n junto a las comunidades escolares\u00bb.<br \/>\nAgreg\u00f3 que \u00aba trav\u00e9s del programa + \u00c1rboles para Chile, la Corporaci\u00f3n tiene como meta la entrega de 120 mil ejemplares arb\u00f3reos en la zona, principalmente especies nativas. La idea es que estas plantas permitan la generaci\u00f3n de espacios sustentables con el medio ambiente, y para eso estamos desarrollando convenios con instituciones educativas, organizaciones sociales y municipalidades\u00bb.<br \/>\nPor su parte, el jefe del Departamento de Desarrollo y Fomento Forestal de Conaf, Miguel Leiva, precis\u00f3 que \u00abla misi\u00f3n fundamental de nuestro organismo es la conservaci\u00f3n de los ecosistemas forestales y, en ese sentido, un eje central de nuestro accionar apunta a disminuir la brecha existente en torno al n\u00famero de \u00e1reas verdes por habitantes. De nada sirve entregar \u00e1rboles a la comunidad si \u00e9stos no van a ser correctamente plantados o cuidados. Por eso estamos brindando asesor\u00eda t\u00e9cnica a todos los proyectos aprobados, especialmente en las escuelas, porque queremos incentivar a los ni\u00f1os y j\u00f3venes con esta linda tarea que es el desarrollo de entornos saludables y amigables con el medio ambiente\u00bb, acot\u00f3.<\/p>\n<figure id=\"attachment_69515\" aria-describedby=\"caption-attachment-69515\" style=\"width: 528px\" class=\"wp-caption alignleft\"><a href=\"http:\/\/www.eltrabajo.cl\/portal\/cinco-escuelas-del-valle-priorizadas-por-conaf-para-proyectos-de-arborizacion\/plantando-arbol\/\" rel=\"attachment wp-att-69515\"><img data-recalc-dims=\"1\" loading=\"lazy\" decoding=\"async\" class=\"size-full wp-image-69515\" src=\"https:\/\/i0.wp.com\/www.eltrabajo.cl\/portal\/wp-content\/uploads\/2016\/05\/plantando-arbol.jpg?resize=528%2C350\" alt=\"El objetivo es que los ni\u00f1os y j\u00f3venes, al plantar un \u00e1rbol, tomen conciencia, se incentiven y aprendan a cuidarlos. (Archivo).\" width=\"528\" height=\"350\" srcset=\"https:\/\/i0.wp.com\/eltrabajo.cl\/portal\/wp-content\/uploads\/2016\/05\/plantando-arbol.jpg?w=528&amp;ssl=1 528w, https:\/\/i0.wp.com\/eltrabajo.cl\/portal\/wp-content\/uploads\/2016\/05\/plantando-arbol.jpg?resize=200%2C133&amp;ssl=1 200w, https:\/\/i0.wp.com\/eltrabajo.cl\/portal\/wp-content\/uploads\/2016\/05\/plantando-arbol.jpg?resize=300%2C199&amp;ssl=1 300w, https:\/\/i0.wp.com\/eltrabajo.cl\/portal\/wp-content\/uploads\/2016\/05\/plantando-arbol.jpg?resize=226%2C150&amp;ssl=1 226w, https:\/\/i0.wp.com\/eltrabajo.cl\/portal\/wp-content\/uploads\/2016\/05\/plantando-arbol.jpg?resize=400%2C265&amp;ssl=1 400w\" sizes=\"auto, (max-width: 528px) 100vw, 528px\" \/><\/a><figcaption id=\"caption-attachment-69515\" class=\"wp-caption-text\">El objetivo es que los ni\u00f1os y j\u00f3venes, al plantar un \u00e1rbol, tomen conciencia, se incentiven y aprendan a cuidarlos. (Archivo).<\/figcaption><\/figure>\n","protected":false},"excerpt":{"rendered":"<p>Se trata de las escuelas Mateo Cokljat Knezic (San Felipe), Guillermo Ba\u00f1ados Honorato (Santa Mar\u00eda), La Pampilla (Calle Larga), Silvio Zanteno Vergara (San Esteban) y Paso Hist\u00f3rico El T\u00e1rtaro (Putaendo). Luego de&#8230;<\/p>\n","protected":false},"author":1,"featured_media":69515,"comment_status":"open","ping_status":"open","sticky":false,"template":"","format":"standard","meta":{"advanced_seo_description":"","jetpack_seo_html_title":"","jetpack_seo_noindex":false,"_jetpack_memberships_contains_paid_content":false,"footnotes":""},"categories":[1],"tags":[],"class_list":["post-69514","post","type-post","status-publish","format-standard","has-post-thumbnail","hentry","category-cronica"],"jetpack_featured_media_url":"https:\/\/i0.wp.com\/eltrabajo.cl\/portal\/wp-content\/uploads\/2016\/05\/plantando-arbol.jpg?fit=528%2C350&ssl=1","jetpack_sharing_enabled":true,"jetpack_likes_enabled":true,"jetpack-related-posts":[],"_links":{"self":[{"href":"https:\/\/eltrabajo.cl\/portal\/wp-json\/wp\/v2\/posts\/69514","targetHints":{"allow":["GET"]}}],"collection":[{"href":"https:\/\/eltrabajo.cl\/portal\/wp-json\/wp\/v2\/posts"}],"about":[{"href":"https:\/\/eltrabajo.cl\/portal\/wp-json\/wp\/v2\/types\/post"}],"author":[{"embeddable":true,"href":"https:\/\/eltrabajo.cl\/portal\/wp-json\/wp\/v2\/users\/1"}],"replies":[{"embeddable":true,"href":"https:\/\/eltrabajo.cl\/portal\/wp-json\/wp\/v2\/comments?post=69514"}],"version-history":[{"count":0,"href":"https:\/\/eltrabajo.cl\/portal\/wp-json\/wp\/v2\/posts\/69514\/revisions"}],"wp:featuredmedia":[{"embeddable":true,"href":"https:\/\/eltrabajo.cl\/portal\/wp-json\/wp\/v2\/media\/69515"}],"wp:attachment":[{"href":"https:\/\/eltrabajo.cl\/portal\/wp-json\/wp\/v2\/media?parent=69514"}],"wp:term":[{"taxonomy":"category","embeddable":true,"href":"https:\/\/eltrabajo.cl\/portal\/wp-json\/wp\/v2\/categories?post=69514"},{"taxonomy":"post_tag","embeddable":true,"href":"https:\/\/eltrabajo.cl\/portal\/wp-json\/wp\/v2\/tags?post=69514"}],"curies":[{"name":"wp","href":"https:\/\/api.w.org\/{rel}","templated":true}]}}