{"id":69518,"date":"2016-05-09T08:41:13","date_gmt":"2016-05-09T11:41:13","guid":{"rendered":"http:\/\/www.eltrabajo.cl\/portal\/?p=69518"},"modified":"2016-05-09T08:41:13","modified_gmt":"2016-05-09T11:41:13","slug":"se-inicio-proyecto-construccion-de-veredas-en-sector-de-las-cuatro-villas","status":"publish","type":"post","link":"https:\/\/eltrabajo.cl\/portal\/se-inicio-proyecto-construccion-de-veredas-en-sector-de-las-cuatro-villas\/","title":{"rendered":"Se inici\u00f3 proyecto construcci\u00f3n de veredas en sector de \u2018Las Cuatro Villas\u201d"},"content":{"rendered":"<ul>\n<li><strong>Programa Quiero mi Barrio:\u00a0\u201cAntes la comuna terminaba en la l\u00ednea del tren, pero hoy las autoridades nos est\u00e1n apoyando y nos est\u00e1n considerando para por fin sacarnos el estigma\u201d, se\u00f1al\u00f3 el Presidente del Consejo Vecinal, Giovanni Irarr\u00e1zaval.<\/strong><\/li>\n<\/ul>\n<p>Tras desarrollar un proceso participativo y absolutamente vinculante, se dio el vamos en el Barrio \u201cLas 4 Villas\u201d de San Felipe, siendo la primera obra de confianza establecida en el marco del Programa Quiero mi Barrio, correspondiente a la construcci\u00f3n de veredas por un monto de 35 millones de pesos.<br \/>\nEn la tarde del viernes, autoridades encabezadas por el alcalde Patricio Freire, adem\u00e1s de vecinos de Las 4 Villas, participaron en la plantaci\u00f3n de un \u00e1rbol como s\u00edmbolo del proceso que se est\u00e1 iniciando en el sector, en torno a progresar en el mejoramiento de espacios comunes, como es en este caso de las veredas que favorecen la conectividad.<br \/>\nEste proyecto, que se ejecuta en el marco de una medida presidencial que prioriz\u00f3 este sector poblacional de la comuna para ser intervenido, forma parte de la serie de acciones que contempla el programa Quiero mi Barrio, donde son los propios vecinos los que definen las iniciativas de mejoramiento que se deben ejecutar y en este caso, una de las primeras corresponde a la construcci\u00f3n de veredas, que partir\u00e1 en el breve plazo.<br \/>\n\u201cLos vecinos definieron la construcci\u00f3n de veredas y el Quiero mi Barrio, permite subsanar las necesidades de la comunidad, que en este caso, ha establecido una iniciativa no menor, por 35 millones, pero vendr\u00e1n otras obras, porque este programa tiene una inversi\u00f3n de 700 millones de pesos, que definir\u00e1n tambi\u00e9n los vecinos\u201d, se\u00f1al\u00f3 Candia.<br \/>\nEn este mismo sentido, el alcalde Patricio Freire, manifest\u00f3 que el municipio est\u00e1 contribuyendo en esta tarea, pues en el corto plazo, se iniciar\u00e1 el recambio de luminarias en Las 4 Villas, correspondiente a una inversi\u00f3n municipal que favorecer\u00e1 a los vecinos. A\u00f1adi\u00f3 que \u201cestamos muy contentos porque con recursos del Gobierno, del Programa Quiero mi Barrio, empiezan las obras de confianza y los vecinos se est\u00e1n empoderando del desarrollo de su sector, para mejorar su calidad de vida\u201d.<br \/>\nEl presidente del Consejo Vecinal de Las 4 Villas, Giovanni Irarr\u00e1zaval, destac\u00f3 el respaldo de las autoridades, que les est\u00e1n apoyando para lograr un cambio radical en el sector y eliminar as\u00ed el estigma que por largo tiempo ha acompa\u00f1ado a las Villas 250 A\u00f1os, Renacer, Sol Naciente e Industrial.<br \/>\n\u201cPara nosotros este es un momento importante, porque estamos iniciando un cambio gigantesco, queremos dar a conocer a la gente que realmente queremos salir adelante y que queremos trabajar por nuestra calidad de vida. Ac\u00e1 don Patricio Freire y don Eduardo Le\u00f3n no nos han dejado solos, queremos sacarnos el estigma y aportar a nuestra ciudad. Antiguamente nosotros no pertenec\u00edamos a San Felipe, las autoridades pensaban que la comuna terminaba en la l\u00ednea del tren, pero eso ha cambiado y se lo debemos a las actuales autoridades\u201d, expres\u00f3 el dirigente vecinal.<br \/>\nAutoridades se mostraron satisfechos por el desarrollo de este programa en Las 4 Villas, se reunieron en su momento con la ministra de Vivienda, para pedir su apoyo en la ejecuci\u00f3n de esta iniciativa, que finalmente fue priorizada por la Presidenta Michelle Bachelet y que dijo, \u201cestamos muy optimistas de que se traduzca en un cambio rotundo para los vecinos de este sector de la comuna\u201d.<\/p>\n<figure id=\"attachment_69519\" aria-describedby=\"caption-attachment-69519\" style=\"width: 530px\" class=\"wp-caption alignleft\"><a href=\"http:\/\/www.eltrabajo.cl\/portal\/se-inicio-proyecto-construccion-de-veredas-en-sector-de-las-cuatro-villas\/foto-1-autoridades-participaron-en-la-plantaci\/\" rel=\"attachment wp-att-69519\"><img data-recalc-dims=\"1\" loading=\"lazy\" decoding=\"async\" class=\"size-full wp-image-69519\" src=\"https:\/\/i0.wp.com\/www.eltrabajo.cl\/portal\/wp-content\/uploads\/2016\/05\/FOTO-1-Autoridades-participaron-en-la-plantaci.jpg?resize=530%2C350\" alt=\"Autoridades participaron en la plantaci\u00f3n de un \u00e1rbol como s\u00edmbolo del proceso que se est\u00e1 iniciando en el sector \u2018Las cuatro Villas\u2019.\" width=\"530\" height=\"350\" srcset=\"https:\/\/i0.wp.com\/eltrabajo.cl\/portal\/wp-content\/uploads\/2016\/05\/FOTO-1-Autoridades-participaron-en-la-plantaci.jpg?w=530&amp;ssl=1 530w, https:\/\/i0.wp.com\/eltrabajo.cl\/portal\/wp-content\/uploads\/2016\/05\/FOTO-1-Autoridades-participaron-en-la-plantaci.jpg?resize=200%2C132&amp;ssl=1 200w, https:\/\/i0.wp.com\/eltrabajo.cl\/portal\/wp-content\/uploads\/2016\/05\/FOTO-1-Autoridades-participaron-en-la-plantaci.jpg?resize=300%2C198&amp;ssl=1 300w, https:\/\/i0.wp.com\/eltrabajo.cl\/portal\/wp-content\/uploads\/2016\/05\/FOTO-1-Autoridades-participaron-en-la-plantaci.jpg?resize=227%2C150&amp;ssl=1 227w, https:\/\/i0.wp.com\/eltrabajo.cl\/portal\/wp-content\/uploads\/2016\/05\/FOTO-1-Autoridades-participaron-en-la-plantaci.jpg?resize=400%2C264&amp;ssl=1 400w\" sizes=\"auto, (max-width: 530px) 100vw, 530px\" \/><\/a><figcaption id=\"caption-attachment-69519\" class=\"wp-caption-text\">Autoridades participaron en la plantaci\u00f3n de un \u00e1rbol como s\u00edmbolo del proceso que se est\u00e1 iniciando en el sector \u2018Las cuatro Villas\u2019.<\/figcaption><\/figure>\n","protected":false},"excerpt":{"rendered":"<p>Programa Quiero mi Barrio:\u00a0\u201cAntes la comuna terminaba en la l\u00ednea del tren, pero hoy las autoridades nos est\u00e1n apoyando y nos est\u00e1n considerando para por fin sacarnos el estigma\u201d, se\u00f1al\u00f3 el Presidente&#8230;<\/p>\n","protected":false},"author":1,"featured_media":69519,"comment_status":"open","ping_status":"open","sticky":false,"template":"","format":"standard","meta":{"advanced_seo_description":"","jetpack_seo_html_title":"","jetpack_seo_noindex":false,"_jetpack_memberships_contains_paid_content":false,"footnotes":""},"categories":[1],"tags":[],"class_list":["post-69518","post","type-post","status-publish","format-standard","has-post-thumbnail","hentry","category-cronica"],"jetpack_featured_media_url":"https:\/\/i0.wp.com\/eltrabajo.cl\/portal\/wp-content\/uploads\/2016\/05\/FOTO-1-Autoridades-participaron-en-la-plantaci.jpg?fit=530%2C350&ssl=1","jetpack_sharing_enabled":true,"jetpack_likes_enabled":true,"jetpack-related-posts":[],"_links":{"self":[{"href":"https:\/\/eltrabajo.cl\/portal\/wp-json\/wp\/v2\/posts\/69518","targetHints":{"allow":["GET"]}}],"collection":[{"href":"https:\/\/eltrabajo.cl\/portal\/wp-json\/wp\/v2\/posts"}],"about":[{"href":"https:\/\/eltrabajo.cl\/portal\/wp-json\/wp\/v2\/types\/post"}],"author":[{"embeddable":true,"href":"https:\/\/eltrabajo.cl\/portal\/wp-json\/wp\/v2\/users\/1"}],"replies":[{"embeddable":true,"href":"https:\/\/eltrabajo.cl\/portal\/wp-json\/wp\/v2\/comments?post=69518"}],"version-history":[{"count":0,"href":"https:\/\/eltrabajo.cl\/portal\/wp-json\/wp\/v2\/posts\/69518\/revisions"}],"wp:featuredmedia":[{"embeddable":true,"href":"https:\/\/eltrabajo.cl\/portal\/wp-json\/wp\/v2\/media\/69519"}],"wp:attachment":[{"href":"https:\/\/eltrabajo.cl\/portal\/wp-json\/wp\/v2\/media?parent=69518"}],"wp:term":[{"taxonomy":"category","embeddable":true,"href":"https:\/\/eltrabajo.cl\/portal\/wp-json\/wp\/v2\/categories?post=69518"},{"taxonomy":"post_tag","embeddable":true,"href":"https:\/\/eltrabajo.cl\/portal\/wp-json\/wp\/v2\/tags?post=69518"}],"curies":[{"name":"wp","href":"https:\/\/api.w.org\/{rel}","templated":true}]}}