{"id":69540,"date":"2016-05-09T08:56:26","date_gmt":"2016-05-09T11:56:26","guid":{"rendered":"http:\/\/www.eltrabajo.cl\/portal\/?p=69540"},"modified":"2016-05-09T08:56:26","modified_gmt":"2016-05-09T11:56:26","slug":"tres-mujeres-resultaron-heridas-al-estrellar-vehiculo-contra-una-casa-y-un-arbol","status":"publish","type":"post","link":"https:\/\/eltrabajo.cl\/portal\/tres-mujeres-resultaron-heridas-al-estrellar-vehiculo-contra-una-casa-y-un-arbol\/","title":{"rendered":"Tres mujeres resultaron heridas al estrellar veh\u00edculo contra una casa y un \u00e1rbol"},"content":{"rendered":"<ul>\n<li><strong>Por razones que se investigan, conductora perdi\u00f3 el control del m\u00f3vil y fue a impactar contra el muro de una vivienda para terminar partiendo un \u00e1rbol en dos en Los Villares.<\/strong><\/li>\n<\/ul>\n<p><strong>LOS ANDES.-<\/strong> Tres mujeres resultaron con heridas de diversa consideraci\u00f3n luego que el autom\u00f3vil en el que se desplazaban se estrellara contra el muro de una vivienda y un \u00e1rbol en el camino Los Villares.<br \/>\nEl hecho se registr\u00f3 la madrugada de este s\u00e1bado, alrededor de las 2:50 horas, a la altura del N\u00ba 8.000 de dicho camino, en circunstancias que el autom\u00f3vil Mazda, matr\u00edcula CT GZ-10, que se desplazaba de oriente a poniente, se sali\u00f3 de su pista hacia la derecha y choc\u00f3 violentamente contra el muro y cierre perimetral met\u00e1lico de una casa, para luego impactar un \u00e1rbol que parti\u00f3 en dos.<br \/>\nFue tal la violencia del choque, que el veh\u00edculo qued\u00f3 girado en sentido opuesto al de la pista de circulaci\u00f3n, adem\u00e1s de sufrir da\u00f1os considerables en su parte delantera.<br \/>\nA consecuencia de lo anterior, la conductora de autom\u00f3vil y otras dos mujeres que la acompa\u00f1aban, resultaron con heridas de diversa consideraci\u00f3n, siendo necesaria la presencia en el lugar de las Unidades de Rescate de los cuerpos de Bomberos de Los Andes y Rinconada, adem\u00e1s de dos ambulancias del Samu que trasladaron a las lesionadas hasta el hospital San Juan de Dios.<br \/>\nEn tanto, Carabineros adopt\u00f3 el procedimiento de rigor para establecer las circunstancias por las cuales la conductora perdi\u00f3 el control, no obstante que ser\u00e1 sometida al examen de alcoholemia pertinente y as\u00ed confirmar o descartar la presencia de alcohol en su cuerpo.<\/p>\n<div class=\"tiled-gallery type-rectangular tiled-gallery-unresized\" data-original-width=\"640\" data-carousel-extra='null' itemscope itemtype=\"http:\/\/schema.org\/ImageGallery\" > <div class=\"gallery-row\" style=\"width: 640px; height: 283px;\" data-original-width=\"640\" data-original-height=\"283\" > <div class=\"gallery-group images-1\" style=\"width: 428px; height: 283px;\" data-original-width=\"428\" data-original-height=\"283\" > <div class=\"tiled-gallery-item tiled-gallery-item-large\" itemprop=\"associatedMedia\" itemscope itemtype=\"http:\/\/schema.org\/ImageObject\"> <a href=\"https:\/\/eltrabajo.cl\/portal\/tres-mujeres-resultaron-heridas-al-estrellar-vehiculo-contra-una-casa-y-un-arbol\/choque-los-villares-1\/\" border=\"0\" itemprop=\"url\"> <meta itemprop=\"width\" content=\"424\"> <meta itemprop=\"height\" content=\"279\"> <img decoding=\"async\" class=\"\" data-attachment-id=\"69541\" data-orig-file=\"https:\/\/eltrabajo.cl\/portal\/wp-content\/uploads\/2016\/05\/choque-los-villares-1.jpg\" data-orig-size=\"530,348\" data-comments-opened=\"1\" data-image-meta=\"{&quot;aperture&quot;:&quot;0&quot;,&quot;credit&quot;:&quot;&quot;,&quot;camera&quot;:&quot;&quot;,&quot;caption&quot;:&quot;&quot;,&quot;created_timestamp&quot;:&quot;0&quot;,&quot;copyright&quot;:&quot;&quot;,&quot;focal_length&quot;:&quot;0&quot;,&quot;iso&quot;:&quot;0&quot;,&quot;shutter_speed&quot;:&quot;0&quot;,&quot;title&quot;:&quot;&quot;,&quot;orientation&quot;:&quot;0&quot;}\" data-image-title=\"El accidente se registr\u00f3 la madrugada de este s\u00e1bado, alrededor de las 2:50 horas, a la altura del N\u00ba 8.000 del camino Los Villares.\" data-image-description=\"&lt;p&gt;El accidente se registr\u00f3 la madrugada de este s\u00e1bado, alrededor de las 2:50 horas, a la altura del N\u00ba 8.000 del camino Los Villares.&lt;\/p&gt; \" data-medium-file=\"https:\/\/i0.wp.com\/eltrabajo.cl\/portal\/wp-content\/uploads\/2016\/05\/choque-los-villares-1.jpg?fit=300%2C197&#038;ssl=1\" data-large-file=\"https:\/\/i0.wp.com\/eltrabajo.cl\/portal\/wp-content\/uploads\/2016\/05\/choque-los-villares-1.jpg?fit=530%2C348&#038;ssl=1\" src=\"https:\/\/i0.wp.com\/eltrabajo.cl\/portal\/wp-content\/uploads\/2016\/05\/choque-los-villares-1.jpg?w=424&#038;h=279&#038;ssl=1\" srcset=\"https:\/\/i0.wp.com\/eltrabajo.cl\/portal\/wp-content\/uploads\/2016\/05\/choque-los-villares-1.jpg?w=530&amp;ssl=1 530w, https:\/\/i0.wp.com\/eltrabajo.cl\/portal\/wp-content\/uploads\/2016\/05\/choque-los-villares-1.jpg?resize=200%2C131&amp;ssl=1 200w, https:\/\/i0.wp.com\/eltrabajo.cl\/portal\/wp-content\/uploads\/2016\/05\/choque-los-villares-1.jpg?resize=300%2C197&amp;ssl=1 300w, https:\/\/i0.wp.com\/eltrabajo.cl\/portal\/wp-content\/uploads\/2016\/05\/choque-los-villares-1.jpg?resize=228%2C150&amp;ssl=1 228w, https:\/\/i0.wp.com\/eltrabajo.cl\/portal\/wp-content\/uploads\/2016\/05\/choque-los-villares-1.jpg?resize=400%2C263&amp;ssl=1 400w\" width=\"424\" height=\"279\" loading=\"lazy\" data-original-width=\"424\" data-original-height=\"279\" itemprop=\"http:\/\/schema.org\/image\" title=\"El accidente se registr\u00f3 la madrugada de este s\u00e1bado, alrededor de las 2:50 horas, a la altura del N\u00ba 8.000 del camino Los Villares.\" alt=\"El accidente se registr\u00f3 la madrugada de este s\u00e1bado, alrededor de las 2:50 horas, a la altura del N\u00ba 8.000 del camino Los Villares.\" style=\"width: 424px; height: 279px;\" \/> <\/a> <div class=\"tiled-gallery-caption\" itemprop=\"caption description\"> El accidente se registr\u00f3 la madrugada de este s\u00e1bado, alrededor de las 2:50 horas, a la altura del N\u00ba 8.000 del camino Los Villares. <\/div> <\/div> <\/div> <!-- close group --> <div class=\"gallery-group images-2\" style=\"width: 212px; height: 283px;\" data-original-width=\"212\" data-original-height=\"283\" > <div class=\"tiled-gallery-item tiled-gallery-item-small\" itemprop=\"associatedMedia\" itemscope itemtype=\"http:\/\/schema.org\/ImageObject\"> <a href=\"https:\/\/eltrabajo.cl\/portal\/tres-mujeres-resultaron-heridas-al-estrellar-vehiculo-contra-una-casa-y-un-arbol\/choque-los-villares-5\/\" border=\"0\" itemprop=\"url\"> <meta itemprop=\"width\" content=\"208\"> <meta itemprop=\"height\" content=\"138\"> <img decoding=\"async\" class=\"\" data-attachment-id=\"69542\" data-orig-file=\"https:\/\/eltrabajo.cl\/portal\/wp-content\/uploads\/2016\/05\/choque-los-villares-5.jpg\" data-orig-size=\"528,350\" data-comments-opened=\"1\" data-image-meta=\"{&quot;aperture&quot;:&quot;0&quot;,&quot;credit&quot;:&quot;&quot;,&quot;camera&quot;:&quot;&quot;,&quot;caption&quot;:&quot;&quot;,&quot;created_timestamp&quot;:&quot;0&quot;,&quot;copyright&quot;:&quot;&quot;,&quot;focal_length&quot;:&quot;0&quot;,&quot;iso&quot;:&quot;0&quot;,&quot;shutter_speed&quot;:&quot;0&quot;,&quot;title&quot;:&quot;&quot;,&quot;orientation&quot;:&quot;0&quot;}\" data-image-title=\"Fue tal la violencia del choque, que el veh\u00edculo qued\u00f3 girado en sentido opuesto al de la pista de circulaci\u00f3n, adem\u00e1s de sufrir da\u00f1os considerables en su parte delantera.\" data-image-description=\"&lt;p&gt;Fue tal la violencia del choque, que el veh\u00edculo qued\u00f3 girado en sentido opuesto al de la pista de circulaci\u00f3n, adem\u00e1s de sufrir da\u00f1os considerables en su parte delantera.&lt;\/p&gt; \" data-medium-file=\"https:\/\/i0.wp.com\/eltrabajo.cl\/portal\/wp-content\/uploads\/2016\/05\/choque-los-villares-5.jpg?fit=300%2C199&#038;ssl=1\" data-large-file=\"https:\/\/i0.wp.com\/eltrabajo.cl\/portal\/wp-content\/uploads\/2016\/05\/choque-los-villares-5.jpg?fit=528%2C350&#038;ssl=1\" src=\"https:\/\/i0.wp.com\/eltrabajo.cl\/portal\/wp-content\/uploads\/2016\/05\/choque-los-villares-5.jpg?w=208&#038;h=138&#038;ssl=1\" srcset=\"https:\/\/i0.wp.com\/eltrabajo.cl\/portal\/wp-content\/uploads\/2016\/05\/choque-los-villares-5.jpg?w=528&amp;ssl=1 528w, https:\/\/i0.wp.com\/eltrabajo.cl\/portal\/wp-content\/uploads\/2016\/05\/choque-los-villares-5.jpg?resize=200%2C133&amp;ssl=1 200w, https:\/\/i0.wp.com\/eltrabajo.cl\/portal\/wp-content\/uploads\/2016\/05\/choque-los-villares-5.jpg?resize=300%2C199&amp;ssl=1 300w, https:\/\/i0.wp.com\/eltrabajo.cl\/portal\/wp-content\/uploads\/2016\/05\/choque-los-villares-5.jpg?resize=226%2C150&amp;ssl=1 226w, https:\/\/i0.wp.com\/eltrabajo.cl\/portal\/wp-content\/uploads\/2016\/05\/choque-los-villares-5.jpg?resize=400%2C265&amp;ssl=1 400w\" width=\"208\" height=\"138\" loading=\"lazy\" data-original-width=\"208\" data-original-height=\"138\" itemprop=\"http:\/\/schema.org\/image\" title=\"Fue tal la violencia del choque, que el veh\u00edculo qued\u00f3 girado en sentido opuesto al de la pista de circulaci\u00f3n, adem\u00e1s de sufrir da\u00f1os considerables en su parte delantera.\" alt=\"Fue tal la violencia del choque, que el veh\u00edculo qued\u00f3 girado en sentido opuesto al de la pista de circulaci\u00f3n, adem\u00e1s de sufrir da\u00f1os considerables en su parte delantera.\" style=\"width: 208px; height: 138px;\" \/> <\/a> <div class=\"tiled-gallery-caption\" itemprop=\"caption description\"> Fue tal la violencia del choque, que el veh\u00edculo qued\u00f3 girado en sentido opuesto al de la pista de circulaci\u00f3n, adem\u00e1s de sufrir da\u00f1os considerables en su parte delantera. <\/div> <\/div> <div class=\"tiled-gallery-item tiled-gallery-item-small\" itemprop=\"associatedMedia\" itemscope itemtype=\"http:\/\/schema.org\/ImageObject\"> <a href=\"https:\/\/eltrabajo.cl\/portal\/tres-mujeres-resultaron-heridas-al-estrellar-vehiculo-contra-una-casa-y-un-arbol\/choque-los-villares-6\/\" border=\"0\" itemprop=\"url\"> <meta itemprop=\"width\" content=\"208\"> <meta itemprop=\"height\" content=\"137\"> <img decoding=\"async\" class=\"\" data-attachment-id=\"69543\" data-orig-file=\"https:\/\/eltrabajo.cl\/portal\/wp-content\/uploads\/2016\/05\/choque-los-villares-6.jpg\" data-orig-size=\"530,350\" data-comments-opened=\"1\" data-image-meta=\"{&quot;aperture&quot;:&quot;0&quot;,&quot;credit&quot;:&quot;&quot;,&quot;camera&quot;:&quot;&quot;,&quot;caption&quot;:&quot;&quot;,&quot;created_timestamp&quot;:&quot;0&quot;,&quot;copyright&quot;:&quot;&quot;,&quot;focal_length&quot;:&quot;0&quot;,&quot;iso&quot;:&quot;0&quot;,&quot;shutter_speed&quot;:&quot;0&quot;,&quot;title&quot;:&quot;&quot;,&quot;orientation&quot;:&quot;0&quot;}\" data-image-title=\"El veh\u00edculo se sali\u00f3 de su pista hacia la derecha y choc\u00f3 violentamente contra el muro y cierre perimetral met\u00e1lico de una casa, para luego impactar un \u00e1rbol que parti\u00f3 en dos.\" data-image-description=\"&lt;p&gt;El veh\u00edculo se sali\u00f3 de su pista hacia la derecha y choc\u00f3 violentamente contra el muro y cierre perimetral met\u00e1lico de una casa, para luego impactar un \u00e1rbol que parti\u00f3 en dos.&lt;\/p&gt; \" data-medium-file=\"https:\/\/i0.wp.com\/eltrabajo.cl\/portal\/wp-content\/uploads\/2016\/05\/choque-los-villares-6.jpg?fit=300%2C198&#038;ssl=1\" data-large-file=\"https:\/\/i0.wp.com\/eltrabajo.cl\/portal\/wp-content\/uploads\/2016\/05\/choque-los-villares-6.jpg?fit=530%2C350&#038;ssl=1\" src=\"https:\/\/i0.wp.com\/eltrabajo.cl\/portal\/wp-content\/uploads\/2016\/05\/choque-los-villares-6.jpg?w=208&#038;h=137&#038;ssl=1\" srcset=\"https:\/\/i0.wp.com\/eltrabajo.cl\/portal\/wp-content\/uploads\/2016\/05\/choque-los-villares-6.jpg?w=530&amp;ssl=1 530w, https:\/\/i0.wp.com\/eltrabajo.cl\/portal\/wp-content\/uploads\/2016\/05\/choque-los-villares-6.jpg?resize=200%2C132&amp;ssl=1 200w, https:\/\/i0.wp.com\/eltrabajo.cl\/portal\/wp-content\/uploads\/2016\/05\/choque-los-villares-6.jpg?resize=300%2C198&amp;ssl=1 300w, https:\/\/i0.wp.com\/eltrabajo.cl\/portal\/wp-content\/uploads\/2016\/05\/choque-los-villares-6.jpg?resize=227%2C150&amp;ssl=1 227w, https:\/\/i0.wp.com\/eltrabajo.cl\/portal\/wp-content\/uploads\/2016\/05\/choque-los-villares-6.jpg?resize=400%2C264&amp;ssl=1 400w\" width=\"208\" height=\"137\" loading=\"lazy\" data-original-width=\"208\" data-original-height=\"137\" itemprop=\"http:\/\/schema.org\/image\" title=\"El veh\u00edculo se sali\u00f3 de su pista hacia la derecha y choc\u00f3 violentamente contra el muro y cierre perimetral met\u00e1lico de una casa, para luego impactar un \u00e1rbol que parti\u00f3 en dos.\" alt=\"El veh\u00edculo se sali\u00f3 de su pista hacia la derecha y choc\u00f3 violentamente contra el muro y cierre perimetral met\u00e1lico de una casa, para luego impactar un \u00e1rbol que parti\u00f3 en dos.\" style=\"width: 208px; height: 137px;\" \/> <\/a> <\/div> <\/div> <!-- close group --> <\/div> <!-- close row --> <\/div>\n","protected":false},"excerpt":{"rendered":"<p>Por razones que se investigan, conductora perdi\u00f3 el control del m\u00f3vil y fue a impactar contra el muro de una vivienda para terminar partiendo un \u00e1rbol en dos en Los Villares. LOS&#8230;<\/p>\n","protected":false},"author":1,"featured_media":69541,"comment_status":"open","ping_status":"open","sticky":false,"template":"","format":"standard","meta":{"advanced_seo_description":"","jetpack_seo_html_title":"","jetpack_seo_noindex":false,"_jetpack_memberships_contains_paid_content":false,"footnotes":""},"categories":[21],"tags":[],"class_list":["post-69540","post","type-post","status-publish","format-standard","has-post-thumbnail","hentry","category-policial"],"jetpack_featured_media_url":"https:\/\/i0.wp.com\/eltrabajo.cl\/portal\/wp-content\/uploads\/2016\/05\/choque-los-villares-1.jpg?fit=530%2C348&ssl=1","jetpack_sharing_enabled":true,"jetpack_likes_enabled":true,"jetpack-related-posts":[],"_links":{"self":[{"href":"https:\/\/eltrabajo.cl\/portal\/wp-json\/wp\/v2\/posts\/69540","targetHints":{"allow":["GET"]}}],"collection":[{"href":"https:\/\/eltrabajo.cl\/portal\/wp-json\/wp\/v2\/posts"}],"about":[{"href":"https:\/\/eltrabajo.cl\/portal\/wp-json\/wp\/v2\/types\/post"}],"author":[{"embeddable":true,"href":"https:\/\/eltrabajo.cl\/portal\/wp-json\/wp\/v2\/users\/1"}],"replies":[{"embeddable":true,"href":"https:\/\/eltrabajo.cl\/portal\/wp-json\/wp\/v2\/comments?post=69540"}],"version-history":[{"count":0,"href":"https:\/\/eltrabajo.cl\/portal\/wp-json\/wp\/v2\/posts\/69540\/revisions"}],"wp:featuredmedia":[{"embeddable":true,"href":"https:\/\/eltrabajo.cl\/portal\/wp-json\/wp\/v2\/media\/69541"}],"wp:attachment":[{"href":"https:\/\/eltrabajo.cl\/portal\/wp-json\/wp\/v2\/media?parent=69540"}],"wp:term":[{"taxonomy":"category","embeddable":true,"href":"https:\/\/eltrabajo.cl\/portal\/wp-json\/wp\/v2\/categories?post=69540"},{"taxonomy":"post_tag","embeddable":true,"href":"https:\/\/eltrabajo.cl\/portal\/wp-json\/wp\/v2\/tags?post=69540"}],"curies":[{"name":"wp","href":"https:\/\/api.w.org\/{rel}","templated":true}]}}