{"id":69545,"date":"2016-05-09T09:03:48","date_gmt":"2016-05-09T12:03:48","guid":{"rendered":"http:\/\/www.eltrabajo.cl\/portal\/?p=69545"},"modified":"2016-05-09T09:03:48","modified_gmt":"2016-05-09T12:03:48","slug":"inauguran-proyecto-casa-azul-para-atender-a-ninos-que-sufren-autismo","status":"publish","type":"post","link":"https:\/\/eltrabajo.cl\/portal\/inauguran-proyecto-casa-azul-para-atender-a-ninos-que-sufren-autismo\/","title":{"rendered":"Inauguran proyecto \u2018Casa Azul\u2019 para atender a ni\u00f1os que sufren autismo"},"content":{"rendered":"<ul>\n<li><strong>Es el primer Centro Terap\u00e9utico de Atenci\u00f3n Especializada en el Trastorno del Espectro Autista de Aconcagua, que atender\u00e1 a ni\u00f1os de las distintas comunas del valle.<\/strong><\/li>\n<\/ul>\n<p>En una emotiva ceremonia, que dej\u00f3 entrever la alegr\u00eda de ver cristalizado un anhelo y una oportunidad para muchas familias del valle de Aconcagua, el Alcalde Patricio Freire, junto al Gobernador Eduardo Le\u00f3n y la Presidenta de la Fundaci\u00f3n So\u00f1arte, Alejandra Le\u00f3n, encabezaron la inauguraci\u00f3n del primer Centro Terap\u00e9utico de Atenci\u00f3n Especializada en el Trastorno de Espectro Autista, Casa Azul.<br \/>\nSe trata de una instancia que nace de la inquietud de un grupo de madres y padres liderados por Alejandra Le\u00f3n, que apenas fue socializado en el municipio de San Felipe, recibi\u00f3 el respaldo del Alcalde Patricio Freire, corroborando la pol\u00edtica de inclusi\u00f3n que ha promovido la autoridad comunal, pero que adem\u00e1s comprend\u00eda la importancia de fortalecer la atenci\u00f3n y el trabajo terap\u00e9utico con ni\u00f1os y ni\u00f1as autistas de la comuna.<br \/>\n\u201cLa Casa Azul es el resultado de un trabajo que el municipio apoy\u00f3 desde el momento en que lleg\u00f3 Alejandra Le\u00f3n a contarnos de este sue\u00f1o. Trabajamos junto a ella en la creaci\u00f3n de una fundaci\u00f3n que permitiera avanzar en este anhelo, asumimos el pago del arriendo del inmueble donde comenzar\u00e1 a atender, nos hicimos cargo de varios aspectos de su funcionamiento, pero tambi\u00e9n muchos otros municipios se han sumado, pues todos comprenden la importancia de este trabajo\u201d, se\u00f1al\u00f3 el Alcalde Freire.<br \/>\nAlejandra Le\u00f3n en tanto, reconoci\u00f3 la felicidad de ver finalizado un ciclo de gestiones, donde logr\u00f3 el apoyo del alcalde Patricio Freire, que fue fundamental a su juicio para materializar este sue\u00f1o, que no era solo de ella, sino que de muchas familias de San Felipe y de todo el valle de Aconcagua.<br \/>\n\u201cMuchas veces llegu\u00e9 a interrumpir el trabajo del alcalde para pedirle ayuda y siempre tuvo una acogida incre\u00edble conmigo y con todas nuestras familias. Yo nunca voy a terminar de agradecer a don Patricio y al municipio de San Felipe por la ayuda que nos ha dado. El municipio nos ha apoyado mucho y no solo sus autoridades, sino tambi\u00e9n su personal, sus secretarias, sus funcionarios que vinieron a arreglar la casa para habilitarla\u201d, se\u00f1al\u00f3 Alejandra Le\u00f3n.<br \/>\nLa Fundaci\u00f3n So\u00f1arte logr\u00f3 hacer alianza con la mayor\u00eda de los Programas de Integraci\u00f3n de las distintas comunas, lo que permitir\u00eda que sean m\u00e1s de cien los ni\u00f1os que ah\u00ed se atiendan.<br \/>\nAsimismo, logr\u00f3 generar convenios con municipios del valle, que asumir\u00e1n tambi\u00e9n la incorporaci\u00f3n de terapeutas, sic\u00f3logas y otros profesionales; as\u00ed como tambi\u00e9n con casas de estudios como el Instituto AIEP que apoyar\u00e1 con alumnos de carreras del \u00e1rea de la salud y de la Universidad de Valpara\u00edso, cuya federaci\u00f3n de estudiantes tambi\u00e9n est\u00e1 respaldando y realizar\u00e1 voluntariados en el centro.<br \/>\nDesde este lunes se reanudar\u00e1n las inscripciones de las familias que requieran apoyo de la Casa Azul.<\/p>\n<figure id=\"attachment_69549\" aria-describedby=\"caption-attachment-69549\" style=\"width: 530px\" class=\"wp-caption alignleft\"><a href=\"http:\/\/www.eltrabajo.cl\/portal\/inauguran-proyecto-casa-azul-para-atender-a-ninos-que-sufren-autismo\/casa-azul\/\" rel=\"attachment wp-att-69549\"><img data-recalc-dims=\"1\" loading=\"lazy\" decoding=\"async\" class=\"size-full wp-image-69549\" src=\"https:\/\/i0.wp.com\/www.eltrabajo.cl\/portal\/wp-content\/uploads\/2016\/05\/casa-azul.jpg?resize=530%2C350\" alt=\"El Centro Terap\u00e9utico de Atenci\u00f3n Especializada en el Trastorno del Espectro Autista de Aconcagua se encuentra en Chacabuco 189 de San Felipe.\" width=\"530\" height=\"350\" srcset=\"https:\/\/i0.wp.com\/eltrabajo.cl\/portal\/wp-content\/uploads\/2016\/05\/casa-azul.jpg?w=530&amp;ssl=1 530w, https:\/\/i0.wp.com\/eltrabajo.cl\/portal\/wp-content\/uploads\/2016\/05\/casa-azul.jpg?resize=200%2C132&amp;ssl=1 200w, https:\/\/i0.wp.com\/eltrabajo.cl\/portal\/wp-content\/uploads\/2016\/05\/casa-azul.jpg?resize=300%2C198&amp;ssl=1 300w, https:\/\/i0.wp.com\/eltrabajo.cl\/portal\/wp-content\/uploads\/2016\/05\/casa-azul.jpg?resize=227%2C150&amp;ssl=1 227w, https:\/\/i0.wp.com\/eltrabajo.cl\/portal\/wp-content\/uploads\/2016\/05\/casa-azul.jpg?resize=400%2C264&amp;ssl=1 400w\" sizes=\"auto, (max-width: 530px) 100vw, 530px\" \/><\/a><figcaption id=\"caption-attachment-69549\" class=\"wp-caption-text\">El Centro Terap\u00e9utico de Atenci\u00f3n Especializada en el Trastorno del Espectro Autista de Aconcagua se encuentra en Chacabuco 189 de San Felipe.<\/figcaption><\/figure>\n<figure id=\"attachment_69550\" aria-describedby=\"caption-attachment-69550\" style=\"width: 530px\" class=\"wp-caption alignleft\"><a href=\"http:\/\/www.eltrabajo.cl\/portal\/inauguran-proyecto-casa-azul-para-atender-a-ninos-que-sufren-autismo\/porta-casa-azul\/\" rel=\"attachment wp-att-69550\"><img data-recalc-dims=\"1\" loading=\"lazy\" decoding=\"async\" class=\"size-full wp-image-69550\" src=\"https:\/\/i0.wp.com\/www.eltrabajo.cl\/portal\/wp-content\/uploads\/2016\/05\/porta-casa-azul.jpg?resize=530%2C349\" alt=\"Autoridades presentes en la inauguraci\u00f3n de la 'Casa Azul'.\" width=\"530\" height=\"349\" srcset=\"https:\/\/i0.wp.com\/eltrabajo.cl\/portal\/wp-content\/uploads\/2016\/05\/porta-casa-azul.jpg?w=530&amp;ssl=1 530w, https:\/\/i0.wp.com\/eltrabajo.cl\/portal\/wp-content\/uploads\/2016\/05\/porta-casa-azul.jpg?resize=200%2C132&amp;ssl=1 200w, https:\/\/i0.wp.com\/eltrabajo.cl\/portal\/wp-content\/uploads\/2016\/05\/porta-casa-azul.jpg?resize=300%2C198&amp;ssl=1 300w, https:\/\/i0.wp.com\/eltrabajo.cl\/portal\/wp-content\/uploads\/2016\/05\/porta-casa-azul.jpg?resize=228%2C150&amp;ssl=1 228w, https:\/\/i0.wp.com\/eltrabajo.cl\/portal\/wp-content\/uploads\/2016\/05\/porta-casa-azul.jpg?resize=400%2C263&amp;ssl=1 400w\" sizes=\"auto, (max-width: 530px) 100vw, 530px\" \/><\/a><figcaption id=\"caption-attachment-69550\" class=\"wp-caption-text\">Autoridades presentes en la inauguraci\u00f3n de la &#8216;Casa Azul&#8217;.<\/figcaption><\/figure>\n","protected":false},"excerpt":{"rendered":"<p>Es el primer Centro Terap\u00e9utico de Atenci\u00f3n Especializada en el Trastorno del Espectro Autista de Aconcagua, que atender\u00e1 a ni\u00f1os de las distintas comunas del valle. En una emotiva ceremonia, que dej\u00f3&#8230;<\/p>\n","protected":false},"author":1,"featured_media":69550,"comment_status":"open","ping_status":"open","sticky":false,"template":"","format":"standard","meta":{"advanced_seo_description":"","jetpack_seo_html_title":"","jetpack_seo_noindex":false,"_jetpack_memberships_contains_paid_content":false,"footnotes":""},"categories":[1],"tags":[],"class_list":["post-69545","post","type-post","status-publish","format-standard","has-post-thumbnail","hentry","category-cronica"],"jetpack_featured_media_url":"https:\/\/i0.wp.com\/eltrabajo.cl\/portal\/wp-content\/uploads\/2016\/05\/porta-casa-azul.jpg?fit=530%2C349&ssl=1","jetpack_sharing_enabled":true,"jetpack_likes_enabled":true,"jetpack-related-posts":[],"_links":{"self":[{"href":"https:\/\/eltrabajo.cl\/portal\/wp-json\/wp\/v2\/posts\/69545","targetHints":{"allow":["GET"]}}],"collection":[{"href":"https:\/\/eltrabajo.cl\/portal\/wp-json\/wp\/v2\/posts"}],"about":[{"href":"https:\/\/eltrabajo.cl\/portal\/wp-json\/wp\/v2\/types\/post"}],"author":[{"embeddable":true,"href":"https:\/\/eltrabajo.cl\/portal\/wp-json\/wp\/v2\/users\/1"}],"replies":[{"embeddable":true,"href":"https:\/\/eltrabajo.cl\/portal\/wp-json\/wp\/v2\/comments?post=69545"}],"version-history":[{"count":0,"href":"https:\/\/eltrabajo.cl\/portal\/wp-json\/wp\/v2\/posts\/69545\/revisions"}],"wp:featuredmedia":[{"embeddable":true,"href":"https:\/\/eltrabajo.cl\/portal\/wp-json\/wp\/v2\/media\/69550"}],"wp:attachment":[{"href":"https:\/\/eltrabajo.cl\/portal\/wp-json\/wp\/v2\/media?parent=69545"}],"wp:term":[{"taxonomy":"category","embeddable":true,"href":"https:\/\/eltrabajo.cl\/portal\/wp-json\/wp\/v2\/categories?post=69545"},{"taxonomy":"post_tag","embeddable":true,"href":"https:\/\/eltrabajo.cl\/portal\/wp-json\/wp\/v2\/tags?post=69545"}],"curies":[{"name":"wp","href":"https:\/\/api.w.org\/{rel}","templated":true}]}}