{"id":69553,"date":"2016-05-09T09:05:32","date_gmt":"2016-05-09T12:05:32","guid":{"rendered":"http:\/\/www.eltrabajo.cl\/portal\/?p=69553"},"modified":"2016-05-09T09:05:32","modified_gmt":"2016-05-09T12:05:32","slug":"victimas-reducen-a-delincuente-que-ingreso-a-robar-a-su-vivienda","status":"publish","type":"post","link":"https:\/\/eltrabajo.cl\/portal\/victimas-reducen-a-delincuente-que-ingreso-a-robar-a-su-vivienda\/","title":{"rendered":"V\u00edctimas reducen a delincuente que ingres\u00f3 a robar a su vivienda"},"content":{"rendered":"<ul>\n<li><strong>Pretend\u00eda llevarse un cilindro de gas:\u00a0El hecho se origin\u00f3 al interior de un inmueble en calle El Convento de San Felipe.<\/strong><\/li>\n<\/ul>\n<p>Un antisocial fue detenido por Carabineros luego de ser reducido y retenido por las propias v\u00edctimas, a quienes momentos antes hab\u00eda intentado robar ingresando a la vivienda de \u00e9stas en el sector de calle El Convento de la ciudad de San Felipe.<br \/>\nEl antisocial hab\u00eda ingresado a la vivienda con el objetivo de apoderarse de un cilindro de gas de 15 kilos.<br \/>\nEl delito qued\u00f3 al descubierto luego que uno de los hijos del due\u00f1o de casa, se percatara de la presencia de un sujeto que hab\u00eda irrumpido por el patio escalando el cierre perimetral. Al escuchar ruidos extra\u00f1os, la v\u00edctima se asom\u00f3 a ver y se encontr\u00f3 cara a cara con el delincuente que manten\u00eda en su poder un cilindro de gas.<br \/>\nEl delincuente, al verse sorprendido, escal\u00f3 una pandereta de dos metros de altura llev\u00e1ndose la pesada especie, sin embargo el afectado lo sigui\u00f3 hasta darle alcance en el antejard\u00edn de la casa vecina, lugar donde fue reducido en compa\u00f1\u00eda de otros vecinos que prestaron colaboraci\u00f3n para posteriormente dar aviso a Carabineros que concurri\u00f3 al lugar.<br \/>\nAl antisocial, al verse capturado, comenz\u00f3 a golpearse contra el suelo para impedir ser esposado por Carabineros, personal que continu\u00f3 el procedimiento para trasladar al imputado hasta el servicio de urgencias del Hospital San Camilo de San Felipe, siendo diagnosticado con una contusi\u00f3n nasal y lesiones en los muslos de car\u00e1cter leve.<br \/>\nEl detenido fue individualizado como Yuri Luciano Vera Rojas, de 18 a\u00f1os de edad, quien cuenta con una causa vigente por el delito de receptaci\u00f3n de especies, quedando a disposici\u00f3n de la Fiscal\u00eda para audiencia de control de detenci\u00f3n en el Juzgado de Garant\u00eda de San Felipe.<br \/>\n<strong>Pablo Salinas Sald\u00edas<\/strong><\/p>\n<figure id=\"attachment_69554\" aria-describedby=\"caption-attachment-69554\" style=\"width: 528px\" class=\"wp-caption alignleft\"><a href=\"http:\/\/www.eltrabajo.cl\/portal\/victimas-reducen-a-delincuente-que-ingreso-a-robar-a-su-vivienda\/imputado-robo-7\/\" rel=\"attachment wp-att-69554\"><img data-recalc-dims=\"1\" loading=\"lazy\" decoding=\"async\" class=\"size-full wp-image-69554\" src=\"https:\/\/i0.wp.com\/www.eltrabajo.cl\/portal\/wp-content\/uploads\/2016\/05\/imputado-robO.jpg?resize=528%2C350\" alt=\"El imputado luego de ser reducido por las v\u00edctimas fue entregado a Carabineros (Foto Archivo).\" width=\"528\" height=\"350\" srcset=\"https:\/\/i0.wp.com\/eltrabajo.cl\/portal\/wp-content\/uploads\/2016\/05\/imputado-robO.jpg?w=528&amp;ssl=1 528w, https:\/\/i0.wp.com\/eltrabajo.cl\/portal\/wp-content\/uploads\/2016\/05\/imputado-robO.jpg?resize=200%2C133&amp;ssl=1 200w, https:\/\/i0.wp.com\/eltrabajo.cl\/portal\/wp-content\/uploads\/2016\/05\/imputado-robO.jpg?resize=300%2C199&amp;ssl=1 300w, https:\/\/i0.wp.com\/eltrabajo.cl\/portal\/wp-content\/uploads\/2016\/05\/imputado-robO.jpg?resize=226%2C150&amp;ssl=1 226w, https:\/\/i0.wp.com\/eltrabajo.cl\/portal\/wp-content\/uploads\/2016\/05\/imputado-robO.jpg?resize=400%2C265&amp;ssl=1 400w\" sizes=\"auto, (max-width: 528px) 100vw, 528px\" \/><\/a><figcaption id=\"caption-attachment-69554\" class=\"wp-caption-text\">El imputado luego de ser reducido por las v\u00edctimas fue entregado a Carabineros (Foto Archivo).<\/figcaption><\/figure>\n","protected":false},"excerpt":{"rendered":"<p>Pretend\u00eda llevarse un cilindro de gas:\u00a0El hecho se origin\u00f3 al interior de un inmueble en calle El Convento de San Felipe. Un antisocial fue detenido por Carabineros luego de ser reducido y&#8230;<\/p>\n","protected":false},"author":1,"featured_media":69554,"comment_status":"open","ping_status":"open","sticky":false,"template":"","format":"standard","meta":{"advanced_seo_description":"","jetpack_seo_html_title":"","jetpack_seo_noindex":false,"_jetpack_memberships_contains_paid_content":false,"footnotes":""},"categories":[21],"tags":[],"class_list":["post-69553","post","type-post","status-publish","format-standard","has-post-thumbnail","hentry","category-policial"],"jetpack_featured_media_url":"https:\/\/i0.wp.com\/eltrabajo.cl\/portal\/wp-content\/uploads\/2016\/05\/imputado-robO.jpg?fit=528%2C350&ssl=1","jetpack_sharing_enabled":true,"jetpack_likes_enabled":true,"jetpack-related-posts":[],"_links":{"self":[{"href":"https:\/\/eltrabajo.cl\/portal\/wp-json\/wp\/v2\/posts\/69553","targetHints":{"allow":["GET"]}}],"collection":[{"href":"https:\/\/eltrabajo.cl\/portal\/wp-json\/wp\/v2\/posts"}],"about":[{"href":"https:\/\/eltrabajo.cl\/portal\/wp-json\/wp\/v2\/types\/post"}],"author":[{"embeddable":true,"href":"https:\/\/eltrabajo.cl\/portal\/wp-json\/wp\/v2\/users\/1"}],"replies":[{"embeddable":true,"href":"https:\/\/eltrabajo.cl\/portal\/wp-json\/wp\/v2\/comments?post=69553"}],"version-history":[{"count":0,"href":"https:\/\/eltrabajo.cl\/portal\/wp-json\/wp\/v2\/posts\/69553\/revisions"}],"wp:featuredmedia":[{"embeddable":true,"href":"https:\/\/eltrabajo.cl\/portal\/wp-json\/wp\/v2\/media\/69554"}],"wp:attachment":[{"href":"https:\/\/eltrabajo.cl\/portal\/wp-json\/wp\/v2\/media?parent=69553"}],"wp:term":[{"taxonomy":"category","embeddable":true,"href":"https:\/\/eltrabajo.cl\/portal\/wp-json\/wp\/v2\/categories?post=69553"},{"taxonomy":"post_tag","embeddable":true,"href":"https:\/\/eltrabajo.cl\/portal\/wp-json\/wp\/v2\/tags?post=69553"}],"curies":[{"name":"wp","href":"https:\/\/api.w.org\/{rel}","templated":true}]}}