{"id":69557,"date":"2016-05-09T09:07:18","date_gmt":"2016-05-09T12:07:18","guid":{"rendered":"http:\/\/www.eltrabajo.cl\/portal\/?p=69557"},"modified":"2016-05-09T09:14:09","modified_gmt":"2016-05-09T12:14:09","slug":"colectivos-de-aconcagua-se-suman-a-paro-total-contra-uber-el-12-de-mayo","status":"publish","type":"post","link":"https:\/\/eltrabajo.cl\/portal\/colectivos-de-aconcagua-se-suman-a-paro-total-contra-uber-el-12-de-mayo\/","title":{"rendered":"Colectivos de Aconcagua se suman a paro total contra Uber el 12 de mayo"},"content":{"rendered":"<p>Para el pr\u00f3ximo jueves 12 de mayo, entre las siete de la ma\u00f1ana y las 14 horas, est\u00e1 contemplada la paralizaci\u00f3n de los taxis colectivos, actividad convocada por la Confederaci\u00f3n Nacional de Taxis Colectivos de Chile en rechazo a las aplicaciones Uber y Cabify y a la cual se han sumado los colectivos del Valle de Aconcagua.<br \/>\nAs\u00ed lo inform\u00f3 Elizabet Reyes, presidenta del transporte menor, quien se\u00f1al\u00f3 que la medida afectar\u00e1 a unos 10 mil usuarios de San Felipe y Los Andes:<br \/>\n\u00abEl jueves 12 de mayo a contar de las 7 de la ma\u00f1ana hasta las 14 horas, tendremos un paro de movilizaci\u00f3n del transporte colectivo menor en el valle de Aconcagua y en todo Chile. Aqu\u00ed estamos presentes dirigentes de distintas comunas como son Llay Llay, Putaendo, Los Andes, Santa Mar\u00eda y San Felipe.<br \/>\n\u00abNosotros vamos a hacernos presentes porque esto requiere un llamado de atenci\u00f3n. No es contra la comunidad, sino m\u00e1s bien contra la autoridad. A nosotros se nos fiscaliza, nosotros exigimos fiscalizaci\u00f3n tambi\u00e9n, pero que esta fiscalizaci\u00f3n sea realmente donde est\u00e1 la debilidad, que son los ilegales. No es lo mismo que un pasajero se suba un auto que tiene una patente, que tiene un seguro y que tiene un reconocimiento detr\u00e1s de una empresa que hizo todo lo necesario para tener esto funcionando, y un reconocimiento de los ministerios, que subirse a un auto, que incluso hay un proyecto por ah\u00ed que anda dando vueltas de unos parlamentarios que incluso dice que pueden ser autos de tres puertas, con una persona con licencia de clase B, eso es ilegal, eso es pirata. La gente tiene que saber que es peligroso, que es ilegal, que adem\u00e1s cuando ellos se suben tienen que decir que no son pasajeros. Nosotros s\u00ed somos legales, y queremos cumplir con la ley y queremos que la ley se cumpla para todos.<br \/>\n\u00abNo estamos en desacuerdo con la tecnolog\u00eda, al contrario es bienvenida. Nosotros estamos de acuerdo con la autoridad que ojala nos puedan ayudar a que nuestros medios sean m\u00e1s tecnol\u00f3gicos, poder ingresar esta tecnolog\u00eda, la aplicaci\u00f3n espec\u00edficamente, para quienes s\u00ed somos legales, que son las patentes amarillas, las patentes naranjas y todo aquel veh\u00edculo normado por el Ministerio de Trasportes y Telecomunicaciones. Eso es lo que estamos diciendo, no solo por nosotros sino por la seguridad de nuestro gremio y por la seguridad de nuestros usuarios que es a quien le prestamos el servicio\u00bb.<\/p>\n<figure id=\"attachment_69558\" aria-describedby=\"caption-attachment-69558\" style=\"width: 530px\" class=\"wp-caption alignleft\"><a href=\"http:\/\/www.eltrabajo.cl\/portal\/colectivos-de-aconcagua-se-suman-a-paro-total-contra-uber-el-12-de-mayo\/dirigentes-colectivos-paro\/\" rel=\"attachment wp-att-69558\"><img data-recalc-dims=\"1\" loading=\"lazy\" decoding=\"async\" class=\"size-full wp-image-69558\" src=\"https:\/\/i0.wp.com\/www.eltrabajo.cl\/portal\/wp-content\/uploads\/2016\/05\/dirigentes-colectivos-paro.jpg?resize=530%2C350\" alt=\"En conferencia de prensa los dirigentes del gremio confirmaron la dhesi\u00f3n al paro nacional de este jueves 12 de mayo.\" width=\"530\" height=\"350\" srcset=\"https:\/\/i0.wp.com\/eltrabajo.cl\/portal\/wp-content\/uploads\/2016\/05\/dirigentes-colectivos-paro.jpg?w=530&amp;ssl=1 530w, https:\/\/i0.wp.com\/eltrabajo.cl\/portal\/wp-content\/uploads\/2016\/05\/dirigentes-colectivos-paro.jpg?resize=200%2C132&amp;ssl=1 200w, https:\/\/i0.wp.com\/eltrabajo.cl\/portal\/wp-content\/uploads\/2016\/05\/dirigentes-colectivos-paro.jpg?resize=300%2C198&amp;ssl=1 300w, https:\/\/i0.wp.com\/eltrabajo.cl\/portal\/wp-content\/uploads\/2016\/05\/dirigentes-colectivos-paro.jpg?resize=227%2C150&amp;ssl=1 227w, https:\/\/i0.wp.com\/eltrabajo.cl\/portal\/wp-content\/uploads\/2016\/05\/dirigentes-colectivos-paro.jpg?resize=400%2C264&amp;ssl=1 400w\" sizes=\"auto, (max-width: 530px) 100vw, 530px\" \/><\/a><figcaption id=\"caption-attachment-69558\" class=\"wp-caption-text\">En conferencia de prensa los dirigentes del gremio confirmaron la dhesi\u00f3n al paro nacional de este jueves 12 de mayo.<\/figcaption><\/figure>\n","protected":false},"excerpt":{"rendered":"<p>Para el pr\u00f3ximo jueves 12 de mayo, entre las siete de la ma\u00f1ana y las 14 horas, est\u00e1 contemplada la paralizaci\u00f3n de los taxis colectivos, actividad convocada por la Confederaci\u00f3n Nacional de&#8230;<\/p>\n","protected":false},"author":1,"featured_media":69558,"comment_status":"open","ping_status":"open","sticky":false,"template":"","format":"standard","meta":{"advanced_seo_description":"","jetpack_seo_html_title":"","jetpack_seo_noindex":false,"_jetpack_memberships_contains_paid_content":false,"footnotes":""},"categories":[15],"tags":[],"class_list":["post-69557","post","type-post","status-publish","format-standard","has-post-thumbnail","hentry","category-comunidad"],"jetpack_featured_media_url":"https:\/\/i0.wp.com\/eltrabajo.cl\/portal\/wp-content\/uploads\/2016\/05\/dirigentes-colectivos-paro.jpg?fit=530%2C350&ssl=1","jetpack_sharing_enabled":true,"jetpack_likes_enabled":true,"jetpack-related-posts":[],"_links":{"self":[{"href":"https:\/\/eltrabajo.cl\/portal\/wp-json\/wp\/v2\/posts\/69557","targetHints":{"allow":["GET"]}}],"collection":[{"href":"https:\/\/eltrabajo.cl\/portal\/wp-json\/wp\/v2\/posts"}],"about":[{"href":"https:\/\/eltrabajo.cl\/portal\/wp-json\/wp\/v2\/types\/post"}],"author":[{"embeddable":true,"href":"https:\/\/eltrabajo.cl\/portal\/wp-json\/wp\/v2\/users\/1"}],"replies":[{"embeddable":true,"href":"https:\/\/eltrabajo.cl\/portal\/wp-json\/wp\/v2\/comments?post=69557"}],"version-history":[{"count":0,"href":"https:\/\/eltrabajo.cl\/portal\/wp-json\/wp\/v2\/posts\/69557\/revisions"}],"wp:featuredmedia":[{"embeddable":true,"href":"https:\/\/eltrabajo.cl\/portal\/wp-json\/wp\/v2\/media\/69558"}],"wp:attachment":[{"href":"https:\/\/eltrabajo.cl\/portal\/wp-json\/wp\/v2\/media?parent=69557"}],"wp:term":[{"taxonomy":"category","embeddable":true,"href":"https:\/\/eltrabajo.cl\/portal\/wp-json\/wp\/v2\/categories?post=69557"},{"taxonomy":"post_tag","embeddable":true,"href":"https:\/\/eltrabajo.cl\/portal\/wp-json\/wp\/v2\/tags?post=69557"}],"curies":[{"name":"wp","href":"https:\/\/api.w.org\/{rel}","templated":true}]}}