{"id":69563,"date":"2016-05-10T08:55:05","date_gmt":"2016-05-10T11:55:05","guid":{"rendered":"http:\/\/www.eltrabajo.cl\/portal\/?p=69563"},"modified":"2016-05-10T08:55:05","modified_gmt":"2016-05-10T11:55:05","slug":"dictan-talleres-de-capacitacion-para-postular-a-fondos-de-seguridad-publica","status":"publish","type":"post","link":"https:\/\/eltrabajo.cl\/portal\/dictan-talleres-de-capacitacion-para-postular-a-fondos-de-seguridad-publica\/","title":{"rendered":"Dictan talleres de capacitaci\u00f3n para postular a Fondos de Seguridad P\u00fablica"},"content":{"rendered":"<ul>\n<li><strong>Concursos abiertos para optar a financiamiento desde instancias regionales y nacionales:\u00a0Juntas de Vecinos podr\u00e1n optar a los recursos que el Gobierno Regional dispondr\u00e1 para cubrir proyectos de Seguridad Ciudadana, Cultura, Deportes y Viajes Culturales.<\/strong><\/li>\n<\/ul>\n<p>Hoy a las 14 horas en la C\u00e1mara de Comercio de San Felipe, se desarrollar\u00e1 un taller de capacitaci\u00f3n para postular a los Fondos del Gobierno Regional, que a trav\u00e9s de sus respectivos Consejeros Regionales (CORE), gestionan recursos para financiar proyectos de Seguridad Ciudadana, Cultura, Deportes y Viajes Culturales.<br \/>\nAs\u00ed lo inform\u00f3 el Gobernador de la Provincia de San Felipe, Eduardo Le\u00f3n, quien invit\u00f3 a toda la comunidad a participar de las respectivas capacitaciones que se van a realizar para poder postular a estos recursos, as\u00ed como tambi\u00e9n al concurso 2016 del Fondo Nacional de Seguridad P\u00fablica, FNSP.<br \/>\n\u00abTenemos que decir que los fondos del Gore van a ser entregados ac\u00e1 en la Gobernaci\u00f3n el jueves 2 de junio entre las 10 de la ma\u00f1ana y la una de la tarde, as\u00ed que invitamos a las Juntas de Vecinos a informarse respecto de estas dos l\u00edneas de financiamiento, uno el FNSP y el otro es el Fondo Regional de Seguridad Ciudadana\u00bb, detall\u00f3 Le\u00f3n<br \/>\nRespecto del FNSP, la m\u00e1xima autoridad provincial record\u00f3 que \u00e9ste es generado desde la Subsecretar\u00eda de Prevenci\u00f3n del delito y sus postulaciones se extienden hasta el 25 de mayo, por lo que resulta fundamental que las organizaciones interesadas en postular est\u00e9n bien informadas y para eso se generar\u00e1 una instancia de resoluci\u00f3n de interrogantes.<br \/>\n\u00abHabr\u00e1 un taller de aclaraci\u00f3n de dudas, sabemos que estos proyectos generan dudas en la gente, el 17 de mayo a las 4 en el Sal\u00f3n de Honor del municipio, para que, ya con los proyectos desarrollados, se puedan resolver las dudas\u00bb, concluy\u00f3 el Gobernador.<br \/>\nAlgunas de las iniciativas y proyectos m\u00e1s destacados que el Fondo Nacional de Seguridad P\u00fablica ha permitido financiar y desarrollar en distintos puntos de nuestro pa\u00eds, son: La remodelaci\u00f3n de la antigua Plaza de Quemchi con equipamiento urbano, \u00e1reas verdes y luminarias en la localidad de Quincav\u00ed (Inversi\u00f3n: $45.460.000); C\u00e1maras de video protecci\u00f3n en Coquimbo (Inversi\u00f3n: $39.000.000) y el Plan de Prevenci\u00f3n comunitaria en Cartagena (Inversi\u00f3n: $41.060.000). Adem\u00e1s de financiar proyectos de Iluminaci\u00f3n, Equipamiento, Alarmas Comunitarias, entre otros.<\/p>\n<figure id=\"attachment_69564\" aria-describedby=\"caption-attachment-69564\" style=\"width: 300px\" class=\"wp-caption alignleft\"><a href=\"http:\/\/www.eltrabajo.cl\/portal\/dictan-talleres-de-capacitacion-para-postular-a-fondos-de-seguridad-publica\/gobernador\/\" rel=\"attachment wp-att-69564\"><img data-recalc-dims=\"1\" loading=\"lazy\" decoding=\"async\" class=\"size-medium wp-image-69564\" src=\"https:\/\/i0.wp.com\/www.eltrabajo.cl\/portal\/wp-content\/uploads\/2016\/05\/gobernador-300x197.jpg?resize=300%2C197\" alt=\"Gobernador de la Provincia de San Felipe, Eduardo Le\u00f3n.\" width=\"300\" height=\"197\" srcset=\"https:\/\/i0.wp.com\/eltrabajo.cl\/portal\/wp-content\/uploads\/2016\/05\/gobernador.jpg?resize=300%2C197&amp;ssl=1 300w, https:\/\/i0.wp.com\/eltrabajo.cl\/portal\/wp-content\/uploads\/2016\/05\/gobernador.jpg?resize=200%2C131&amp;ssl=1 200w, https:\/\/i0.wp.com\/eltrabajo.cl\/portal\/wp-content\/uploads\/2016\/05\/gobernador.jpg?resize=228%2C150&amp;ssl=1 228w, https:\/\/i0.wp.com\/eltrabajo.cl\/portal\/wp-content\/uploads\/2016\/05\/gobernador.jpg?resize=400%2C263&amp;ssl=1 400w, https:\/\/i0.wp.com\/eltrabajo.cl\/portal\/wp-content\/uploads\/2016\/05\/gobernador.jpg?w=530&amp;ssl=1 530w\" sizes=\"auto, (max-width: 300px) 100vw, 300px\" \/><\/a><figcaption id=\"caption-attachment-69564\" class=\"wp-caption-text\">Gobernador de la Provincia de San Felipe, Eduardo Le\u00f3n.<\/figcaption><\/figure>\n","protected":false},"excerpt":{"rendered":"<p>Concursos abiertos para optar a financiamiento desde instancias regionales y nacionales:\u00a0Juntas de Vecinos podr\u00e1n optar a los recursos que el Gobierno Regional dispondr\u00e1 para cubrir proyectos de Seguridad Ciudadana, Cultura, Deportes y&#8230;<\/p>\n","protected":false},"author":1,"featured_media":69564,"comment_status":"open","ping_status":"open","sticky":false,"template":"","format":"standard","meta":{"advanced_seo_description":"","jetpack_seo_html_title":"","jetpack_seo_noindex":false,"_jetpack_memberships_contains_paid_content":false,"footnotes":""},"categories":[1],"tags":[],"class_list":["post-69563","post","type-post","status-publish","format-standard","has-post-thumbnail","hentry","category-cronica"],"jetpack_featured_media_url":"https:\/\/i0.wp.com\/eltrabajo.cl\/portal\/wp-content\/uploads\/2016\/05\/gobernador.jpg?fit=530%2C348&ssl=1","jetpack_sharing_enabled":true,"jetpack_likes_enabled":true,"jetpack-related-posts":[],"_links":{"self":[{"href":"https:\/\/eltrabajo.cl\/portal\/wp-json\/wp\/v2\/posts\/69563","targetHints":{"allow":["GET"]}}],"collection":[{"href":"https:\/\/eltrabajo.cl\/portal\/wp-json\/wp\/v2\/posts"}],"about":[{"href":"https:\/\/eltrabajo.cl\/portal\/wp-json\/wp\/v2\/types\/post"}],"author":[{"embeddable":true,"href":"https:\/\/eltrabajo.cl\/portal\/wp-json\/wp\/v2\/users\/1"}],"replies":[{"embeddable":true,"href":"https:\/\/eltrabajo.cl\/portal\/wp-json\/wp\/v2\/comments?post=69563"}],"version-history":[{"count":0,"href":"https:\/\/eltrabajo.cl\/portal\/wp-json\/wp\/v2\/posts\/69563\/revisions"}],"wp:featuredmedia":[{"embeddable":true,"href":"https:\/\/eltrabajo.cl\/portal\/wp-json\/wp\/v2\/media\/69564"}],"wp:attachment":[{"href":"https:\/\/eltrabajo.cl\/portal\/wp-json\/wp\/v2\/media?parent=69563"}],"wp:term":[{"taxonomy":"category","embeddable":true,"href":"https:\/\/eltrabajo.cl\/portal\/wp-json\/wp\/v2\/categories?post=69563"},{"taxonomy":"post_tag","embeddable":true,"href":"https:\/\/eltrabajo.cl\/portal\/wp-json\/wp\/v2\/tags?post=69563"}],"curies":[{"name":"wp","href":"https:\/\/api.w.org\/{rel}","templated":true}]}}