{"id":69575,"date":"2016-05-10T09:00:36","date_gmt":"2016-05-10T12:00:36","guid":{"rendered":"http:\/\/www.eltrabajo.cl\/portal\/?p=69575"},"modified":"2016-05-10T09:00:36","modified_gmt":"2016-05-10T12:00:36","slug":"especialistas-concuerdan-que-gran-mineria-afectara-patrimonio-ambiental-de-putaendo","status":"publish","type":"post","link":"https:\/\/eltrabajo.cl\/portal\/especialistas-concuerdan-que-gran-mineria-afectara-patrimonio-ambiental-de-putaendo\/","title":{"rendered":"Especialistas concuerdan que gran miner\u00eda afectar\u00e1 patrimonio ambiental de Putaendo"},"content":{"rendered":"<ul>\n<li><strong>Destacados docentes e investigadores graficaron con argumentos cient\u00edficos y estad\u00edsticos negativo impacto que provocar\u00eda instalaci\u00f3n de faenas mineras en la cuenca del R\u00edo Roc\u00edn al interior de Los Patos.<\/strong><\/li>\n<\/ul>\n<p><strong>PUTAENDO.-<\/strong>Una gran asistencia de personas, autoridades, constituido por dirigentes y grupos ambientalistas, inici\u00f3 el primer seminario sobre \u2018Impacto de la Miner\u00eda en el Patrimonio Ambiental de Putaendo\u2019, los expertos manifestaron la compleja situaci\u00f3n que enfrentar\u00eda la comuna si se instalara gran miner\u00eda en su alta cordillera.<br \/>\nDicha exposici\u00f3n, forma parte de una serie de instancias ciudadanas impulsadas por autoridades municipales que buscan mantener informada a la comunidad respecto a proyectos mineros en la cuenca del R\u00edo Roc\u00edn. \u00abQuiero decirle a la opini\u00f3n p\u00fablica que nuestras convicciones no han cambiado. No hay ninguna transformaci\u00f3n en la cordillera que nos haga pensar una mirada distinta. La faena minera siempre va a estar 20 km. encima del embalse. Estamos convencidos, y mucho m\u00e1s con esta charla, de que no se puede hacer gran miner\u00eda en ese lugar\u00bb, argument\u00f3 el edil Reyes.<br \/>\nEsta decisi\u00f3n de rechazar la miner\u00eda en Putaendo, no los obliga a tener que predicar cada d\u00eda sobre esta materia. \u00abTenemos una convicci\u00f3n y eso no va a cambiar\u00bb, reiter\u00f3 la m\u00e1xima autoridad comunal, quien explic\u00f3 que hay que ocuparse del tema, por ejemplo, a trav\u00e9s de este tipo de seminarios o charlas. Sin embargo, fue claro en se\u00f1alar que aunque \u00e9l y los seis concejales tengan una postura respecto al tema minero, \u2018nunca tomaremos la decisi\u00f3n de imponerle a la comunidad nuestro criterio\u2019. Ellos decidir\u00e1n informada y democr\u00e1ticamente que es mejor para la comuna\u00bb, asegur\u00f3 el alcalde.<br \/>\n\u00abEn primer lugar, yo valoro que se haya generado una concurrencia muy representativa y muy masiva. Eso, obviamente, era a lo que nosotros aspir\u00e1bamos: que un n\u00famero importante de l\u00edderes locales pudiera conocer directamente la opini\u00f3n de estos expertos. Uno de ellos putaendino, de gran trayectoria y el otro cient\u00edfico, una de las m\u00e1s altas personalidades del pa\u00eds en el estudio de los glaciares de roca\u00bb, manifest\u00f3 el edil de Putaendo.<br \/>\n\u2018Lado B\u2019 de la Miner\u00eda.<br \/>\nEl profesor de Qu\u00edmica y Ciencias de la Universidad de Chile y jefe de carrera de Qu\u00edmica Ambiental de la Universidad de Antofagasta, Domingo Rom\u00e1n, fue categ\u00f3rico en expresar que el \u2018lado B\u2019 de la explotaci\u00f3n miner\u00eda es que jam\u00e1s ser\u00e1 sustentable. \u00abLa miner\u00eda sustentable solo se puede hacer en el espacio, en un planeta que no posea vida tal como la conocemos\u00bb, manifest\u00f3 el docente, quien explic\u00f3 que un ecosistema jam\u00e1s vuelve a su estado original. \u00abLos pa\u00edses inteligentes guardan el agua subterr\u00e1nea para futuras generaciones\u00bb, indic\u00f3 el qu\u00edmico.<br \/>\nPor su parte, el Ge\u00f3grafo de la Universidad de Chile y Doctor en Geograf\u00eda y Ordenaci\u00f3n del Territorio de la Universidad de Zaragoza, Espa\u00f1a, Francisco Ferrando, explic\u00f3 que en la zona alta de Putaendo han detectado 150 glaciares rocosos con 920 km. c\u00fabicos de agua. Para el doctor Ferrando, los glaciares de roca constituyen una reserva fundamental de agua. Sin embargo, la miner\u00eda ha destruido muchos glaciares rocosos en Chile; miles de kil\u00f3metros c\u00fabicos de hielo excavado. Por esta raz\u00f3n, hay que entender que \u00abque todos los glaciares son relevantes y se debe disponer de una ley que los proteja hasta su \u00faltima gota\u00bb, emplaz\u00f3 el ge\u00f3grafo.<br \/>\nPara el alcalde Guillermo Reyes, la presentaci\u00f3n de Rom\u00e1n y Ferrando fue un refuerzo a sus convicciones. \u00abSent\u00ed que la gente estaba muy contenta de haber tenido esta actividad que seguiremos haciendo. Nosotros estamos tambi\u00e9n contentos, porque sentimos que vamos por el camino correcto. El municipio, desde el primer d\u00eda, ha se\u00f1alado que no est\u00e1 de acuerdo con la Gran Miner\u00eda en nuestra cordillera. Nuestros glaciares de roca, m\u00e1s de 150 localizados como dijo el cient\u00edfico, son la salvaci\u00f3n de la gente de Putaendo y de nuestra agricultura. Entonces estimamos que hay fundamentos s\u00f3lidos, validados por personas tan calificadas. Obviamente seguiremos en la misma l\u00ednea\u00bb, finaliz\u00f3 la autoridad.<\/p>\n<figure id=\"attachment_69576\" aria-describedby=\"caption-attachment-69576\" style=\"width: 530px\" class=\"wp-caption alignleft\"><a href=\"http:\/\/www.eltrabajo.cl\/portal\/especialistas-concuerdan-que-gran-mineria-afectara-patrimonio-ambiental-de-putaendo\/seminario-miner\/\" rel=\"attachment wp-att-69576\"><img data-recalc-dims=\"1\" loading=\"lazy\" decoding=\"async\" class=\"size-full wp-image-69576\" src=\"https:\/\/i0.wp.com\/www.eltrabajo.cl\/portal\/wp-content\/uploads\/2016\/05\/seminario-miner.jpg?resize=530%2C349\" alt=\"Con una importante cantidad de asistentes, se desarroll\u00f3 el primer seminario sobre \u2018Impacto de la Miner\u00eda en el Patrimonio Ambiental de Putaendo\u2019.\" width=\"530\" height=\"349\" srcset=\"https:\/\/i0.wp.com\/eltrabajo.cl\/portal\/wp-content\/uploads\/2016\/05\/seminario-miner.jpg?w=530&amp;ssl=1 530w, https:\/\/i0.wp.com\/eltrabajo.cl\/portal\/wp-content\/uploads\/2016\/05\/seminario-miner.jpg?resize=200%2C132&amp;ssl=1 200w, https:\/\/i0.wp.com\/eltrabajo.cl\/portal\/wp-content\/uploads\/2016\/05\/seminario-miner.jpg?resize=300%2C198&amp;ssl=1 300w, https:\/\/i0.wp.com\/eltrabajo.cl\/portal\/wp-content\/uploads\/2016\/05\/seminario-miner.jpg?resize=228%2C150&amp;ssl=1 228w, https:\/\/i0.wp.com\/eltrabajo.cl\/portal\/wp-content\/uploads\/2016\/05\/seminario-miner.jpg?resize=400%2C263&amp;ssl=1 400w\" sizes=\"auto, (max-width: 530px) 100vw, 530px\" \/><\/a><figcaption id=\"caption-attachment-69576\" class=\"wp-caption-text\">Con una importante cantidad de asistentes, se desarroll\u00f3 el primer seminario sobre \u2018Impacto de la Miner\u00eda en el Patrimonio Ambiental de Putaendo\u2019.<\/figcaption><\/figure>\n<figure id=\"attachment_69577\" aria-describedby=\"caption-attachment-69577\" style=\"width: 530px\" class=\"wp-caption alignleft\"><a href=\"http:\/\/www.eltrabajo.cl\/portal\/especialistas-concuerdan-que-gran-mineria-afectara-patrimonio-ambiental-de-putaendo\/seminario-mineria-3\/\" rel=\"attachment wp-att-69577\"><img data-recalc-dims=\"1\" loading=\"lazy\" decoding=\"async\" class=\"size-full wp-image-69577\" src=\"https:\/\/i0.wp.com\/www.eltrabajo.cl\/portal\/wp-content\/uploads\/2016\/05\/Seminario-Mineria-3.jpg?resize=530%2C349\" alt=\"\u00abLa miner\u00eda sustentable solo se puede hacer en el espacio, en un planeta que no posea vida tal como la conocemos\u00bb, manifest\u00f3 Domingo Rom\u00e1n.\" width=\"530\" height=\"349\" srcset=\"https:\/\/i0.wp.com\/eltrabajo.cl\/portal\/wp-content\/uploads\/2016\/05\/Seminario-Mineria-3.jpg?w=530&amp;ssl=1 530w, https:\/\/i0.wp.com\/eltrabajo.cl\/portal\/wp-content\/uploads\/2016\/05\/Seminario-Mineria-3.jpg?resize=200%2C132&amp;ssl=1 200w, https:\/\/i0.wp.com\/eltrabajo.cl\/portal\/wp-content\/uploads\/2016\/05\/Seminario-Mineria-3.jpg?resize=300%2C198&amp;ssl=1 300w, https:\/\/i0.wp.com\/eltrabajo.cl\/portal\/wp-content\/uploads\/2016\/05\/Seminario-Mineria-3.jpg?resize=228%2C150&amp;ssl=1 228w, https:\/\/i0.wp.com\/eltrabajo.cl\/portal\/wp-content\/uploads\/2016\/05\/Seminario-Mineria-3.jpg?resize=400%2C263&amp;ssl=1 400w\" sizes=\"auto, (max-width: 530px) 100vw, 530px\" \/><\/a><figcaption id=\"caption-attachment-69577\" class=\"wp-caption-text\">\u00abLa miner\u00eda sustentable solo se puede hacer en el espacio, en un planeta que no posea vida tal como la conocemos\u00bb, manifest\u00f3 Domingo Rom\u00e1n.<\/figcaption><\/figure>\n","protected":false},"excerpt":{"rendered":"<p>Destacados docentes e investigadores graficaron con argumentos cient\u00edficos y estad\u00edsticos negativo impacto que provocar\u00eda instalaci\u00f3n de faenas mineras en la cuenca del R\u00edo Roc\u00edn al interior de Los Patos. PUTAENDO.-Una gran asistencia&#8230;<\/p>\n","protected":false},"author":1,"featured_media":69576,"comment_status":"open","ping_status":"open","sticky":false,"template":"","format":"standard","meta":{"advanced_seo_description":"","jetpack_seo_html_title":"","jetpack_seo_noindex":false,"_jetpack_memberships_contains_paid_content":false,"footnotes":""},"categories":[1],"tags":[],"class_list":["post-69575","post","type-post","status-publish","format-standard","has-post-thumbnail","hentry","category-cronica"],"jetpack_featured_media_url":"https:\/\/i0.wp.com\/eltrabajo.cl\/portal\/wp-content\/uploads\/2016\/05\/seminario-miner.jpg?fit=530%2C349&ssl=1","jetpack_sharing_enabled":true,"jetpack_likes_enabled":true,"jetpack-related-posts":[],"_links":{"self":[{"href":"https:\/\/eltrabajo.cl\/portal\/wp-json\/wp\/v2\/posts\/69575","targetHints":{"allow":["GET"]}}],"collection":[{"href":"https:\/\/eltrabajo.cl\/portal\/wp-json\/wp\/v2\/posts"}],"about":[{"href":"https:\/\/eltrabajo.cl\/portal\/wp-json\/wp\/v2\/types\/post"}],"author":[{"embeddable":true,"href":"https:\/\/eltrabajo.cl\/portal\/wp-json\/wp\/v2\/users\/1"}],"replies":[{"embeddable":true,"href":"https:\/\/eltrabajo.cl\/portal\/wp-json\/wp\/v2\/comments?post=69575"}],"version-history":[{"count":0,"href":"https:\/\/eltrabajo.cl\/portal\/wp-json\/wp\/v2\/posts\/69575\/revisions"}],"wp:featuredmedia":[{"embeddable":true,"href":"https:\/\/eltrabajo.cl\/portal\/wp-json\/wp\/v2\/media\/69576"}],"wp:attachment":[{"href":"https:\/\/eltrabajo.cl\/portal\/wp-json\/wp\/v2\/media?parent=69575"}],"wp:term":[{"taxonomy":"category","embeddable":true,"href":"https:\/\/eltrabajo.cl\/portal\/wp-json\/wp\/v2\/categories?post=69575"},{"taxonomy":"post_tag","embeddable":true,"href":"https:\/\/eltrabajo.cl\/portal\/wp-json\/wp\/v2\/tags?post=69575"}],"curies":[{"name":"wp","href":"https:\/\/api.w.org\/{rel}","templated":true}]}}