{"id":69587,"date":"2016-05-10T09:29:59","date_gmt":"2016-05-10T12:29:59","guid":{"rendered":"http:\/\/www.eltrabajo.cl\/portal\/?p=69587"},"modified":"2016-05-10T09:29:59","modified_gmt":"2016-05-10T12:29:59","slug":"quinta-jornada-de-calles-abiertas-conto-con-presencia-de-atleta-natalia-duco","status":"publish","type":"post","link":"https:\/\/eltrabajo.cl\/portal\/quinta-jornada-de-calles-abiertas-conto-con-presencia-de-atleta-natalia-duco\/","title":{"rendered":"Quinta jornada de \u2018Calles Abiertas\u2019 cont\u00f3 con presencia de atleta Natalia Duc\u00f3"},"content":{"rendered":"<ul>\n<li><strong>Con presencia de Alcalde Freire y la deportista ol\u00edmpica sanfelipe\u00f1a, que pr\u00f3ximamente viajar\u00e1 a Brasil, se desarroll\u00f3 una nueva jornada de \u2018Calles Abiertas\u2019 del Instituto Nacional de Deportes (IND). La pr\u00f3xima jornada se realizar\u00e1 el s\u00e1bado 28 de mayo en el sector de la poblaci\u00f3n Juan Mart\u00ednez de Rozas y Villa Bernardo Cruz.<\/strong><\/li>\n<\/ul>\n<p>Una nueva versi\u00f3n del programa \u2018Calles Abiertas\u2019 se realiz\u00f3 el s\u00e1bado reci\u00e9n pasado en calle Salinas, actividad que cont\u00f3 con la presencia de la deportista ol\u00edmpica sanfelipe\u00f1a, Natalia Duco.<br \/>\nSe trata de un programa del Instituto Nacional de Deportes (IND) y del departamento de Deportes y Actividad F\u00edsica de la Municipalidad de San Felipe.<br \/>\nEn la ocasi\u00f3n, adem\u00e1s de las actividades que ya se han realizado en otras oportunidades -como zumba, stretching, ajedrez o pimp\u00f3n-, destac\u00f3 la presencia de la deportista ol\u00edmpica sanfelipe\u00f1a, Natalia Duco, quien viaj\u00f3 a San Felipe para despedirse de la comuna antes de emprender rumbo a R\u00edo de Janeiro, ciudad donde participar\u00e1 en los Juegos Ol\u00edmpicos.<br \/>\nLa destacada deportista sanfelipe\u00f1a se mostr\u00f3 feliz de poder participar en este tipo de actividades, compartiendo su experiencia con los vecinos de la comuna.<br \/>\n\u00abEstoy s\u00faper feliz, agradecida por la oportunidad de compartir con mi gente, con el Alcalde y de todas las personas por recibirme con tanto cari\u00f1o\u00bb.<br \/>\nPor su parte, el Alcalde Patricio Freire destac\u00f3 la carrera deportiva de Natalia, inst\u00e1ndola a continuar en esa misma senda de \u00e9xito.<br \/>\n\u00abNatalia es nuestra embajadora deportiva, la llevamos siempre en el coraz\u00f3n, as\u00ed que le deseamos el mejor de los \u00e9xitos en todas las competencias en que participe y es un honor que nos acompa\u00f1e en este tipo de actividades, ya que es una motivaci\u00f3n para nuestros ni\u00f1os y j\u00f3venes\u00bb.<br \/>\nFinalmente, la joven lanzadora de la bala realiz\u00f3 un llamado para que voten por ella -a partir del 18 de mayo- en latercera.com, sitio donde las personas podr\u00e1n elegir a la abanderada de Chile en los Juegos Ol\u00edmpicos de R\u00edo: \u00abPara m\u00ed ser\u00eda un orgullo, un honor y una felicidad tremenda ser la que lleva la bandera delante de todos\u00bb.<\/p>\n<figure id=\"attachment_69588\" aria-describedby=\"caption-attachment-69588\" style=\"width: 530px\" class=\"wp-caption alignleft\"><a href=\"http:\/\/www.eltrabajo.cl\/portal\/quinta-jornada-de-calles-abiertas-conto-con-presencia-de-atleta-natalia-duco\/calles-abiertas-2-4\/\" rel=\"attachment wp-att-69588\"><img data-recalc-dims=\"1\" loading=\"lazy\" decoding=\"async\" class=\"size-full wp-image-69588\" src=\"https:\/\/i0.wp.com\/www.eltrabajo.cl\/portal\/wp-content\/uploads\/2016\/05\/calles-abiertas-2.jpg?resize=530%2C349\" alt=\"El s\u00e1bado pasado se realiz\u00f3 la quinta versi\u00f3n del programa \u2018Calles Abiertas\u2019 del IND y el municipio de San Felipe.\" width=\"530\" height=\"349\" srcset=\"https:\/\/i0.wp.com\/eltrabajo.cl\/portal\/wp-content\/uploads\/2016\/05\/calles-abiertas-2.jpg?w=530&amp;ssl=1 530w, https:\/\/i0.wp.com\/eltrabajo.cl\/portal\/wp-content\/uploads\/2016\/05\/calles-abiertas-2.jpg?resize=200%2C132&amp;ssl=1 200w, https:\/\/i0.wp.com\/eltrabajo.cl\/portal\/wp-content\/uploads\/2016\/05\/calles-abiertas-2.jpg?resize=300%2C198&amp;ssl=1 300w, https:\/\/i0.wp.com\/eltrabajo.cl\/portal\/wp-content\/uploads\/2016\/05\/calles-abiertas-2.jpg?resize=228%2C150&amp;ssl=1 228w, https:\/\/i0.wp.com\/eltrabajo.cl\/portal\/wp-content\/uploads\/2016\/05\/calles-abiertas-2.jpg?resize=400%2C263&amp;ssl=1 400w\" sizes=\"auto, (max-width: 530px) 100vw, 530px\" \/><\/a><figcaption id=\"caption-attachment-69588\" class=\"wp-caption-text\">El s\u00e1bado pasado se realiz\u00f3 la quinta versi\u00f3n del programa \u2018Calles Abiertas\u2019 del IND y el municipio de San Felipe.<\/figcaption><\/figure>\n<figure id=\"attachment_69589\" aria-describedby=\"caption-attachment-69589\" style=\"width: 530px\" class=\"wp-caption alignleft\"><a href=\"http:\/\/www.eltrabajo.cl\/portal\/quinta-jornada-de-calles-abiertas-conto-con-presencia-de-atleta-natalia-duco\/calles-abiertas-3\/\" rel=\"attachment wp-att-69589\"><img data-recalc-dims=\"1\" loading=\"lazy\" decoding=\"async\" class=\"size-full wp-image-69589\" src=\"https:\/\/i0.wp.com\/www.eltrabajo.cl\/portal\/wp-content\/uploads\/2016\/05\/calles-abiertas.jpg?resize=530%2C349\" alt=\"El Concejal Ricardo Covarrubias junto al Director de Deportes Danilo Pe\u00f1a, la figura internacional Natalia Duco y el Alcalde Patricio Freire.\" width=\"530\" height=\"349\" srcset=\"https:\/\/i0.wp.com\/eltrabajo.cl\/portal\/wp-content\/uploads\/2016\/05\/calles-abiertas.jpg?w=530&amp;ssl=1 530w, https:\/\/i0.wp.com\/eltrabajo.cl\/portal\/wp-content\/uploads\/2016\/05\/calles-abiertas.jpg?resize=200%2C132&amp;ssl=1 200w, https:\/\/i0.wp.com\/eltrabajo.cl\/portal\/wp-content\/uploads\/2016\/05\/calles-abiertas.jpg?resize=300%2C198&amp;ssl=1 300w, https:\/\/i0.wp.com\/eltrabajo.cl\/portal\/wp-content\/uploads\/2016\/05\/calles-abiertas.jpg?resize=228%2C150&amp;ssl=1 228w, https:\/\/i0.wp.com\/eltrabajo.cl\/portal\/wp-content\/uploads\/2016\/05\/calles-abiertas.jpg?resize=400%2C263&amp;ssl=1 400w\" sizes=\"auto, (max-width: 530px) 100vw, 530px\" \/><\/a><figcaption id=\"caption-attachment-69589\" class=\"wp-caption-text\">El Concejal Ricardo Covarrubias junto al Director de Deportes Danilo Pe\u00f1a, la figura internacional Natalia Duco y el Alcalde Patricio Freire.<\/figcaption><\/figure>\n","protected":false},"excerpt":{"rendered":"<p>Con presencia de Alcalde Freire y la deportista ol\u00edmpica sanfelipe\u00f1a, que pr\u00f3ximamente viajar\u00e1 a Brasil, se desarroll\u00f3 una nueva jornada de \u2018Calles Abiertas\u2019 del Instituto Nacional de Deportes (IND). La pr\u00f3xima jornada&#8230;<\/p>\n","protected":false},"author":1,"featured_media":69588,"comment_status":"open","ping_status":"open","sticky":false,"template":"","format":"standard","meta":{"advanced_seo_description":"","jetpack_seo_html_title":"","jetpack_seo_noindex":false,"_jetpack_memberships_contains_paid_content":false,"footnotes":""},"categories":[15],"tags":[],"class_list":["post-69587","post","type-post","status-publish","format-standard","has-post-thumbnail","hentry","category-comunidad"],"jetpack_featured_media_url":"https:\/\/i0.wp.com\/eltrabajo.cl\/portal\/wp-content\/uploads\/2016\/05\/calles-abiertas-2.jpg?fit=530%2C349&ssl=1","jetpack_sharing_enabled":true,"jetpack_likes_enabled":true,"jetpack-related-posts":[],"_links":{"self":[{"href":"https:\/\/eltrabajo.cl\/portal\/wp-json\/wp\/v2\/posts\/69587","targetHints":{"allow":["GET"]}}],"collection":[{"href":"https:\/\/eltrabajo.cl\/portal\/wp-json\/wp\/v2\/posts"}],"about":[{"href":"https:\/\/eltrabajo.cl\/portal\/wp-json\/wp\/v2\/types\/post"}],"author":[{"embeddable":true,"href":"https:\/\/eltrabajo.cl\/portal\/wp-json\/wp\/v2\/users\/1"}],"replies":[{"embeddable":true,"href":"https:\/\/eltrabajo.cl\/portal\/wp-json\/wp\/v2\/comments?post=69587"}],"version-history":[{"count":0,"href":"https:\/\/eltrabajo.cl\/portal\/wp-json\/wp\/v2\/posts\/69587\/revisions"}],"wp:featuredmedia":[{"embeddable":true,"href":"https:\/\/eltrabajo.cl\/portal\/wp-json\/wp\/v2\/media\/69588"}],"wp:attachment":[{"href":"https:\/\/eltrabajo.cl\/portal\/wp-json\/wp\/v2\/media?parent=69587"}],"wp:term":[{"taxonomy":"category","embeddable":true,"href":"https:\/\/eltrabajo.cl\/portal\/wp-json\/wp\/v2\/categories?post=69587"},{"taxonomy":"post_tag","embeddable":true,"href":"https:\/\/eltrabajo.cl\/portal\/wp-json\/wp\/v2\/tags?post=69587"}],"curies":[{"name":"wp","href":"https:\/\/api.w.org\/{rel}","templated":true}]}}