{"id":69592,"date":"2016-05-10T09:37:43","date_gmt":"2016-05-10T12:37:43","guid":{"rendered":"http:\/\/www.eltrabajo.cl\/portal\/?p=69592"},"modified":"2016-05-10T09:37:44","modified_gmt":"2016-05-10T12:37:44","slug":"murio-administrador-de-las-colonias-escolares-de-san-felipe-en-quintero","status":"publish","type":"post","link":"https:\/\/eltrabajo.cl\/portal\/murio-administrador-de-las-colonias-escolares-de-san-felipe-en-quintero\/","title":{"rendered":"Muri\u00f3 administrador de las Colonias Escolares de San Felipe en Quintero"},"content":{"rendered":"<ul>\n<li><strong>Hugo Gonz\u00e1lez trabaj\u00f3 d\u00e9cadas sin cobrar un peso:<\/strong><\/li>\n<\/ul>\n<p>El sanfelipe\u00f1o que por a\u00f1os administr\u00f3 amorosamente las Colonias Escolares de San Felipe en Quintero, mismas que funcionaban exclusivamente para ni\u00f1os en edad escolar de las escuelas sanfelipe\u00f1as de manera gratuita; el ferretero que por a\u00f1os tambi\u00e9n estuvo a cargo de Ferreter\u00eda Aconcagua junto a su hermano Manuel, don Hugo Orlando Gonz\u00e1lez Venegas, falleci\u00f3 este viernes 6 de mayo en horas de la madrugada en el Hospital Gustavo Fricke de Vi\u00f1a del Mar, luego de sufrir un infarto el 21 de abril pasado.<\/p>\n<p><strong>SU TRAYECTORIA<\/strong><br \/>\nNacido el lunes 18 de mayo de 1936 en la ciudad de San Felipe, hijo de Manuel y Blanca. Sus estudios los realiz\u00f3 en la misma ciudad, trabajando desde muy ni\u00f1o en los negocios de su padre en el rubro de ferreter\u00eda, ubicados frente a la plaza de San Felipe, como asimismo trabaj\u00f3 por muchos a\u00f1os como taxista. Posteriormente al fallecimiento de su padre a fines de 1976, quien ya ten\u00eda sus negocios en el balneario de Quintero, tuvo que hacerse cargo de Ferreter\u00eda Aconcagua junto a su hermano Manuel. En este mismo balneario realiz\u00f3 obras de caridad, perteneciendo al Club de Leones; Masoner\u00eda y lo que siempre lo tuvo muy orgulloso y en lo que coraz\u00f3n vibraba, colaborando hasta el \u00faltimo d\u00eda de su vida con los menores en situaci\u00f3n irregular que apadrinan un grupo de amigos de San Felipe, atendiendo a\u00f1o a a\u00f1o la concurrencia de las Colonias Escolares de San Felipe a Quintero.<br \/>\nHugo Gonz\u00e1lez era casado con Silvia Toledo O\u00f1ate, de cuyo matrimonio nacieron sus hijos Marisol, Hugo y Patricia, tambi\u00e9n integraron su familia Iv\u00e1n, Felipe y Daniel. Sus nietos Paulina, Carolina, Antonella, Sergio, Cristi\u00e1n; Mat\u00edas y Nicol\u00e1s.<\/p>\n<p><strong>FATAL INFARTO<\/strong><br \/>\nHugo Gonz\u00e1lez, despu\u00e9s de sufrir un preinfarto en Quintero el d\u00eda jueves 21 de abril, fue trasladado de urgencia al Hospital Gustavo Fricke de Vi\u00f1a del Mar, en donde se mantuvo grave en la U CI hasta el d\u00eda viernes 6 del actual, falleciendo a las 01:35 horas.<br \/>\nSus funerales se realizaron en el Cementerio Municipal de Quintero este s\u00e1bado 7 a las 16:00horas, en donde recibi\u00f3 homenajes de sus amigos de San Felipe y el cari\u00f1o de toda su familia, quienes lo acompa\u00f1aron en su despedida.<\/p>\n<p><strong>OTO\u00d1O NEFASTO<\/strong><br \/>\n\u00abQuiso este oto\u00f1o crudo y violento, que al deshojar los \u00e1rboles nos privara de uno de nuestros p\u00e9talos mas preciados. Nuestro sentimiento de dolor es profundo, como lo es para todos aquellos ni\u00f1os que supieron de la bondad, cari\u00f1o y amor de quien los atendi\u00f3 por tantos a\u00f1os. Quintero lo llora como lo llora San Felipe\u00bb, expres\u00f3 uno de sus amigos m\u00e1s cercanos, el prestigioso contador sanfelipe\u00f1o, Fernando Aguilera, presidente de la Asociaci\u00f3n de Protecci\u00f3n de Menores de San Felipe y vocero de la masoner\u00eda sanfelipe\u00f1a.<\/p>\n<p><strong>SU HIJO FELIPE\u00a0SIGUE AL FRENTE<\/strong><br \/>\nSeg\u00fan explic\u00f3 Aguilera a Diario El Trabajo, ahora que don Hugo muri\u00f3, ser\u00e1 su hijo Felipe quien desde ahora se encargar\u00e1 de la obra filantr\u00f3pica de don a Hugo, la de administrar las Colonias Escolares de San Felipe en Quintero.<br \/>\n\u00abEsta cruel enfermedad que nos lo arrebat\u00f3, golpe\u00f3 fuertemente en su car\u00e1cter, se nos puso muy sensible y a cada logro y avance en la casa, \u00e9l agradec\u00eda con l\u00e1grimas, porque para \u00e9l estas colonias eran su segundo hogar, es as\u00ed como ense\u00f1\u00f3 a sus hijos a amar estas colonias escolares como \u00e9l las am\u00f3 y cuando retom\u00e1bamos las actividades del verano 2016 y ante su delicado estado de salud, pidi\u00f3 a Felipe, su hijo, que fuera el continuador de su obra, quien hoy es nuestro querido administrador, Daniel Felipe Gonz\u00e1lez\u00bb.<br \/>\nDiario El Trabajo habl\u00f3 v\u00eda telef\u00f3nica con Felipe, quien nos asegur\u00f3 que \u00abyo crec\u00ed en estas colonias escolares, aprend\u00ed de pap\u00e1 c\u00f3mo se hac\u00edan las cosas y c\u00f3mo atender a los ni\u00f1os y profesores sanfelipe\u00f1os que la visitaban, desde 2015 yo ven\u00eda coadminstrando las colonias, ahora asumo en t\u00edtulo este cargo y lo hago con much\u00edsimo gusto\u00bb, repunt\u00f3 Felipe.<br \/>\nMuri\u00f3 un hombre bueno. Honesto. Puro de coraz\u00f3n y de gran entrega en la obra social por los ni\u00f1os de San Felipe, raz\u00f3n por lo cual quienes laboramos en Diario El Trabajo hoy le rendimos homenaje por medio de este reportaje especial sobre su labor de m\u00e1s de 30 a\u00f1os en beneficio de la ni\u00f1ez aconcag\u00fcina, una labor que desarroll\u00f3 totalmente gratis.<br \/>\nRoberto Gonz\u00e1lez Short<br \/>\nrgonzalez@eltrabajo.cl<\/p>\n<figure id=\"attachment_69593\" aria-describedby=\"caption-attachment-69593\" style=\"width: 300px\" class=\"wp-caption alignleft\"><a href=\"http:\/\/www.eltrabajo.cl\/portal\/murio-administrador-de-las-colonias-escolares-de-san-felipe-en-quintero\/felipe-gonzalez\/\" rel=\"attachment wp-att-69593\"><img data-recalc-dims=\"1\" loading=\"lazy\" decoding=\"async\" class=\"size-medium wp-image-69593\" src=\"https:\/\/i0.wp.com\/www.eltrabajo.cl\/portal\/wp-content\/uploads\/2016\/05\/Felipe-Gonzalez-300x197.jpg?resize=300%2C197\" alt=\"Felipe Gonzalez, hijo de don Hugo y nuevo administrador de las Colonias Escolares de San Felipe en Quintero.\" width=\"300\" height=\"197\" srcset=\"https:\/\/i0.wp.com\/eltrabajo.cl\/portal\/wp-content\/uploads\/2016\/05\/Felipe-Gonzalez.jpg?resize=300%2C197&amp;ssl=1 300w, https:\/\/i0.wp.com\/eltrabajo.cl\/portal\/wp-content\/uploads\/2016\/05\/Felipe-Gonzalez.jpg?resize=200%2C131&amp;ssl=1 200w, https:\/\/i0.wp.com\/eltrabajo.cl\/portal\/wp-content\/uploads\/2016\/05\/Felipe-Gonzalez.jpg?resize=228%2C150&amp;ssl=1 228w, https:\/\/i0.wp.com\/eltrabajo.cl\/portal\/wp-content\/uploads\/2016\/05\/Felipe-Gonzalez.jpg?resize=400%2C263&amp;ssl=1 400w, https:\/\/i0.wp.com\/eltrabajo.cl\/portal\/wp-content\/uploads\/2016\/05\/Felipe-Gonzalez.jpg?w=530&amp;ssl=1 530w\" sizes=\"auto, (max-width: 300px) 100vw, 300px\" \/><\/a><figcaption id=\"caption-attachment-69593\" class=\"wp-caption-text\">Felipe Gonzalez, hijo de don Hugo y nuevo administrador de las Colonias Escolares de San Felipe en Quintero.<\/figcaption><\/figure>\n<figure id=\"attachment_69594\" aria-describedby=\"caption-attachment-69594\" style=\"width: 300px\" class=\"wp-caption alignleft\"><a href=\"http:\/\/www.eltrabajo.cl\/portal\/murio-administrador-de-las-colonias-escolares-de-san-felipe-en-quintero\/fernando-aguilera\/\" rel=\"attachment wp-att-69594\"><img data-recalc-dims=\"1\" loading=\"lazy\" decoding=\"async\" class=\"size-medium wp-image-69594\" src=\"https:\/\/i0.wp.com\/www.eltrabajo.cl\/portal\/wp-content\/uploads\/2016\/05\/Fernando-Aguilera-300x197.jpg?resize=300%2C197\" alt=\"Fernando Aguilera, presidente de la Asociaci\u00f3n de Protecci\u00f3n de Menores de San Felipe.\" width=\"300\" height=\"197\" srcset=\"https:\/\/i0.wp.com\/eltrabajo.cl\/portal\/wp-content\/uploads\/2016\/05\/Fernando-Aguilera.jpg?resize=300%2C197&amp;ssl=1 300w, https:\/\/i0.wp.com\/eltrabajo.cl\/portal\/wp-content\/uploads\/2016\/05\/Fernando-Aguilera.jpg?resize=200%2C131&amp;ssl=1 200w, https:\/\/i0.wp.com\/eltrabajo.cl\/portal\/wp-content\/uploads\/2016\/05\/Fernando-Aguilera.jpg?resize=228%2C150&amp;ssl=1 228w, https:\/\/i0.wp.com\/eltrabajo.cl\/portal\/wp-content\/uploads\/2016\/05\/Fernando-Aguilera.jpg?resize=400%2C263&amp;ssl=1 400w, https:\/\/i0.wp.com\/eltrabajo.cl\/portal\/wp-content\/uploads\/2016\/05\/Fernando-Aguilera.jpg?w=530&amp;ssl=1 530w\" sizes=\"auto, (max-width: 300px) 100vw, 300px\" \/><\/a><figcaption id=\"caption-attachment-69594\" class=\"wp-caption-text\">Fernando Aguilera, presidente de la Asociaci\u00f3n de Protecci\u00f3n de Menores de San Felipe.<\/figcaption><\/figure>\n<figure id=\"attachment_69595\" aria-describedby=\"caption-attachment-69595\" style=\"width: 530px\" class=\"wp-caption alignleft\"><a href=\"http:\/\/www.eltrabajo.cl\/portal\/murio-administrador-de-las-colonias-escolares-de-san-felipe-en-quintero\/funeral28\/\" rel=\"attachment wp-att-69595\"><img data-recalc-dims=\"1\" loading=\"lazy\" decoding=\"async\" class=\"size-full wp-image-69595\" src=\"https:\/\/i0.wp.com\/www.eltrabajo.cl\/portal\/wp-content\/uploads\/2016\/05\/Funeral28.jpg?resize=530%2C350\" alt=\"ADI\u00d3S QUERIDO HERMANO.- Las exequias del sanfelipe\u00f1o Hugo Gonz\u00e1lez Venegas se realizaron este s\u00e1bado en horas de la tarde en Quintero.\" width=\"530\" height=\"350\" srcset=\"https:\/\/i0.wp.com\/eltrabajo.cl\/portal\/wp-content\/uploads\/2016\/05\/Funeral28.jpg?w=530&amp;ssl=1 530w, https:\/\/i0.wp.com\/eltrabajo.cl\/portal\/wp-content\/uploads\/2016\/05\/Funeral28.jpg?resize=200%2C132&amp;ssl=1 200w, https:\/\/i0.wp.com\/eltrabajo.cl\/portal\/wp-content\/uploads\/2016\/05\/Funeral28.jpg?resize=300%2C198&amp;ssl=1 300w, https:\/\/i0.wp.com\/eltrabajo.cl\/portal\/wp-content\/uploads\/2016\/05\/Funeral28.jpg?resize=227%2C150&amp;ssl=1 227w, https:\/\/i0.wp.com\/eltrabajo.cl\/portal\/wp-content\/uploads\/2016\/05\/Funeral28.jpg?resize=400%2C264&amp;ssl=1 400w\" sizes=\"auto, (max-width: 530px) 100vw, 530px\" \/><\/a><figcaption id=\"caption-attachment-69595\" class=\"wp-caption-text\">ADI\u00d3S QUERIDO HERMANO.- Las exequias del sanfelipe\u00f1o Hugo Gonz\u00e1lez Venegas se realizaron este s\u00e1bado en horas de la tarde en Quintero.<\/figcaption><\/figure>\n<figure id=\"attachment_69596\" aria-describedby=\"caption-attachment-69596\" style=\"width: 530px\" class=\"wp-caption alignleft\"><a href=\"http:\/\/www.eltrabajo.cl\/portal\/murio-administrador-de-las-colonias-escolares-de-san-felipe-en-quintero\/hugo-gonzalez\/\" rel=\"attachment wp-att-69596\"><img data-recalc-dims=\"1\" loading=\"lazy\" decoding=\"async\" class=\"size-full wp-image-69596\" src=\"https:\/\/i0.wp.com\/www.eltrabajo.cl\/portal\/wp-content\/uploads\/2016\/05\/Hugo-Gonzalez.jpg?resize=530%2C349\" alt=\"Hugo Gonz\u00e1lez Venegas, falleci\u00f3 a pocos d\u00edas de cumplir sus 80 a\u00f1os.\" width=\"530\" height=\"349\" srcset=\"https:\/\/i0.wp.com\/eltrabajo.cl\/portal\/wp-content\/uploads\/2016\/05\/Hugo-Gonzalez.jpg?w=530&amp;ssl=1 530w, https:\/\/i0.wp.com\/eltrabajo.cl\/portal\/wp-content\/uploads\/2016\/05\/Hugo-Gonzalez.jpg?resize=200%2C132&amp;ssl=1 200w, https:\/\/i0.wp.com\/eltrabajo.cl\/portal\/wp-content\/uploads\/2016\/05\/Hugo-Gonzalez.jpg?resize=300%2C198&amp;ssl=1 300w, https:\/\/i0.wp.com\/eltrabajo.cl\/portal\/wp-content\/uploads\/2016\/05\/Hugo-Gonzalez.jpg?resize=228%2C150&amp;ssl=1 228w, https:\/\/i0.wp.com\/eltrabajo.cl\/portal\/wp-content\/uploads\/2016\/05\/Hugo-Gonzalez.jpg?resize=400%2C263&amp;ssl=1 400w\" sizes=\"auto, (max-width: 530px) 100vw, 530px\" \/><\/a><figcaption id=\"caption-attachment-69596\" class=\"wp-caption-text\">Hugo Gonz\u00e1lez Venegas, falleci\u00f3 a pocos d\u00edas de cumplir sus 80 a\u00f1os.<\/figcaption><\/figure>\n","protected":false},"excerpt":{"rendered":"<p>Hugo Gonz\u00e1lez trabaj\u00f3 d\u00e9cadas sin cobrar un peso: El sanfelipe\u00f1o que por a\u00f1os administr\u00f3 amorosamente las Colonias Escolares de San Felipe en Quintero, mismas que funcionaban exclusivamente para ni\u00f1os en edad escolar&#8230;<\/p>\n","protected":false},"author":1,"featured_media":69596,"comment_status":"open","ping_status":"open","sticky":false,"template":"","format":"standard","meta":{"advanced_seo_description":"","jetpack_seo_html_title":"","jetpack_seo_noindex":false,"_jetpack_memberships_contains_paid_content":false,"footnotes":""},"categories":[15],"tags":[],"class_list":["post-69592","post","type-post","status-publish","format-standard","has-post-thumbnail","hentry","category-comunidad"],"jetpack_featured_media_url":"https:\/\/i0.wp.com\/eltrabajo.cl\/portal\/wp-content\/uploads\/2016\/05\/Hugo-Gonzalez.jpg?fit=530%2C349&ssl=1","jetpack_sharing_enabled":true,"jetpack_likes_enabled":true,"jetpack-related-posts":[],"_links":{"self":[{"href":"https:\/\/eltrabajo.cl\/portal\/wp-json\/wp\/v2\/posts\/69592","targetHints":{"allow":["GET"]}}],"collection":[{"href":"https:\/\/eltrabajo.cl\/portal\/wp-json\/wp\/v2\/posts"}],"about":[{"href":"https:\/\/eltrabajo.cl\/portal\/wp-json\/wp\/v2\/types\/post"}],"author":[{"embeddable":true,"href":"https:\/\/eltrabajo.cl\/portal\/wp-json\/wp\/v2\/users\/1"}],"replies":[{"embeddable":true,"href":"https:\/\/eltrabajo.cl\/portal\/wp-json\/wp\/v2\/comments?post=69592"}],"version-history":[{"count":0,"href":"https:\/\/eltrabajo.cl\/portal\/wp-json\/wp\/v2\/posts\/69592\/revisions"}],"wp:featuredmedia":[{"embeddable":true,"href":"https:\/\/eltrabajo.cl\/portal\/wp-json\/wp\/v2\/media\/69596"}],"wp:attachment":[{"href":"https:\/\/eltrabajo.cl\/portal\/wp-json\/wp\/v2\/media?parent=69592"}],"wp:term":[{"taxonomy":"category","embeddable":true,"href":"https:\/\/eltrabajo.cl\/portal\/wp-json\/wp\/v2\/categories?post=69592"},{"taxonomy":"post_tag","embeddable":true,"href":"https:\/\/eltrabajo.cl\/portal\/wp-json\/wp\/v2\/tags?post=69592"}],"curies":[{"name":"wp","href":"https:\/\/api.w.org\/{rel}","templated":true}]}}