{"id":69600,"date":"2016-05-10T09:42:03","date_gmt":"2016-05-10T12:42:03","guid":{"rendered":"http:\/\/www.eltrabajo.cl\/portal\/?p=69600"},"modified":"2016-05-10T09:42:03","modified_gmt":"2016-05-10T12:42:03","slug":"pacientes-con-cancer-terminal-recibiran-mas-horas-de-atencion","status":"publish","type":"post","link":"https:\/\/eltrabajo.cl\/portal\/pacientes-con-cancer-terminal-recibiran-mas-horas-de-atencion\/","title":{"rendered":"Pacientes con c\u00e1ncer terminal recibir\u00e1n m\u00e1s horas de atenci\u00f3n"},"content":{"rendered":"<p>Luego de una presentaci\u00f3n a toda la red de atenci\u00f3n que utiliza el Programa del Alivio de Dolor y Cuidados Paliativos, la Dra. Mar\u00eda Alejandra Mu\u00f1oz, a cargo de la iniciativa desde febrero de este a\u00f1o, present\u00f3 los nuevos cambios y avances de este importante programa que tiene como misi\u00f3n entregar atenci\u00f3n a los pacientes con c\u00e1ncer y en especial aquellos que est\u00e1n en su etapa terminal.<br \/>\nDentro de las novedades mencionadas, se encuentra el aumento de horas m\u00e9dicas destinadas a este programa, las cuales aumentaron de seis a veintid\u00f3s horas, lo mismo que las horas de enfermer\u00eda, lo que ha permitido un gran avance en materia de cercan\u00eda con los pacientes, ya que incluso ahora se pueden realizar visitas domiciliarias por parte del m\u00e9dico y la enfermera, as\u00ed como tambi\u00e9n realizar consultas telef\u00f3nicas de urgencia.<br \/>\nAdem\u00e1s, gracias al esfuerzo realizado por la subdirecci\u00f3n m\u00e9dica, al equipo se logr\u00f3 sumar once horas de psic\u00f3loga y seis horas de asistente social, adem\u00e1s de apoyo por parte de una nutricionista y qu\u00edmico farmac\u00e9utico que permite tener un completo asesoramiento a los pacientes en diversas materias, lo que lo sit\u00faa como uno de los equipos m\u00e1s completos en esta materia a nivel nacional, ejemplo que ser\u00e1 expuesto por la Dra. Mu\u00f1oz en el Ministerio de Salud como experiencia exitosa.<br \/>\n\u00abActualmente tenemos 87 pacientes dentro del programa y semanalmente se suman 5 en promedio, a quienes estamos buscando darle la mejor atenci\u00f3n que ellos se merecen, ya que es nuestra obligaci\u00f3n y por eso seguiremos mejorando\u00bb, se\u00f1al\u00f3 la Dra. Mu\u00f1oz.<br \/>\nCabe destacar que estos pacientes tambi\u00e9n cuentan con el apoyo del voluntariado Damas de Lila, quienes entregan auxilio en diversas materias, haciendo en muchas ocasiones de nexo entre las familias y el hospital para mejorar los tiempos de respuesta hacia estos pacientes, quienes desde ahora tambi\u00e9n cuentan con un documento que les permite entre otras cosas, demostrar su condici\u00f3n m\u00e9dica para ser atendidos de acuerdo a sus requerimientos en servicios como Urgencia o Farmacia por ejemplo.<\/p>\n<figure id=\"attachment_69601\" aria-describedby=\"caption-attachment-69601\" style=\"width: 530px\" class=\"wp-caption alignleft\"><a href=\"http:\/\/www.eltrabajo.cl\/portal\/pacientes-con-cancer-terminal-recibiran-mas-horas-de-atencion\/foto-1_-doctora-maria-alejandra-munoz\/\" rel=\"attachment wp-att-69601\"><img data-recalc-dims=\"1\" loading=\"lazy\" decoding=\"async\" class=\"size-full wp-image-69601\" src=\"https:\/\/i0.wp.com\/www.eltrabajo.cl\/portal\/wp-content\/uploads\/2016\/05\/FOTO-1_-Doctora-Mar%C3%ADa-Alejandra-Munoz.jpg?resize=530%2C350\" alt=\"Doctora Mar\u00eda Alejandra Mu\u00f1oz exponiendo sobre los nuevos cambios y avances del  Programa del Alivio de Dolor y Cuidados Paliativos.\" width=\"530\" height=\"350\" srcset=\"https:\/\/i0.wp.com\/eltrabajo.cl\/portal\/wp-content\/uploads\/2016\/05\/FOTO-1_-Doctora-Mar%C3%ADa-Alejandra-Munoz.jpg?w=530&amp;ssl=1 530w, https:\/\/i0.wp.com\/eltrabajo.cl\/portal\/wp-content\/uploads\/2016\/05\/FOTO-1_-Doctora-Mar%C3%ADa-Alejandra-Munoz.jpg?resize=200%2C132&amp;ssl=1 200w, https:\/\/i0.wp.com\/eltrabajo.cl\/portal\/wp-content\/uploads\/2016\/05\/FOTO-1_-Doctora-Mar%C3%ADa-Alejandra-Munoz.jpg?resize=300%2C198&amp;ssl=1 300w, https:\/\/i0.wp.com\/eltrabajo.cl\/portal\/wp-content\/uploads\/2016\/05\/FOTO-1_-Doctora-Mar%C3%ADa-Alejandra-Munoz.jpg?resize=227%2C150&amp;ssl=1 227w, https:\/\/i0.wp.com\/eltrabajo.cl\/portal\/wp-content\/uploads\/2016\/05\/FOTO-1_-Doctora-Mar%C3%ADa-Alejandra-Munoz.jpg?resize=400%2C264&amp;ssl=1 400w\" sizes=\"auto, (max-width: 530px) 100vw, 530px\" \/><\/a><figcaption id=\"caption-attachment-69601\" class=\"wp-caption-text\">Doctora Mar\u00eda Alejandra Mu\u00f1oz exponiendo sobre los nuevos cambios y avances del Programa del Alivio de Dolor y Cuidados Paliativos.<\/figcaption><\/figure>\n","protected":false},"excerpt":{"rendered":"<p>Luego de una presentaci\u00f3n a toda la red de atenci\u00f3n que utiliza el Programa del Alivio de Dolor y Cuidados Paliativos, la Dra. Mar\u00eda Alejandra Mu\u00f1oz, a cargo de la iniciativa desde&#8230;<\/p>\n","protected":false},"author":1,"featured_media":69601,"comment_status":"open","ping_status":"open","sticky":false,"template":"","format":"standard","meta":{"advanced_seo_description":"","jetpack_seo_html_title":"","jetpack_seo_noindex":false,"_jetpack_memberships_contains_paid_content":false,"footnotes":""},"categories":[1],"tags":[],"class_list":["post-69600","post","type-post","status-publish","format-standard","has-post-thumbnail","hentry","category-cronica"],"jetpack_featured_media_url":"https:\/\/i0.wp.com\/eltrabajo.cl\/portal\/wp-content\/uploads\/2016\/05\/FOTO-1_-Doctora-Mar%C3%ADa-Alejandra-Munoz.jpg?fit=530%2C350&ssl=1","jetpack_sharing_enabled":true,"jetpack_likes_enabled":true,"jetpack-related-posts":[],"_links":{"self":[{"href":"https:\/\/eltrabajo.cl\/portal\/wp-json\/wp\/v2\/posts\/69600","targetHints":{"allow":["GET"]}}],"collection":[{"href":"https:\/\/eltrabajo.cl\/portal\/wp-json\/wp\/v2\/posts"}],"about":[{"href":"https:\/\/eltrabajo.cl\/portal\/wp-json\/wp\/v2\/types\/post"}],"author":[{"embeddable":true,"href":"https:\/\/eltrabajo.cl\/portal\/wp-json\/wp\/v2\/users\/1"}],"replies":[{"embeddable":true,"href":"https:\/\/eltrabajo.cl\/portal\/wp-json\/wp\/v2\/comments?post=69600"}],"version-history":[{"count":0,"href":"https:\/\/eltrabajo.cl\/portal\/wp-json\/wp\/v2\/posts\/69600\/revisions"}],"wp:featuredmedia":[{"embeddable":true,"href":"https:\/\/eltrabajo.cl\/portal\/wp-json\/wp\/v2\/media\/69601"}],"wp:attachment":[{"href":"https:\/\/eltrabajo.cl\/portal\/wp-json\/wp\/v2\/media?parent=69600"}],"wp:term":[{"taxonomy":"category","embeddable":true,"href":"https:\/\/eltrabajo.cl\/portal\/wp-json\/wp\/v2\/categories?post=69600"},{"taxonomy":"post_tag","embeddable":true,"href":"https:\/\/eltrabajo.cl\/portal\/wp-json\/wp\/v2\/tags?post=69600"}],"curies":[{"name":"wp","href":"https:\/\/api.w.org\/{rel}","templated":true}]}}