{"id":69604,"date":"2016-05-10T09:43:39","date_gmt":"2016-05-10T12:43:39","guid":{"rendered":"http:\/\/www.eltrabajo.cl\/portal\/?p=69604"},"modified":"2016-05-10T09:43:39","modified_gmt":"2016-05-10T12:43:39","slug":"encapuchados-y-armados-golpean-a-guardia-para-robar-en-buses-puma","status":"publish","type":"post","link":"https:\/\/eltrabajo.cl\/portal\/encapuchados-y-armados-golpean-a-guardia-para-robar-en-buses-puma\/","title":{"rendered":"Encapuchados y armados golpean a guardia para robar en Buses Puma"},"content":{"rendered":"<ul>\n<li><strong>Magro bot\u00edn de dos celulares y una cantidad escu\u00e1lida de dinero<\/strong><\/li>\n<\/ul>\n<p>C\u00e1maras de seguridad registraron los momentos en que los sujetos irrumpieron violentamente hasta la garita de esta empresa de transporte ubicada en el sector Hacienda de Quilpu\u00e9 de San Felipe, en horas de la madrugada de ayer lunes.<br \/>\nUn grupo de al menos cuatro sujetos irrumpieron sorpresivamente armados hasta la garita de Buses Puma en el sector Hacienda de Quilpu\u00e9 en San Felipe, golpeando en la cabeza al guardia que result\u00f3 herido, para escapar finalmente con un magro bot\u00edn de dos celulares y una escu\u00e1lida cantidad de dinero.<br \/>\nLas grabaciones de las c\u00e1maras de seguridad registraron a los delincuentes alrededor de las 04:00 horas de ayer lunes, irrumpiendo violentamente hasta la garita donde se ubicaba el guardia de seguridad, quien fue intimidado por estos sujetos con escopetas para luego ser golpeado en su cabeza.<br \/>\nAl mismo tiempo, parte de los integrantes de esta banda se dirigieron hasta las dependencias en b\u00fasqueda de dinero, hallando una caja fuerte que no lograron abrir pese a golpearla reiteradas veces.<br \/>\nLos delincuentes, al revisar en otras oficinas y en el sector del casino, sustrajeron una peque\u00f1a cantidad de dinero, llev\u00e1ndose adem\u00e1s el celular del guardia y otro equipo m\u00f3vil perteneciente a la empresa de Buses Puma.<br \/>\nPosteriormente el delito fue denunciado a Carabineros quienes adoptaron las primeras diligencias investigativas para el caso, revisando las grabaciones proporcionadas por las c\u00e1maras de seguridad que habr\u00edan advertido estos sujetos, decidiendo abandonar el lugar al descubrir que estaban siendo observados.<br \/>\nSeg\u00fan inform\u00f3 la instituci\u00f3n uniformada, las investigaciones se encuentran a cargo de la Secci\u00f3n de Investigaci\u00f3n Policial SIP de Carabineros de San Felipe, pericias que hasta el momento no han rendido frutos debido a que los delincuentes ocultaron sus rostros con capuchas.<br \/>\nEn tanto el funcionario v\u00edctima de estos hechos debi\u00f3 ser trasladado hasta la unidad de emergencias del Instituto de Seguridad del Trabajador, IST, para tratar sus lesiones y practicarse diversos ex\u00e1menes m\u00e9dicos pertinentes.<br \/>\n<strong>Pablo Salinas Sald\u00edas<\/strong><\/p>\n<figure id=\"attachment_69605\" aria-describedby=\"caption-attachment-69605\" style=\"width: 530px\" class=\"wp-caption alignleft\"><a href=\"http:\/\/www.eltrabajo.cl\/portal\/encapuchados-y-armados-golpean-a-guardia-para-robar-en-buses-puma\/buses-puma-1-2\/\" rel=\"attachment wp-att-69605\"><img data-recalc-dims=\"1\" loading=\"lazy\" decoding=\"async\" class=\"size-full wp-image-69605\" src=\"https:\/\/i0.wp.com\/www.eltrabajo.cl\/portal\/wp-content\/uploads\/2016\/05\/buses-puma-1.jpg?resize=530%2C348\" alt=\"El asalto ocurri\u00f3 en horas de la madrugada del lunes en la garita de Buses Puma de San Felipe. (Imagen Referencial).\" width=\"530\" height=\"348\" srcset=\"https:\/\/i0.wp.com\/eltrabajo.cl\/portal\/wp-content\/uploads\/2016\/05\/buses-puma-1.jpg?w=530&amp;ssl=1 530w, https:\/\/i0.wp.com\/eltrabajo.cl\/portal\/wp-content\/uploads\/2016\/05\/buses-puma-1.jpg?resize=200%2C131&amp;ssl=1 200w, https:\/\/i0.wp.com\/eltrabajo.cl\/portal\/wp-content\/uploads\/2016\/05\/buses-puma-1.jpg?resize=300%2C197&amp;ssl=1 300w, https:\/\/i0.wp.com\/eltrabajo.cl\/portal\/wp-content\/uploads\/2016\/05\/buses-puma-1.jpg?resize=228%2C150&amp;ssl=1 228w, https:\/\/i0.wp.com\/eltrabajo.cl\/portal\/wp-content\/uploads\/2016\/05\/buses-puma-1.jpg?resize=400%2C263&amp;ssl=1 400w\" sizes=\"auto, (max-width: 530px) 100vw, 530px\" \/><\/a><figcaption id=\"caption-attachment-69605\" class=\"wp-caption-text\">El asalto ocurri\u00f3 en horas de la madrugada del lunes en la garita de Buses Puma de San Felipe. (Imagen Referencial).<\/figcaption><\/figure>\n","protected":false},"excerpt":{"rendered":"<p>Magro bot\u00edn de dos celulares y una cantidad escu\u00e1lida de dinero C\u00e1maras de seguridad registraron los momentos en que los sujetos irrumpieron violentamente hasta la garita de esta empresa de transporte ubicada&#8230;<\/p>\n","protected":false},"author":1,"featured_media":69605,"comment_status":"open","ping_status":"open","sticky":false,"template":"","format":"standard","meta":{"advanced_seo_description":"","jetpack_seo_html_title":"","jetpack_seo_noindex":false,"_jetpack_memberships_contains_paid_content":false,"footnotes":""},"categories":[21],"tags":[],"class_list":["post-69604","post","type-post","status-publish","format-standard","has-post-thumbnail","hentry","category-policial"],"jetpack_featured_media_url":"https:\/\/i0.wp.com\/eltrabajo.cl\/portal\/wp-content\/uploads\/2016\/05\/buses-puma-1.jpg?fit=530%2C348&ssl=1","jetpack_sharing_enabled":true,"jetpack_likes_enabled":true,"jetpack-related-posts":[],"_links":{"self":[{"href":"https:\/\/eltrabajo.cl\/portal\/wp-json\/wp\/v2\/posts\/69604","targetHints":{"allow":["GET"]}}],"collection":[{"href":"https:\/\/eltrabajo.cl\/portal\/wp-json\/wp\/v2\/posts"}],"about":[{"href":"https:\/\/eltrabajo.cl\/portal\/wp-json\/wp\/v2\/types\/post"}],"author":[{"embeddable":true,"href":"https:\/\/eltrabajo.cl\/portal\/wp-json\/wp\/v2\/users\/1"}],"replies":[{"embeddable":true,"href":"https:\/\/eltrabajo.cl\/portal\/wp-json\/wp\/v2\/comments?post=69604"}],"version-history":[{"count":0,"href":"https:\/\/eltrabajo.cl\/portal\/wp-json\/wp\/v2\/posts\/69604\/revisions"}],"wp:featuredmedia":[{"embeddable":true,"href":"https:\/\/eltrabajo.cl\/portal\/wp-json\/wp\/v2\/media\/69605"}],"wp:attachment":[{"href":"https:\/\/eltrabajo.cl\/portal\/wp-json\/wp\/v2\/media?parent=69604"}],"wp:term":[{"taxonomy":"category","embeddable":true,"href":"https:\/\/eltrabajo.cl\/portal\/wp-json\/wp\/v2\/categories?post=69604"},{"taxonomy":"post_tag","embeddable":true,"href":"https:\/\/eltrabajo.cl\/portal\/wp-json\/wp\/v2\/tags?post=69604"}],"curies":[{"name":"wp","href":"https:\/\/api.w.org\/{rel}","templated":true}]}}