{"id":69621,"date":"2016-05-11T09:04:40","date_gmt":"2016-05-11T12:04:40","guid":{"rendered":"http:\/\/www.eltrabajo.cl\/portal\/?p=69621"},"modified":"2016-05-11T09:04:40","modified_gmt":"2016-05-11T12:04:40","slug":"capilla-espiritu-santo-redobla-campanas-por-sus-50-anos","status":"publish","type":"post","link":"https:\/\/eltrabajo.cl\/portal\/capilla-espiritu-santo-redobla-campanas-por-sus-50-anos\/","title":{"rendered":"Capilla Esp\u00edritu Santo redobla campanas por sus 50 a\u00f1os"},"content":{"rendered":"<ul>\n<li><strong>Realizando una vigilia y Misa especial:<\/strong><\/li>\n<\/ul>\n<p>Ya casi est\u00e1n listos todos los preparativos para celebrar los 50 a\u00f1os de existencia de la Parroquia Esp\u00edritu Santo, misma que est\u00e1 ubicada en Riquelme, sector Barrio Estaci\u00f3n. Se trata de una jornada de actividades religiosas que iniciar\u00e1n este viernes desde las 20:00 horas con una reuni\u00f3n de agentes pastorales.<br \/>\n\u00abEn 1966 el Obispo Enrique Alvear Urrutia inaugur\u00f3 la Parroquia Esp\u00edritu Santo, de ese acontecimiento es que celebraremos 50 a\u00f1os. Esta semana estamos coordinando todos los aspectos de las actividades a realizar, el viernes tendremos un encuentro formativo con nuestros agentes pastorales a las 20:00 horas; para el s\u00e1bado a las 20:00 horas haremos una vigilia de oraci\u00f3n por la fiesta del D\u00eda de Pentecost\u00e9s del domingo; ya el domingo tendremos, a las 10:30 horas del domingo realizaremos una Misa especial nuestro Monse\u00f1or Cristian Contreras\u00bb, coment\u00f3 a Diario El Trabajo el Padre Ricardo Cort\u00e9s Piffaut, p\u00e1rroco de la Iglesia Catedral de San Felipe y administrador de la Parroquia Esp\u00edritu Santo.<\/p>\n<p><strong>TERRENO DONADO<\/strong><br \/>\nLa data de esta casa religiosa sanfelipe\u00f1a se establece oficialmente el s\u00e1bado 26 de junio de 1965, cuando el Obispado de San Felipe decret\u00f3 mediante un oficio dicha parroquia. La casa religiosa se cre\u00f3 en terrenos donados por la se\u00f1ora Mar\u00eda Haramboure de Laf\u00f3n. La obra habr\u00eda sido inaugurada en noviembre de 1966, pero se est\u00e1 celebrando en mayo por la relaci\u00f3n que evoca la celebraci\u00f3n del Esp\u00edritu Santo.<br \/>\nDiario El Trabajo habl\u00f3 con uno de los feligreses de esta parroquia, don Jos\u00e9 Cornejo Rodr\u00edguez, quien invit\u00f3 a nuestros lectores y a vecinos del lugar, \u00abestoy invitando a estar todos unidos y presentes en estas actividades especiales de nuestra parroquia, especialmente a los j\u00f3venes, ya que la poblaci\u00f3n de este sector somos en la mayor\u00eda Adulto Mayor, necesitamos sangre y br\u00edos nuevos\u00bb, dijo Cornejo.<br \/>\n<strong>Roberto Gonz\u00e1lez Short<\/strong><br \/>\n<strong>rgonzalez@eltrabajo.cl<\/strong><\/p>\n<figure id=\"attachment_69622\" aria-describedby=\"caption-attachment-69622\" style=\"width: 530px\" class=\"wp-caption alignleft\"><a href=\"http:\/\/www.eltrabajo.cl\/portal\/capilla-espiritu-santo-redobla-campanas-por-sus-50-anos\/camilo-vial\/\" rel=\"attachment wp-att-69622\"><img data-recalc-dims=\"1\" loading=\"lazy\" decoding=\"async\" class=\"size-full wp-image-69622\" src=\"https:\/\/i0.wp.com\/www.eltrabajo.cl\/portal\/wp-content\/uploads\/2016\/05\/Camilo-Vial.jpg?resize=530%2C349\" alt=\"DEL RECUERDO.- En esta foto del recuerdo vemos al sacerdote Camilo Vial Risopatr\u00f3n, cuando \u00e9l oficiaba sus misas en esta hist\u00f3rica capilla, a su lado, la generaci\u00f3n de aquellos a\u00f1os.\" width=\"530\" height=\"349\" srcset=\"https:\/\/i0.wp.com\/eltrabajo.cl\/portal\/wp-content\/uploads\/2016\/05\/Camilo-Vial.jpg?w=530&amp;ssl=1 530w, https:\/\/i0.wp.com\/eltrabajo.cl\/portal\/wp-content\/uploads\/2016\/05\/Camilo-Vial.jpg?resize=200%2C132&amp;ssl=1 200w, https:\/\/i0.wp.com\/eltrabajo.cl\/portal\/wp-content\/uploads\/2016\/05\/Camilo-Vial.jpg?resize=300%2C198&amp;ssl=1 300w, https:\/\/i0.wp.com\/eltrabajo.cl\/portal\/wp-content\/uploads\/2016\/05\/Camilo-Vial.jpg?resize=228%2C150&amp;ssl=1 228w, https:\/\/i0.wp.com\/eltrabajo.cl\/portal\/wp-content\/uploads\/2016\/05\/Camilo-Vial.jpg?resize=400%2C263&amp;ssl=1 400w\" sizes=\"auto, (max-width: 530px) 100vw, 530px\" \/><\/a><figcaption id=\"caption-attachment-69622\" class=\"wp-caption-text\">DEL RECUERDO.- En esta foto del recuerdo vemos al sacerdote Camilo Vial Risopatr\u00f3n, cuando \u00e9l oficiaba sus misas en esta hist\u00f3rica capilla, a su lado, la generaci\u00f3n de aquellos a\u00f1os.<\/figcaption><\/figure>\n<figure id=\"attachment_69623\" aria-describedby=\"caption-attachment-69623\" style=\"width: 530px\" class=\"wp-caption alignleft\"><a href=\"http:\/\/www.eltrabajo.cl\/portal\/capilla-espiritu-santo-redobla-campanas-por-sus-50-anos\/fieles33\/\" rel=\"attachment wp-att-69623\"><img data-recalc-dims=\"1\" loading=\"lazy\" decoding=\"async\" class=\"size-full wp-image-69623\" src=\"https:\/\/i0.wp.com\/www.eltrabajo.cl\/portal\/wp-content\/uploads\/2016\/05\/Fieles33.jpg?resize=530%2C349\" alt=\"COMUNIDAD MUY ACTIVA.- Estos agentes pastorales posan para las c\u00e1maras de Diario El Trabajo en compa\u00f1\u00eda de su sacerdote y pastor, Ricardo Cort\u00e9s Piffaut.\" width=\"530\" height=\"349\" srcset=\"https:\/\/i0.wp.com\/eltrabajo.cl\/portal\/wp-content\/uploads\/2016\/05\/Fieles33.jpg?w=530&amp;ssl=1 530w, https:\/\/i0.wp.com\/eltrabajo.cl\/portal\/wp-content\/uploads\/2016\/05\/Fieles33.jpg?resize=200%2C132&amp;ssl=1 200w, https:\/\/i0.wp.com\/eltrabajo.cl\/portal\/wp-content\/uploads\/2016\/05\/Fieles33.jpg?resize=300%2C198&amp;ssl=1 300w, https:\/\/i0.wp.com\/eltrabajo.cl\/portal\/wp-content\/uploads\/2016\/05\/Fieles33.jpg?resize=228%2C150&amp;ssl=1 228w, https:\/\/i0.wp.com\/eltrabajo.cl\/portal\/wp-content\/uploads\/2016\/05\/Fieles33.jpg?resize=400%2C263&amp;ssl=1 400w\" sizes=\"auto, (max-width: 530px) 100vw, 530px\" \/><\/a><figcaption id=\"caption-attachment-69623\" class=\"wp-caption-text\">COMUNIDAD MUY ACTIVA.- Estos agentes pastorales posan para las c\u00e1maras de Diario El Trabajo en compa\u00f1\u00eda de su sacerdote y pastor, Ricardo Cort\u00e9s Piffaut.<\/figcaption><\/figure>\n<figure id=\"attachment_69624\" aria-describedby=\"caption-attachment-69624\" style=\"width: 530px\" class=\"wp-caption alignleft\"><a href=\"http:\/\/www.eltrabajo.cl\/portal\/capilla-espiritu-santo-redobla-campanas-por-sus-50-anos\/maria-haramboure\/\" rel=\"attachment wp-att-69624\"><img data-recalc-dims=\"1\" loading=\"lazy\" decoding=\"async\" class=\"size-full wp-image-69624\" src=\"https:\/\/i0.wp.com\/www.eltrabajo.cl\/portal\/wp-content\/uploads\/2016\/05\/Maria-Haramboure.jpg?resize=530%2C349\" alt=\"DAMA ENTRE LAS DAMAS.- Mar\u00eda Haramboure de Laf\u00f3n, digna sanfelipe\u00f1a que don\u00f3 el terreno para la construcci\u00f3n de esta parroquia.\" width=\"530\" height=\"349\" srcset=\"https:\/\/i0.wp.com\/eltrabajo.cl\/portal\/wp-content\/uploads\/2016\/05\/Maria-Haramboure.jpg?w=530&amp;ssl=1 530w, https:\/\/i0.wp.com\/eltrabajo.cl\/portal\/wp-content\/uploads\/2016\/05\/Maria-Haramboure.jpg?resize=200%2C132&amp;ssl=1 200w, https:\/\/i0.wp.com\/eltrabajo.cl\/portal\/wp-content\/uploads\/2016\/05\/Maria-Haramboure.jpg?resize=300%2C198&amp;ssl=1 300w, https:\/\/i0.wp.com\/eltrabajo.cl\/portal\/wp-content\/uploads\/2016\/05\/Maria-Haramboure.jpg?resize=228%2C150&amp;ssl=1 228w, https:\/\/i0.wp.com\/eltrabajo.cl\/portal\/wp-content\/uploads\/2016\/05\/Maria-Haramboure.jpg?resize=400%2C263&amp;ssl=1 400w\" sizes=\"auto, (max-width: 530px) 100vw, 530px\" \/><\/a><figcaption id=\"caption-attachment-69624\" class=\"wp-caption-text\">DAMA ENTRE LAS DAMAS.- Mar\u00eda Haramboure de Laf\u00f3n, digna sanfelipe\u00f1a que don\u00f3 el terreno para la construcci\u00f3n de esta parroquia.<\/figcaption><\/figure>\n","protected":false},"excerpt":{"rendered":"<p>Realizando una vigilia y Misa especial: Ya casi est\u00e1n listos todos los preparativos para celebrar los 50 a\u00f1os de existencia de la Parroquia Esp\u00edritu Santo, misma que est\u00e1 ubicada en Riquelme, sector&#8230;<\/p>\n","protected":false},"author":1,"featured_media":69622,"comment_status":"open","ping_status":"open","sticky":false,"template":"","format":"standard","meta":{"advanced_seo_description":"","jetpack_seo_html_title":"","jetpack_seo_noindex":false,"_jetpack_memberships_contains_paid_content":false,"footnotes":""},"categories":[15],"tags":[],"class_list":["post-69621","post","type-post","status-publish","format-standard","has-post-thumbnail","hentry","category-comunidad"],"jetpack_featured_media_url":"https:\/\/i0.wp.com\/eltrabajo.cl\/portal\/wp-content\/uploads\/2016\/05\/Camilo-Vial.jpg?fit=530%2C349&ssl=1","jetpack_sharing_enabled":true,"jetpack_likes_enabled":true,"jetpack-related-posts":[],"_links":{"self":[{"href":"https:\/\/eltrabajo.cl\/portal\/wp-json\/wp\/v2\/posts\/69621","targetHints":{"allow":["GET"]}}],"collection":[{"href":"https:\/\/eltrabajo.cl\/portal\/wp-json\/wp\/v2\/posts"}],"about":[{"href":"https:\/\/eltrabajo.cl\/portal\/wp-json\/wp\/v2\/types\/post"}],"author":[{"embeddable":true,"href":"https:\/\/eltrabajo.cl\/portal\/wp-json\/wp\/v2\/users\/1"}],"replies":[{"embeddable":true,"href":"https:\/\/eltrabajo.cl\/portal\/wp-json\/wp\/v2\/comments?post=69621"}],"version-history":[{"count":0,"href":"https:\/\/eltrabajo.cl\/portal\/wp-json\/wp\/v2\/posts\/69621\/revisions"}],"wp:featuredmedia":[{"embeddable":true,"href":"https:\/\/eltrabajo.cl\/portal\/wp-json\/wp\/v2\/media\/69622"}],"wp:attachment":[{"href":"https:\/\/eltrabajo.cl\/portal\/wp-json\/wp\/v2\/media?parent=69621"}],"wp:term":[{"taxonomy":"category","embeddable":true,"href":"https:\/\/eltrabajo.cl\/portal\/wp-json\/wp\/v2\/categories?post=69621"},{"taxonomy":"post_tag","embeddable":true,"href":"https:\/\/eltrabajo.cl\/portal\/wp-json\/wp\/v2\/tags?post=69621"}],"curies":[{"name":"wp","href":"https:\/\/api.w.org\/{rel}","templated":true}]}}