{"id":69631,"date":"2016-05-11T09:07:12","date_gmt":"2016-05-11T12:07:12","guid":{"rendered":"http:\/\/www.eltrabajo.cl\/portal\/?p=69631"},"modified":"2016-05-11T09:07:12","modified_gmt":"2016-05-11T12:07:12","slug":"municipio-proyecta-instalar-primer-punto-limpio-de-reciclaje-en-la-comuna","status":"publish","type":"post","link":"https:\/\/eltrabajo.cl\/portal\/municipio-proyecta-instalar-primer-punto-limpio-de-reciclaje-en-la-comuna\/","title":{"rendered":"Municipio proyecta instalar primer punto limpio de reciclaje en la comuna"},"content":{"rendered":"<ul>\n<li><strong>Alcalde Freire instruy\u00f3 hace un a\u00f1o a los equipos t\u00e9cnicos del municipio avanzar en este proyecto, que tambi\u00e9n ha sido solicitado por la comunidad sanfelipe\u00f1a.<\/strong><\/li>\n<\/ul>\n<figure id=\"attachment_69632\" aria-describedby=\"caption-attachment-69632\" style=\"width: 300px\" class=\"wp-caption alignleft\"><a href=\"http:\/\/www.eltrabajo.cl\/portal\/municipio-proyecta-instalar-primer-punto-limpio-de-reciclaje-en-la-comuna\/patricio-gonzalez-14\/\" rel=\"attachment wp-att-69632\"><img data-recalc-dims=\"1\" loading=\"lazy\" decoding=\"async\" class=\"size-medium wp-image-69632\" src=\"https:\/\/i0.wp.com\/www.eltrabajo.cl\/portal\/wp-content\/uploads\/2016\/05\/patricio-gonzalez-300x197.jpg?resize=300%2C197\" alt=\"El Administrador Municipal, Patricio Gonz\u00e1lez, adelant\u00f3 que el primer punto limpio se ubicar\u00eda en el Estadio Municipal.\" width=\"300\" height=\"197\" srcset=\"https:\/\/i0.wp.com\/eltrabajo.cl\/portal\/wp-content\/uploads\/2016\/05\/patricio-gonzalez.jpg?resize=300%2C197&amp;ssl=1 300w, https:\/\/i0.wp.com\/eltrabajo.cl\/portal\/wp-content\/uploads\/2016\/05\/patricio-gonzalez.jpg?resize=200%2C131&amp;ssl=1 200w, https:\/\/i0.wp.com\/eltrabajo.cl\/portal\/wp-content\/uploads\/2016\/05\/patricio-gonzalez.jpg?resize=228%2C150&amp;ssl=1 228w, https:\/\/i0.wp.com\/eltrabajo.cl\/portal\/wp-content\/uploads\/2016\/05\/patricio-gonzalez.jpg?resize=400%2C263&amp;ssl=1 400w, https:\/\/i0.wp.com\/eltrabajo.cl\/portal\/wp-content\/uploads\/2016\/05\/patricio-gonzalez.jpg?w=530&amp;ssl=1 530w\" sizes=\"auto, (max-width: 300px) 100vw, 300px\" \/><\/a><figcaption id=\"caption-attachment-69632\" class=\"wp-caption-text\">El Administrador Municipal, Patricio Gonz\u00e1lez, adelant\u00f3 que el primer punto limpio se ubicar\u00eda en el Estadio Municipal.<\/figcaption><\/figure>\n<p>Un innovador proyecto que permitir\u00e1 contar con el primer punto limpio en la comuna present\u00f3 este lunes la Municipalidad de San Felipe, para optar a financiamiento de parte de la Subsecretar\u00eda de Desarrollo Regional.<br \/>\nAs\u00ed lo dio a conocer este martes Patricio Gonz\u00e1lez, administrador municipal de San Felipe, quien coment\u00f3 la importancia de ejecutar \u00abesta iniciativa que el Alcalde Patricio Freire viene trabajando desde hace m\u00e1s de un a\u00f1o, especialmente dada la importancia que ha puesto esta gesti\u00f3n alcaldicia en el tema medioambiental, por lo que desde ese tiempo se tom\u00f3 contacto con la fundaci\u00f3n TriCiclos, dedicada hace a\u00f1os al reciclaje\u00bb, se\u00f1al\u00f3 Gonz\u00e1lez.<br \/>\nSeg\u00fan destac\u00f3 el administrador, el proyecto consiste en contar con un primer punto limpio, que se ubicar\u00eda en el Estadio Municipal, y que ser\u00eda un espacio para almacenar y reciclar el material depositado en ese lugar por los vecinos. En el sector adem\u00e1s se contar\u00eda con trabajadores que certificar\u00edan que el material que se retira es llevado a destino y es efectivamente reciclado.<br \/>\n\u201cEs importante se\u00f1alar que esta inversi\u00f3n ha contemplado que efectivamente se certifique todo el traslado y la entrega de estos materiales que se van a empezar a reciclar. Calculamos que el tiempo de espera, entre que se revise el proyecto y se financie, ser\u00edan un par de meses, cuanto antes para nosotros mejor, y va a ser muy importante porque es el primer punto limpio de la ciudad\u201d, dijo el profesional.<br \/>\nAgreg\u00f3 Gonz\u00e1lez que este lunes se subi\u00f3 la ficha del proyecto para solicitar el financiamiento, que ir\u00e1 en dos \u00e1reas, por un lado a trav\u00e9s de la Subdere y por otro con aporte municipal. Y adem\u00e1s sostuvo que junto con ello, el Alcalde Freire decidi\u00f3 solicitar los recursos para el financiamiento de otros cuatro puntos limpios, que se instalar\u00edan en distintos sectores de la comuna que se definir\u00edan en conjunto con la comunidad y consultando tambi\u00e9n a los vecinos.<br \/>\n\u201cVamos a definir donde se van a instalar, donde exista una mayor demanda y un compromiso real de que efectivamente la comunidad quiere realizar reciclaje, es por ello que tambi\u00e9n hemos contemplado con fondos municipales el retiro de estos puntos limpios, y la certificaci\u00f3n de la entrega a las empresas que se hacen parte de esta cadena de reciclaje. Entonces son dos proyectos muy importantes, el de punto limpio en el estadio municipal, con TriCiclo y otra empresa que vamos a licitar y que nos va a retirar los otros cuatro contenedores de punto limpio\u201d, dijo Gonz\u00e1lez.<br \/>\nLa inversi\u00f3n alcanza los 130 millones de pesos en su totalidad, y lo que se espera es avanzar en el tema medioambiental ya que es una demanda de la comunidad sanfelipe\u00f1a, tanto de los ni\u00f1os como de los adultos.<\/p>\n<p>&nbsp;<\/p>\n","protected":false},"excerpt":{"rendered":"<p>Alcalde Freire instruy\u00f3 hace un a\u00f1o a los equipos t\u00e9cnicos del municipio avanzar en este proyecto, que tambi\u00e9n ha sido solicitado por la comunidad sanfelipe\u00f1a. Un innovador proyecto que permitir\u00e1 contar con&#8230;<\/p>\n","protected":false},"author":1,"featured_media":69632,"comment_status":"open","ping_status":"open","sticky":false,"template":"","format":"standard","meta":{"advanced_seo_description":"","jetpack_seo_html_title":"","jetpack_seo_noindex":false,"_jetpack_memberships_contains_paid_content":false,"footnotes":""},"categories":[1],"tags":[],"class_list":["post-69631","post","type-post","status-publish","format-standard","has-post-thumbnail","hentry","category-cronica"],"jetpack_featured_media_url":"https:\/\/i0.wp.com\/eltrabajo.cl\/portal\/wp-content\/uploads\/2016\/05\/patricio-gonzalez.jpg?fit=530%2C348&ssl=1","jetpack_sharing_enabled":true,"jetpack_likes_enabled":true,"jetpack-related-posts":[],"_links":{"self":[{"href":"https:\/\/eltrabajo.cl\/portal\/wp-json\/wp\/v2\/posts\/69631","targetHints":{"allow":["GET"]}}],"collection":[{"href":"https:\/\/eltrabajo.cl\/portal\/wp-json\/wp\/v2\/posts"}],"about":[{"href":"https:\/\/eltrabajo.cl\/portal\/wp-json\/wp\/v2\/types\/post"}],"author":[{"embeddable":true,"href":"https:\/\/eltrabajo.cl\/portal\/wp-json\/wp\/v2\/users\/1"}],"replies":[{"embeddable":true,"href":"https:\/\/eltrabajo.cl\/portal\/wp-json\/wp\/v2\/comments?post=69631"}],"version-history":[{"count":0,"href":"https:\/\/eltrabajo.cl\/portal\/wp-json\/wp\/v2\/posts\/69631\/revisions"}],"wp:featuredmedia":[{"embeddable":true,"href":"https:\/\/eltrabajo.cl\/portal\/wp-json\/wp\/v2\/media\/69632"}],"wp:attachment":[{"href":"https:\/\/eltrabajo.cl\/portal\/wp-json\/wp\/v2\/media?parent=69631"}],"wp:term":[{"taxonomy":"category","embeddable":true,"href":"https:\/\/eltrabajo.cl\/portal\/wp-json\/wp\/v2\/categories?post=69631"},{"taxonomy":"post_tag","embeddable":true,"href":"https:\/\/eltrabajo.cl\/portal\/wp-json\/wp\/v2\/tags?post=69631"}],"curies":[{"name":"wp","href":"https:\/\/api.w.org\/{rel}","templated":true}]}}