{"id":69635,"date":"2016-05-11T09:11:56","date_gmt":"2016-05-11T12:11:56","guid":{"rendered":"http:\/\/www.eltrabajo.cl\/portal\/?p=69635"},"modified":"2016-05-11T09:11:56","modified_gmt":"2016-05-11T12:11:56","slug":"con-gorilas-y-bailes-peques-festejaron-a-madres-en-nueva-escuela-especial","status":"publish","type":"post","link":"https:\/\/eltrabajo.cl\/portal\/con-gorilas-y-bailes-peques-festejaron-a-madres-en-nueva-escuela-especial\/","title":{"rendered":"Con gorilas y bailes, peques festejaron a madres en nueva escuela especial"},"content":{"rendered":"<p><strong>SANTA MAR\u00cdA.-<\/strong> Una tierna presentaci\u00f3n art\u00edstica, fue la que estudiantes de la Escuela de Educaci\u00f3n Especial de San Fernando, ofrecieron a sus madres y profesores en el gimnasio de su casa de estudios. La Gala se desarroll\u00f3 en el marco del D\u00eda de la Madre 2016, en la que cada uno de los chicos se esforz\u00f3 al m\u00e1ximo de sus posibilidades para interpretar su rol art\u00edstico programado.<br \/>\nA la actividad, asistieron Marcelo Molina en representaci\u00f3n del alcalde Claudio Zurita, el Jefe Daem Rosalindo Gonz\u00e1lez y todo el directorio del Centro de Padres de la escuela, as\u00ed como los padres y apoderados de los estudiantes.<\/p>\n<p><strong>CINCO GORILAS<\/strong><br \/>\nHubo en la parte art\u00edstica, tiempo para bailar, cantar y mover el cuerpo, hasta una obra de teatro y la participaci\u00f3n de la cantante popular Yazm\u00edn Lazcano.<br \/>\nLos presentes tambi\u00e9n fueron sorprendidos por la incursi\u00f3n de cinco alegres gorilas, quienes se adue\u00f1aron del escenario por algunos momentos para disfrute de todos, eran ni\u00f1os disfrazados como tales, quienes simulaban ser animales de la selva bailando con alegr\u00eda.<br \/>\nEsta casa especial de estudios es dirigida por Helmut Kauffmann, quien tiene a su haber una amplia trayectoria en procesos educativos normales y complejos, promotor de m\u00e9todos vanguardistas de ense\u00f1anza, Kauffmann sigue adelante con este nuevo desaf\u00edo pedag\u00f3gico para la Daem Santa Mar\u00eda.<br \/>\nRoberto Gonz\u00e1lez Short<br \/>\nrgonzalez@eltrabajo.cl<\/p>\n<figure id=\"attachment_69636\" aria-describedby=\"caption-attachment-69636\" style=\"width: 530px\" class=\"wp-caption alignleft\"><a href=\"http:\/\/www.eltrabajo.cl\/portal\/con-gorilas-y-bailes-peques-festejaron-a-madres-en-nueva-escuela-especial\/gorilas5\/\" rel=\"attachment wp-att-69636\"><img data-recalc-dims=\"1\" loading=\"lazy\" decoding=\"async\" class=\"size-full wp-image-69636\" src=\"https:\/\/i0.wp.com\/www.eltrabajo.cl\/portal\/wp-content\/uploads\/2016\/05\/Gorilas5.jpg?resize=530%2C348\" alt=\"GORILAS REGALONES.- Aqu\u00ed tenemos a los cinco gorilas que conquistaron con sus bailes al p\u00fablico presente.\" width=\"530\" height=\"348\" srcset=\"https:\/\/i0.wp.com\/eltrabajo.cl\/portal\/wp-content\/uploads\/2016\/05\/Gorilas5.jpg?w=530&amp;ssl=1 530w, https:\/\/i0.wp.com\/eltrabajo.cl\/portal\/wp-content\/uploads\/2016\/05\/Gorilas5.jpg?resize=200%2C131&amp;ssl=1 200w, https:\/\/i0.wp.com\/eltrabajo.cl\/portal\/wp-content\/uploads\/2016\/05\/Gorilas5.jpg?resize=300%2C197&amp;ssl=1 300w, https:\/\/i0.wp.com\/eltrabajo.cl\/portal\/wp-content\/uploads\/2016\/05\/Gorilas5.jpg?resize=228%2C150&amp;ssl=1 228w, https:\/\/i0.wp.com\/eltrabajo.cl\/portal\/wp-content\/uploads\/2016\/05\/Gorilas5.jpg?resize=400%2C263&amp;ssl=1 400w\" sizes=\"auto, (max-width: 530px) 100vw, 530px\" \/><\/a><figcaption id=\"caption-attachment-69636\" class=\"wp-caption-text\">GORILAS REGALONES.- Aqu\u00ed tenemos a los cinco gorilas que conquistaron con sus bailes al p\u00fablico presente.<\/figcaption><\/figure>\n<figure id=\"attachment_69637\" aria-describedby=\"caption-attachment-69637\" style=\"width: 530px\" class=\"wp-caption alignleft\"><a href=\"http:\/\/www.eltrabajo.cl\/portal\/con-gorilas-y-bailes-peques-festejaron-a-madres-en-nueva-escuela-especial\/madres1-4\/\" rel=\"attachment wp-att-69637\"><img data-recalc-dims=\"1\" loading=\"lazy\" decoding=\"async\" class=\"size-full wp-image-69637\" src=\"https:\/\/i0.wp.com\/www.eltrabajo.cl\/portal\/wp-content\/uploads\/2016\/05\/Madres1-1.jpg?resize=530%2C350\" alt=\"MADRES REGALONEADAS.- Una tierna presentaci\u00f3n art\u00edstica fue la que estudiantes de la Escuela de Educaci\u00f3n Especial de San Fernando ofrecieron a sus madres y profesores en el gimnasio de su casa de estudios.\" width=\"530\" height=\"350\" srcset=\"https:\/\/i0.wp.com\/eltrabajo.cl\/portal\/wp-content\/uploads\/2016\/05\/Madres1-1.jpg?w=530&amp;ssl=1 530w, https:\/\/i0.wp.com\/eltrabajo.cl\/portal\/wp-content\/uploads\/2016\/05\/Madres1-1.jpg?resize=200%2C132&amp;ssl=1 200w, https:\/\/i0.wp.com\/eltrabajo.cl\/portal\/wp-content\/uploads\/2016\/05\/Madres1-1.jpg?resize=300%2C198&amp;ssl=1 300w, https:\/\/i0.wp.com\/eltrabajo.cl\/portal\/wp-content\/uploads\/2016\/05\/Madres1-1.jpg?resize=227%2C150&amp;ssl=1 227w, https:\/\/i0.wp.com\/eltrabajo.cl\/portal\/wp-content\/uploads\/2016\/05\/Madres1-1.jpg?resize=400%2C264&amp;ssl=1 400w\" sizes=\"auto, (max-width: 530px) 100vw, 530px\" \/><\/a><figcaption id=\"caption-attachment-69637\" class=\"wp-caption-text\">MADRES REGALONEADAS.- Una tierna presentaci\u00f3n art\u00edstica fue la que estudiantes de la Escuela de Educaci\u00f3n Especial de San Fernando ofrecieron a sus madres y profesores en el gimnasio de su casa de estudios.<\/figcaption><\/figure>\n<figure id=\"attachment_69638\" aria-describedby=\"caption-attachment-69638\" style=\"width: 530px\" class=\"wp-caption alignleft\"><a href=\"http:\/\/www.eltrabajo.cl\/portal\/con-gorilas-y-bailes-peques-festejaron-a-madres-en-nueva-escuela-especial\/madres2-2\/\" rel=\"attachment wp-att-69638\"><img data-recalc-dims=\"1\" loading=\"lazy\" decoding=\"async\" class=\"size-full wp-image-69638\" src=\"https:\/\/i0.wp.com\/www.eltrabajo.cl\/portal\/wp-content\/uploads\/2016\/05\/Madres2.jpg?resize=530%2C348\" alt=\"CHICOS IMPARABLES.- Hasta en silla de ruedas estos artistas hicieron su presentaci\u00f3n, pues su talento y ganas de aprender no tienen l\u00edmites.\" width=\"530\" height=\"348\" srcset=\"https:\/\/i0.wp.com\/eltrabajo.cl\/portal\/wp-content\/uploads\/2016\/05\/Madres2.jpg?w=530&amp;ssl=1 530w, https:\/\/i0.wp.com\/eltrabajo.cl\/portal\/wp-content\/uploads\/2016\/05\/Madres2.jpg?resize=200%2C131&amp;ssl=1 200w, https:\/\/i0.wp.com\/eltrabajo.cl\/portal\/wp-content\/uploads\/2016\/05\/Madres2.jpg?resize=300%2C197&amp;ssl=1 300w, https:\/\/i0.wp.com\/eltrabajo.cl\/portal\/wp-content\/uploads\/2016\/05\/Madres2.jpg?resize=228%2C150&amp;ssl=1 228w, https:\/\/i0.wp.com\/eltrabajo.cl\/portal\/wp-content\/uploads\/2016\/05\/Madres2.jpg?resize=400%2C263&amp;ssl=1 400w\" sizes=\"auto, (max-width: 530px) 100vw, 530px\" \/><\/a><figcaption id=\"caption-attachment-69638\" class=\"wp-caption-text\">CHICOS IMPARABLES.- Hasta en silla de ruedas estos artistas hicieron su presentaci\u00f3n, pues su talento y ganas de aprender no tienen l\u00edmites.<\/figcaption><\/figure>\n<figure id=\"attachment_69639\" aria-describedby=\"caption-attachment-69639\" style=\"width: 530px\" class=\"wp-caption alignleft\"><a href=\"http:\/\/www.eltrabajo.cl\/portal\/con-gorilas-y-bailes-peques-festejaron-a-madres-en-nueva-escuela-especial\/madres3\/\" rel=\"attachment wp-att-69639\"><img data-recalc-dims=\"1\" loading=\"lazy\" decoding=\"async\" class=\"size-full wp-image-69639\" src=\"https:\/\/i0.wp.com\/www.eltrabajo.cl\/portal\/wp-content\/uploads\/2016\/05\/Madres3.jpg?resize=530%2C349\" alt=\"PURO TALENTO.- Los m\u00e1s grandes tambi\u00e9n hicieron de las suyas en esta gala especial para sus madres.\" width=\"530\" height=\"349\" srcset=\"https:\/\/i0.wp.com\/eltrabajo.cl\/portal\/wp-content\/uploads\/2016\/05\/Madres3.jpg?w=530&amp;ssl=1 530w, https:\/\/i0.wp.com\/eltrabajo.cl\/portal\/wp-content\/uploads\/2016\/05\/Madres3.jpg?resize=200%2C132&amp;ssl=1 200w, https:\/\/i0.wp.com\/eltrabajo.cl\/portal\/wp-content\/uploads\/2016\/05\/Madres3.jpg?resize=300%2C198&amp;ssl=1 300w, https:\/\/i0.wp.com\/eltrabajo.cl\/portal\/wp-content\/uploads\/2016\/05\/Madres3.jpg?resize=228%2C150&amp;ssl=1 228w, https:\/\/i0.wp.com\/eltrabajo.cl\/portal\/wp-content\/uploads\/2016\/05\/Madres3.jpg?resize=400%2C263&amp;ssl=1 400w\" sizes=\"auto, (max-width: 530px) 100vw, 530px\" \/><\/a><figcaption id=\"caption-attachment-69639\" class=\"wp-caption-text\">PURO TALENTO.- Los m\u00e1s grandes tambi\u00e9n hicieron de las suyas en esta gala especial para sus madres.<\/figcaption><\/figure>\n","protected":false},"excerpt":{"rendered":"<p>SANTA MAR\u00cdA.- Una tierna presentaci\u00f3n art\u00edstica, fue la que estudiantes de la Escuela de Educaci\u00f3n Especial de San Fernando, ofrecieron a sus madres y profesores en el gimnasio de su casa de&#8230;<\/p>\n","protected":false},"author":1,"featured_media":69636,"comment_status":"open","ping_status":"open","sticky":false,"template":"","format":"standard","meta":{"advanced_seo_description":"","jetpack_seo_html_title":"","jetpack_seo_noindex":false,"_jetpack_memberships_contains_paid_content":false,"footnotes":""},"categories":[15],"tags":[],"class_list":["post-69635","post","type-post","status-publish","format-standard","has-post-thumbnail","hentry","category-comunidad"],"jetpack_featured_media_url":"https:\/\/i0.wp.com\/eltrabajo.cl\/portal\/wp-content\/uploads\/2016\/05\/Gorilas5.jpg?fit=530%2C348&ssl=1","jetpack_sharing_enabled":true,"jetpack_likes_enabled":true,"jetpack-related-posts":[],"_links":{"self":[{"href":"https:\/\/eltrabajo.cl\/portal\/wp-json\/wp\/v2\/posts\/69635","targetHints":{"allow":["GET"]}}],"collection":[{"href":"https:\/\/eltrabajo.cl\/portal\/wp-json\/wp\/v2\/posts"}],"about":[{"href":"https:\/\/eltrabajo.cl\/portal\/wp-json\/wp\/v2\/types\/post"}],"author":[{"embeddable":true,"href":"https:\/\/eltrabajo.cl\/portal\/wp-json\/wp\/v2\/users\/1"}],"replies":[{"embeddable":true,"href":"https:\/\/eltrabajo.cl\/portal\/wp-json\/wp\/v2\/comments?post=69635"}],"version-history":[{"count":0,"href":"https:\/\/eltrabajo.cl\/portal\/wp-json\/wp\/v2\/posts\/69635\/revisions"}],"wp:featuredmedia":[{"embeddable":true,"href":"https:\/\/eltrabajo.cl\/portal\/wp-json\/wp\/v2\/media\/69636"}],"wp:attachment":[{"href":"https:\/\/eltrabajo.cl\/portal\/wp-json\/wp\/v2\/media?parent=69635"}],"wp:term":[{"taxonomy":"category","embeddable":true,"href":"https:\/\/eltrabajo.cl\/portal\/wp-json\/wp\/v2\/categories?post=69635"},{"taxonomy":"post_tag","embeddable":true,"href":"https:\/\/eltrabajo.cl\/portal\/wp-json\/wp\/v2\/tags?post=69635"}],"curies":[{"name":"wp","href":"https:\/\/api.w.org\/{rel}","templated":true}]}}