{"id":69642,"date":"2016-05-11T09:13:26","date_gmt":"2016-05-11T12:13:26","guid":{"rendered":"http:\/\/www.eltrabajo.cl\/portal\/?p=69642"},"modified":"2016-05-11T09:13:26","modified_gmt":"2016-05-11T12:13:26","slug":"concejo-municipal-aprueba-la-creacion-del-departamento-de-seguridad-ciudadana","status":"publish","type":"post","link":"https:\/\/eltrabajo.cl\/portal\/concejo-municipal-aprueba-la-creacion-del-departamento-de-seguridad-ciudadana\/","title":{"rendered":"Concejo Municipal aprueba la creaci\u00f3n del Departamento de Seguridad Ciudadana"},"content":{"rendered":"<p>Este martes, el concejo municipal de San Felipe aprob\u00f3 la creaci\u00f3n del Departamento de Seguridad Ciudadana, siendo un importante proyecto que va en beneficio de toda la comunidad sanfelipe\u00f1a.<br \/>\nLa iniciativa fue presentada por el administrador municipal Patricio Gonz\u00e1lez, en la sesi\u00f3n de concejo realizada este martes, propuesta que nace luego de un diagn\u00f3stico realizado en el tema de seguridad p\u00fablica por la Universidad Alberto Hurtado.<br \/>\n\u201cEso permiti\u00f3 direccionar e institucionalizar la creaci\u00f3n del departamento. Hoy d\u00eda el Alcalde, el concejo y la administraci\u00f3n municipal pueden estar contentos y demostrando que nuevamente se cumple con lo que la ciudadan\u00eda pide y con la institucionalidad que se requiere para trabajar en materia de prevenci\u00f3n y seguridad, con este departamento que prontamente va a empezar a dar frutos\u201d, explic\u00f3 el administrador municipal.<br \/>\nEste nuevo departamento, trabajar\u00e1 directamente con el Comit\u00e9 de Seguridad P\u00fablica, con los vecinos, con los delegados barriales y con las polic\u00edas de Carabineros e Investigaciones y sus funciones son amplias, aunque enfocado especialmente en coordinar los planes de seguridad p\u00fablica desde el municipio.<br \/>\n\u201cLa mesa de seguridad p\u00fabica est\u00e1 conformada por diferentes estamentos, como son las polic\u00edas, las juntas de vecinos, C\u00e1mara de Comercio y el municipio, que hoy formalmente se incorpora a trav\u00e9s de este departamento, que permitir\u00e1 trabajar en la coordinaci\u00f3n que es tan demandada por la comunidad\u201d, sostuvo Gonz\u00e1lez.<br \/>\nEl departamento ser\u00e1 dirigido por un profesional de planta del municipio, lo que permitir\u00e1 constituir una jefatura, existiendo actualmente la posibilidad de hacer el llamado a concurso de parte del municipio.<\/p>\n<figure id=\"attachment_69643\" aria-describedby=\"caption-attachment-69643\" style=\"width: 530px\" class=\"wp-caption alignleft\"><a href=\"http:\/\/www.eltrabajo.cl\/portal\/concejo-municipal-aprueba-la-creacion-del-departamento-de-seguridad-ciudadana\/porta-aprobacion-concejo\/\" rel=\"attachment wp-att-69643\"><img data-recalc-dims=\"1\" loading=\"lazy\" decoding=\"async\" class=\"size-full wp-image-69643\" src=\"https:\/\/i0.wp.com\/www.eltrabajo.cl\/portal\/wp-content\/uploads\/2016\/05\/porta-aprobacion-concejo.jpg?resize=530%2C350\" alt=\"La iniciativa fue presentada por el administrador municipal Patricio Gonz\u00e1lez, en la sesi\u00f3n de concejo realizada este martes.\" width=\"530\" height=\"350\" srcset=\"https:\/\/i0.wp.com\/eltrabajo.cl\/portal\/wp-content\/uploads\/2016\/05\/porta-aprobacion-concejo.jpg?w=530&amp;ssl=1 530w, https:\/\/i0.wp.com\/eltrabajo.cl\/portal\/wp-content\/uploads\/2016\/05\/porta-aprobacion-concejo.jpg?resize=200%2C132&amp;ssl=1 200w, https:\/\/i0.wp.com\/eltrabajo.cl\/portal\/wp-content\/uploads\/2016\/05\/porta-aprobacion-concejo.jpg?resize=300%2C198&amp;ssl=1 300w, https:\/\/i0.wp.com\/eltrabajo.cl\/portal\/wp-content\/uploads\/2016\/05\/porta-aprobacion-concejo.jpg?resize=227%2C150&amp;ssl=1 227w, https:\/\/i0.wp.com\/eltrabajo.cl\/portal\/wp-content\/uploads\/2016\/05\/porta-aprobacion-concejo.jpg?resize=400%2C264&amp;ssl=1 400w\" sizes=\"auto, (max-width: 530px) 100vw, 530px\" \/><\/a><figcaption id=\"caption-attachment-69643\" class=\"wp-caption-text\">La iniciativa fue presentada por el administrador municipal Patricio Gonz\u00e1lez, en la sesi\u00f3n de concejo realizada este martes.<\/figcaption><\/figure>\n","protected":false},"excerpt":{"rendered":"<p>Este martes, el concejo municipal de San Felipe aprob\u00f3 la creaci\u00f3n del Departamento de Seguridad Ciudadana, siendo un importante proyecto que va en beneficio de toda la comunidad sanfelipe\u00f1a. La iniciativa fue&#8230;<\/p>\n","protected":false},"author":1,"featured_media":69643,"comment_status":"open","ping_status":"open","sticky":false,"template":"","format":"standard","meta":{"advanced_seo_description":"","jetpack_seo_html_title":"","jetpack_seo_noindex":false,"_jetpack_memberships_contains_paid_content":false,"footnotes":""},"categories":[1],"tags":[],"class_list":["post-69642","post","type-post","status-publish","format-standard","has-post-thumbnail","hentry","category-cronica"],"jetpack_featured_media_url":"https:\/\/i0.wp.com\/eltrabajo.cl\/portal\/wp-content\/uploads\/2016\/05\/porta-aprobacion-concejo.jpg?fit=530%2C350&ssl=1","jetpack_sharing_enabled":true,"jetpack_likes_enabled":true,"jetpack-related-posts":[],"_links":{"self":[{"href":"https:\/\/eltrabajo.cl\/portal\/wp-json\/wp\/v2\/posts\/69642","targetHints":{"allow":["GET"]}}],"collection":[{"href":"https:\/\/eltrabajo.cl\/portal\/wp-json\/wp\/v2\/posts"}],"about":[{"href":"https:\/\/eltrabajo.cl\/portal\/wp-json\/wp\/v2\/types\/post"}],"author":[{"embeddable":true,"href":"https:\/\/eltrabajo.cl\/portal\/wp-json\/wp\/v2\/users\/1"}],"replies":[{"embeddable":true,"href":"https:\/\/eltrabajo.cl\/portal\/wp-json\/wp\/v2\/comments?post=69642"}],"version-history":[{"count":0,"href":"https:\/\/eltrabajo.cl\/portal\/wp-json\/wp\/v2\/posts\/69642\/revisions"}],"wp:featuredmedia":[{"embeddable":true,"href":"https:\/\/eltrabajo.cl\/portal\/wp-json\/wp\/v2\/media\/69643"}],"wp:attachment":[{"href":"https:\/\/eltrabajo.cl\/portal\/wp-json\/wp\/v2\/media?parent=69642"}],"wp:term":[{"taxonomy":"category","embeddable":true,"href":"https:\/\/eltrabajo.cl\/portal\/wp-json\/wp\/v2\/categories?post=69642"},{"taxonomy":"post_tag","embeddable":true,"href":"https:\/\/eltrabajo.cl\/portal\/wp-json\/wp\/v2\/tags?post=69642"}],"curies":[{"name":"wp","href":"https:\/\/api.w.org\/{rel}","templated":true}]}}