{"id":69646,"date":"2016-05-11T09:15:09","date_gmt":"2016-05-11T12:15:09","guid":{"rendered":"http:\/\/www.eltrabajo.cl\/portal\/?p=69646"},"modified":"2016-05-11T09:15:10","modified_gmt":"2016-05-11T12:15:10","slug":"condenan-a-carabinero-que-ebrio-y-contra-el-transito-causo-grave-accidente","status":"publish","type":"post","link":"https:\/\/eltrabajo.cl\/portal\/condenan-a-carabinero-que-ebrio-y-contra-el-transito-causo-grave-accidente\/","title":{"rendered":"Condenan a carabinero que ebrio y contra el tr\u00e1nsito caus\u00f3 grave accidente"},"content":{"rendered":"<ul>\n<li><strong>Impact\u00f3 con otro veh\u00edculo en la ruta 60 CH:\u00a0Una de las tripulantes del segundo autom\u00f3vil involucrado result\u00f3 con fracturas grave en una de sus piernas. La Fiscal\u00eda acus\u00f3 estos hechos a trav\u00e9s de un juicio oral en Tribunales.<\/strong><\/li>\n<\/ul>\n<p>Un funcionario de Carabineros fue sometido a juicio por la Fiscal\u00eda acusado de conducir su veh\u00edculo en estado de ebriedad con resultado de lesiones graves, delito que fue castigado por el Tribunal Oral en Lo Penal de San Felipe condenando al polic\u00eda por este accidente vehicular ocurrido en la cuesta Chagres en Catemu, resultando una tripulante con fracturas de pierna de car\u00e1cter grave.<br \/>\nEl Ministerio P\u00fablico representado por el Fiscal Julio Palacios Bobadilla, elev\u00f3 las pruebas durante el juicio para acusar al cabo 1\u00ba Pedro Antonio D\u00edaz Garrido, actualmente en servicio activo, por los hechos ocurridos el 30 de junio de 2013 cuando conduc\u00eda su veh\u00edculo de franco en horas de la madrugada por la ruta 60 CH a la altura de la cuesta Chagres en Catemu.<br \/>\nDe acuerdo a los antecedentes expuestos por la Fiscal\u00eda a trav\u00e9s de testigos, el uniformado habr\u00eda realizado una maniobra de retorno en dicha carretera circulando su m\u00f3vil contra el tr\u00e1nsito por la ruta en medio de una densa neblina, provocando una violenta colisi\u00f3n contra un autom\u00f3vil frontalmente, causando que una de las tripulantes resultara con lesiones de car\u00e1cter grave y fracturas en una de sus piernas.<br \/>\nA ra\u00edz de este accidente el funcionario policial, al igual que las cuatro mujeres que lo acompa\u00f1aban en su m\u00f3vil, no resultaron lesionados. Paradojalmente, fueron sus propios colegas de la instituci\u00f3n quienes lo detuvieron para practicarle un examen de intoxylizer, arrojando la presencia de alcohol en su cuerpo.<br \/>\nDebido a las caracter\u00edsticas de la emergencia y la investigaci\u00f3n del caso que qued\u00f3 en manos de la Fiscal\u00eda, el imputado fue sometido a ex\u00e1menes de sangre, arrojando como resultado 0.70 gramos de alcohol por litro de sangre.<br \/>\nLos relatos de los testigos del accidente de tr\u00e1nsito m\u00e1s las pruebas cient\u00edficas presentadas por la Fiscal\u00eda, generaron convicci\u00f3n a la terna de jueces del Tribunal en condenar al polic\u00eda, arriesgando una pena de tres a\u00f1os de presidio que solicit\u00f3 el Ministerio P\u00fablico de San Felipe.<br \/>\n\u201cLos mismos testigos sindicaron al polic\u00eda como el conductor que lo hac\u00eda contra el tr\u00e1nsito, acompa\u00f1ado de cuatro mujeres a bordo de este veh\u00edculo. Una de las tripulantes del otro autom\u00f3vil result\u00f3 con lesiones de car\u00e1cter grave. El imputado, a trav\u00e9s de los ex\u00e1menes de rigor, se confirma la presencia de alcohol en la sangre\u201d, afirm\u00f3 a Diario El Trabajo, el Fiscal Julio Palacios Bobadilla.<br \/>\nHoras m\u00e1s tarde del accidente, el entonces imputado fue derivado hasta el Juzgado de Garant\u00eda de San Felipe para ser formalizado por este delito, quedando sujeto a m\u00ednimas cautelares a la espera de juicio que concluy\u00f3 el d\u00eda de ayer en tribunales.<br \/>\nAl carecer de antecedentes policiales en su hoja de vida, el funcionario policial podr\u00eda ser beneficiado con una pena remitida, la que ser\u00e1 dada a conocer este viernes en la sala del Tribunal Oral en Lo Penal de San Felipe.<br \/>\n<strong>Pablo Salinas Sald\u00edas<\/strong><\/p>\n<figure id=\"attachment_69647\" aria-describedby=\"caption-attachment-69647\" style=\"width: 530px\" class=\"wp-caption alignleft\"><a href=\"http:\/\/www.eltrabajo.cl\/portal\/condenan-a-carabinero-que-ebrio-y-contra-el-transito-causo-grave-accidente\/carabineros-detenido-2\/\" rel=\"attachment wp-att-69647\"><img data-recalc-dims=\"1\" loading=\"lazy\" decoding=\"async\" class=\"size-full wp-image-69647\" src=\"https:\/\/i0.wp.com\/www.eltrabajo.cl\/portal\/wp-content\/uploads\/2016\/05\/carabineros-detenido.jpg?resize=530%2C349\" alt=\"El funcionario de Carabineros fue detenido por sus propios compa\u00f1eros de trabajo tras protagonizar el accidente.\" width=\"530\" height=\"349\" srcset=\"https:\/\/i0.wp.com\/eltrabajo.cl\/portal\/wp-content\/uploads\/2016\/05\/carabineros-detenido.jpg?w=530&amp;ssl=1 530w, https:\/\/i0.wp.com\/eltrabajo.cl\/portal\/wp-content\/uploads\/2016\/05\/carabineros-detenido.jpg?resize=200%2C132&amp;ssl=1 200w, https:\/\/i0.wp.com\/eltrabajo.cl\/portal\/wp-content\/uploads\/2016\/05\/carabineros-detenido.jpg?resize=300%2C198&amp;ssl=1 300w, https:\/\/i0.wp.com\/eltrabajo.cl\/portal\/wp-content\/uploads\/2016\/05\/carabineros-detenido.jpg?resize=228%2C150&amp;ssl=1 228w, https:\/\/i0.wp.com\/eltrabajo.cl\/portal\/wp-content\/uploads\/2016\/05\/carabineros-detenido.jpg?resize=400%2C263&amp;ssl=1 400w\" sizes=\"auto, (max-width: 530px) 100vw, 530px\" \/><\/a><figcaption id=\"caption-attachment-69647\" class=\"wp-caption-text\">El funcionario de Carabineros fue detenido por sus propios compa\u00f1eros de trabajo tras protagonizar el accidente.<\/figcaption><\/figure>\n","protected":false},"excerpt":{"rendered":"<p>Impact\u00f3 con otro veh\u00edculo en la ruta 60 CH:\u00a0Una de las tripulantes del segundo autom\u00f3vil involucrado result\u00f3 con fracturas grave en una de sus piernas. La Fiscal\u00eda acus\u00f3 estos hechos a trav\u00e9s&#8230;<\/p>\n","protected":false},"author":1,"featured_media":69647,"comment_status":"open","ping_status":"open","sticky":false,"template":"","format":"standard","meta":{"advanced_seo_description":"","jetpack_seo_html_title":"","jetpack_seo_noindex":false,"_jetpack_memberships_contains_paid_content":false,"footnotes":""},"categories":[21],"tags":[],"class_list":["post-69646","post","type-post","status-publish","format-standard","has-post-thumbnail","hentry","category-policial"],"jetpack_featured_media_url":"https:\/\/i0.wp.com\/eltrabajo.cl\/portal\/wp-content\/uploads\/2016\/05\/carabineros-detenido.jpg?fit=530%2C349&ssl=1","jetpack_sharing_enabled":true,"jetpack_likes_enabled":true,"jetpack-related-posts":[],"_links":{"self":[{"href":"https:\/\/eltrabajo.cl\/portal\/wp-json\/wp\/v2\/posts\/69646","targetHints":{"allow":["GET"]}}],"collection":[{"href":"https:\/\/eltrabajo.cl\/portal\/wp-json\/wp\/v2\/posts"}],"about":[{"href":"https:\/\/eltrabajo.cl\/portal\/wp-json\/wp\/v2\/types\/post"}],"author":[{"embeddable":true,"href":"https:\/\/eltrabajo.cl\/portal\/wp-json\/wp\/v2\/users\/1"}],"replies":[{"embeddable":true,"href":"https:\/\/eltrabajo.cl\/portal\/wp-json\/wp\/v2\/comments?post=69646"}],"version-history":[{"count":0,"href":"https:\/\/eltrabajo.cl\/portal\/wp-json\/wp\/v2\/posts\/69646\/revisions"}],"wp:featuredmedia":[{"embeddable":true,"href":"https:\/\/eltrabajo.cl\/portal\/wp-json\/wp\/v2\/media\/69647"}],"wp:attachment":[{"href":"https:\/\/eltrabajo.cl\/portal\/wp-json\/wp\/v2\/media?parent=69646"}],"wp:term":[{"taxonomy":"category","embeddable":true,"href":"https:\/\/eltrabajo.cl\/portal\/wp-json\/wp\/v2\/categories?post=69646"},{"taxonomy":"post_tag","embeddable":true,"href":"https:\/\/eltrabajo.cl\/portal\/wp-json\/wp\/v2\/tags?post=69646"}],"curies":[{"name":"wp","href":"https:\/\/api.w.org\/{rel}","templated":true}]}}