{"id":69660,"date":"2016-05-12T08:43:40","date_gmt":"2016-05-12T11:43:40","guid":{"rendered":"http:\/\/www.eltrabajo.cl\/portal\/?p=69660"},"modified":"2016-05-12T08:43:40","modified_gmt":"2016-05-12T11:43:40","slug":"a-fines-de-mayo-deberia-comenzar-a-operar-ascensor-panoramico","status":"publish","type":"post","link":"https:\/\/eltrabajo.cl\/portal\/a-fines-de-mayo-deberia-comenzar-a-operar-ascensor-panoramico\/","title":{"rendered":"A fines de mayo deber\u00eda comenzar a operar ascensor panor\u00e1mico"},"content":{"rendered":"<figure id=\"attachment_69661\" aria-describedby=\"caption-attachment-69661\" style=\"width: 300px\" class=\"wp-caption alignleft\"><a href=\"http:\/\/www.eltrabajo.cl\/portal\/a-fines-de-mayo-deberia-comenzar-a-operar-ascensor-panoramico\/ascensor-municipal-a-fines-de-mes\/\" rel=\"attachment wp-att-69661\"><img data-recalc-dims=\"1\" loading=\"lazy\" decoding=\"async\" class=\"size-medium wp-image-69661\" src=\"https:\/\/i0.wp.com\/www.eltrabajo.cl\/portal\/wp-content\/uploads\/2016\/05\/ASCENSOR-MUNICIPAL-A-FINES-DE-MES-300x198.jpg?resize=300%2C198\" alt=\"El ascensor del edificio municipal, se estima que entrar\u00e1 en funcionamiento a fines de este mes.\" width=\"300\" height=\"198\" srcset=\"https:\/\/i0.wp.com\/eltrabajo.cl\/portal\/wp-content\/uploads\/2016\/05\/ASCENSOR-MUNICIPAL-A-FINES-DE-MES.jpg?resize=300%2C198&amp;ssl=1 300w, https:\/\/i0.wp.com\/eltrabajo.cl\/portal\/wp-content\/uploads\/2016\/05\/ASCENSOR-MUNICIPAL-A-FINES-DE-MES.jpg?resize=200%2C132&amp;ssl=1 200w, https:\/\/i0.wp.com\/eltrabajo.cl\/portal\/wp-content\/uploads\/2016\/05\/ASCENSOR-MUNICIPAL-A-FINES-DE-MES.jpg?resize=228%2C150&amp;ssl=1 228w, https:\/\/i0.wp.com\/eltrabajo.cl\/portal\/wp-content\/uploads\/2016\/05\/ASCENSOR-MUNICIPAL-A-FINES-DE-MES.jpg?resize=400%2C263&amp;ssl=1 400w, https:\/\/i0.wp.com\/eltrabajo.cl\/portal\/wp-content\/uploads\/2016\/05\/ASCENSOR-MUNICIPAL-A-FINES-DE-MES.jpg?w=530&amp;ssl=1 530w\" sizes=\"auto, (max-width: 300px) 100vw, 300px\" \/><\/a><figcaption id=\"caption-attachment-69661\" class=\"wp-caption-text\">El ascensor del edificio municipal, se estima que entrar\u00e1 en funcionamiento a fines de este mes.<\/figcaption><\/figure>\n<p>Este martes se dio inicio a las obras de remodelaci\u00f3n del hall de acceso al Municipio de San Felipe, trabajos que estar\u00e1n concluidos a fin de mes, fecha en que tambi\u00e9n se pondr\u00e1 en funcionamiento el ascensor panor\u00e1mico del edificio consistorial.<br \/>\nSe trata de trabajos que en la pr\u00e1ctica, implicar\u00e1n durante el per\u00edodo de ejecuci\u00f3n que el ingreso a las dependencias municipales se realice por el acceso lateral, que da hacia la Tesorer\u00eda Municipal, en la escalera que est\u00e1 distante unos metros del ingreso al teatro.<br \/>\nEl administrador municipal de San Felipe, Patricio Gonz\u00e1lez, manifest\u00f3 que los trabajos que se realizan, tienen por objetivo mejorar y hacer m\u00e1s amigable la Oficina de Atenci\u00f3n Ciudadana, que est\u00e1 ubicada en el primer piso de la municipalidad.<br \/>\nPrecisamente, esta oficina durante el per\u00edodo de desarrollo de los trabajos, estar\u00e1 funcionando en el hall del Teatro Municipal, a objeto de facilitar el acceso a ella por parte de las personas discapacitadas, adultos mayores o embarazadas.<br \/>\nLos trabajos que se realizan, corresponden a un proyecto financiado \u00edntegramente con recursos municipales, que busca dotar de un espacio m\u00e1s amplio y en mejores condiciones para la Oficina de Atenci\u00f3n Ciudadana, que el municipio dispone, para agilizar la entrega de respuestas a las inquietudes de la comunidad, pero que se proyecta en el mediano plazo como una ventanilla \u00fanica de atenci\u00f3n, donde sea posible la realizaci\u00f3n de varios tr\u00e1mites.<br \/>\nRespecto del ascensor del edificio municipal, una iniciativa anhelada y de larga data, el administrador dijo que se estima que entrar\u00e1 en funcionamiento a fines de este mes. Destac\u00f3 que luego de m\u00faltiples gestiones desplegadas por el municipio para su materializaci\u00f3n, el proyecto est\u00e1 pr\u00e1cticamente listo y ya cuenta con la recepci\u00f3n t\u00e9cnica, por lo tanto solo restan algunos detalles que resolver para darle el vamos.<br \/>\nCabe consignar que en lo referido al ascensor panor\u00e1mico, este es un proyecto de larga data que no fue f\u00e1cil de desarrollar, principalmente como resultado de procesos administrativos y econ\u00f3micos, ya que el municipio debi\u00f3 gestionar m\u00e1s recursos para su financiamiento y luego, la empresa que se adjudic\u00f3 el proyecto, enfrent\u00f3 problemas con el traslado de las piezas que se requer\u00edan para habilitar esta estructura que favorecer\u00e1 el desplazamiento de los vecinos, sobre todo discapacitados, embarazas y adultos mayores, por las dependencias municipales sanfelipe\u00f1as.<\/p>\n<p>&nbsp;<\/p>\n","protected":false},"excerpt":{"rendered":"<p>Este martes se dio inicio a las obras de remodelaci\u00f3n del hall de acceso al Municipio de San Felipe, trabajos que estar\u00e1n concluidos a fin de mes, fecha en que tambi\u00e9n se&#8230;<\/p>\n","protected":false},"author":1,"featured_media":69661,"comment_status":"open","ping_status":"open","sticky":false,"template":"","format":"standard","meta":{"advanced_seo_description":"","jetpack_seo_html_title":"","jetpack_seo_noindex":false,"_jetpack_memberships_contains_paid_content":false,"footnotes":""},"categories":[1],"tags":[],"class_list":["post-69660","post","type-post","status-publish","format-standard","has-post-thumbnail","hentry","category-cronica"],"jetpack_featured_media_url":"https:\/\/i0.wp.com\/eltrabajo.cl\/portal\/wp-content\/uploads\/2016\/05\/ASCENSOR-MUNICIPAL-A-FINES-DE-MES.jpg?fit=530%2C349&ssl=1","jetpack_sharing_enabled":true,"jetpack_likes_enabled":true,"jetpack-related-posts":[],"_links":{"self":[{"href":"https:\/\/eltrabajo.cl\/portal\/wp-json\/wp\/v2\/posts\/69660","targetHints":{"allow":["GET"]}}],"collection":[{"href":"https:\/\/eltrabajo.cl\/portal\/wp-json\/wp\/v2\/posts"}],"about":[{"href":"https:\/\/eltrabajo.cl\/portal\/wp-json\/wp\/v2\/types\/post"}],"author":[{"embeddable":true,"href":"https:\/\/eltrabajo.cl\/portal\/wp-json\/wp\/v2\/users\/1"}],"replies":[{"embeddable":true,"href":"https:\/\/eltrabajo.cl\/portal\/wp-json\/wp\/v2\/comments?post=69660"}],"version-history":[{"count":0,"href":"https:\/\/eltrabajo.cl\/portal\/wp-json\/wp\/v2\/posts\/69660\/revisions"}],"wp:featuredmedia":[{"embeddable":true,"href":"https:\/\/eltrabajo.cl\/portal\/wp-json\/wp\/v2\/media\/69661"}],"wp:attachment":[{"href":"https:\/\/eltrabajo.cl\/portal\/wp-json\/wp\/v2\/media?parent=69660"}],"wp:term":[{"taxonomy":"category","embeddable":true,"href":"https:\/\/eltrabajo.cl\/portal\/wp-json\/wp\/v2\/categories?post=69660"},{"taxonomy":"post_tag","embeddable":true,"href":"https:\/\/eltrabajo.cl\/portal\/wp-json\/wp\/v2\/tags?post=69660"}],"curies":[{"name":"wp","href":"https:\/\/api.w.org\/{rel}","templated":true}]}}