{"id":69664,"date":"2016-05-12T08:45:13","date_gmt":"2016-05-12T11:45:13","guid":{"rendered":"http:\/\/www.eltrabajo.cl\/portal\/?p=69664"},"modified":"2016-05-12T08:45:13","modified_gmt":"2016-05-12T11:45:13","slug":"taxis-y-colectivos-andinos-tambien-se-manifestaran-contra-uber-y-cabify","status":"publish","type":"post","link":"https:\/\/eltrabajo.cl\/portal\/taxis-y-colectivos-andinos-tambien-se-manifestaran-contra-uber-y-cabify\/","title":{"rendered":"Taxis y colectivos andinos tambi\u00e9n se manifestar\u00e1n contra Uber y Cabify"},"content":{"rendered":"<ul>\n<li><strong>Tansportistas no paralizar\u00e1n labores como en San Felipe:\u00a0Hoy jueves durante una hora realizar\u00e1n una caravana por el centro y entregar\u00e1n un petitorio a la gobernadora.<\/strong><\/li>\n<\/ul>\n<figure id=\"attachment_69665\" aria-describedby=\"caption-attachment-69665\" style=\"width: 300px\" class=\"wp-caption alignleft\"><a href=\"http:\/\/www.eltrabajo.cl\/portal\/taxis-y-colectivos-andinos-tambien-se-manifestaran-contra-uber-y-cabify\/samsung-csc-124\/\" rel=\"attachment wp-att-69665\"><img data-recalc-dims=\"1\" loading=\"lazy\" decoding=\"async\" class=\"size-medium wp-image-69665\" src=\"https:\/\/i0.wp.com\/www.eltrabajo.cl\/portal\/wp-content\/uploads\/2016\/05\/roberto-oses-alerta-300x198.jpg?resize=300%2C198\" alt=\"Roberto Osses, Presidente Consejo Superior de Taxis Colectivos de Los Andes.\" width=\"300\" height=\"198\" srcset=\"https:\/\/i0.wp.com\/eltrabajo.cl\/portal\/wp-content\/uploads\/2016\/05\/roberto-oses-alerta.jpg?resize=300%2C198&amp;ssl=1 300w, https:\/\/i0.wp.com\/eltrabajo.cl\/portal\/wp-content\/uploads\/2016\/05\/roberto-oses-alerta.jpg?resize=200%2C132&amp;ssl=1 200w, https:\/\/i0.wp.com\/eltrabajo.cl\/portal\/wp-content\/uploads\/2016\/05\/roberto-oses-alerta.jpg?resize=228%2C150&amp;ssl=1 228w, https:\/\/i0.wp.com\/eltrabajo.cl\/portal\/wp-content\/uploads\/2016\/05\/roberto-oses-alerta.jpg?resize=400%2C263&amp;ssl=1 400w, https:\/\/i0.wp.com\/eltrabajo.cl\/portal\/wp-content\/uploads\/2016\/05\/roberto-oses-alerta.jpg?w=530&amp;ssl=1 530w\" sizes=\"auto, (max-width: 300px) 100vw, 300px\" \/><\/a><figcaption id=\"caption-attachment-69665\" class=\"wp-caption-text\">Roberto Osses, Presidente Consejo Superior de Taxis Colectivos de Los Andes.<\/figcaption><\/figure>\n<p><strong>LOS ANDES.-<\/strong> El Consejo Superior de Taxis Colectivos de Los Andes confirm\u00f3 que se unir\u00e1 a la movilizaci\u00f3n nacional convocada por la Conatacoch para hoy jueves 12 de mayo, en protesta por el ingreso al mercado de Uber y Cabify.<br \/>\nAs\u00ed lo manifest\u00f3 el Presidente de dicha organizaci\u00f3n, Roberto Osses, quien indic\u00f3 que ser\u00e1n cerca de 600 los taxis y colectivos que se movilizar\u00e1n ese d\u00eda, pero que en ning\u00fan caso paralizar\u00e1n sus labores, como en San Felipe, ya que solamente realizar\u00e1n una caravana que arribar\u00e1 al centro de la ciudad a eso del mediod\u00eda, desde cinco puntos diferentes de la comuna, y luego se mantendr\u00e1n circulando por las calles c\u00e9ntricas hasta las 13 horas, donde esperan entregar un petitorio a la gobernadora provincial.<br \/>\nEl dirigente se\u00f1al\u00f3 que con esta movilizaci\u00f3n quieren manifestar al gobierno su molestia por la falta de fiscalizaci\u00f3n a este tipo de empresas, que corresponden claramente a un transporte ilegal y con el cual se abre el parque de la locomoci\u00f3n p\u00fablica a nuevos actores que no cumplen con ninguna normativa.<br \/>\nFustig\u00f3 el hecho que si el gobierno no ha sido capaz de fiscalizar el transporte pirata en ciudades peque\u00f1as como Los Andes, menos podr\u00e1 hacerlo con este tipo de empresas y por ello con leg\u00edtimo derecho tambi\u00e9n est\u00e1n defendiendo su fuente laboral.<br \/>\nIndic\u00f3 que el gremio en forma permanente ha estado trabajando con las autoridades para ofrecer mejores servicios a los usuarios y abordando temas tan complejos como la congesti\u00f3n, por lo que merecen ser escuchados.<br \/>\nRoberto Osses afirm\u00f3 que hoy jueves en la ma\u00f1ana los taxis y colectivos circular\u00e1n de manera normal hasta las 11:30 horas, cuando se retirar\u00e1n a sus puntos de encuentro y desde all\u00ed desplazarse en caravana al centro.<br \/>\nPor ello, pidi\u00f3 la comprensi\u00f3n de los usuarios para ese d\u00eda y en el horario en que no prestar\u00e1n servicios ser\u00e1 entre las 11:30 AM y las 13 horas.<\/p>\n","protected":false},"excerpt":{"rendered":"<p>Tansportistas no paralizar\u00e1n labores como en San Felipe:\u00a0Hoy jueves durante una hora realizar\u00e1n una caravana por el centro y entregar\u00e1n un petitorio a la gobernadora. LOS ANDES.- El Consejo Superior de Taxis&#8230;<\/p>\n","protected":false},"author":1,"featured_media":69665,"comment_status":"open","ping_status":"open","sticky":false,"template":"","format":"standard","meta":{"advanced_seo_description":"","jetpack_seo_html_title":"","jetpack_seo_noindex":false,"_jetpack_memberships_contains_paid_content":false,"footnotes":""},"categories":[1],"tags":[],"class_list":["post-69664","post","type-post","status-publish","format-standard","has-post-thumbnail","hentry","category-cronica"],"jetpack_featured_media_url":"https:\/\/i0.wp.com\/eltrabajo.cl\/portal\/wp-content\/uploads\/2016\/05\/roberto-oses-alerta.jpg?fit=530%2C349&ssl=1","jetpack_sharing_enabled":true,"jetpack_likes_enabled":true,"jetpack-related-posts":[],"_links":{"self":[{"href":"https:\/\/eltrabajo.cl\/portal\/wp-json\/wp\/v2\/posts\/69664","targetHints":{"allow":["GET"]}}],"collection":[{"href":"https:\/\/eltrabajo.cl\/portal\/wp-json\/wp\/v2\/posts"}],"about":[{"href":"https:\/\/eltrabajo.cl\/portal\/wp-json\/wp\/v2\/types\/post"}],"author":[{"embeddable":true,"href":"https:\/\/eltrabajo.cl\/portal\/wp-json\/wp\/v2\/users\/1"}],"replies":[{"embeddable":true,"href":"https:\/\/eltrabajo.cl\/portal\/wp-json\/wp\/v2\/comments?post=69664"}],"version-history":[{"count":0,"href":"https:\/\/eltrabajo.cl\/portal\/wp-json\/wp\/v2\/posts\/69664\/revisions"}],"wp:featuredmedia":[{"embeddable":true,"href":"https:\/\/eltrabajo.cl\/portal\/wp-json\/wp\/v2\/media\/69665"}],"wp:attachment":[{"href":"https:\/\/eltrabajo.cl\/portal\/wp-json\/wp\/v2\/media?parent=69664"}],"wp:term":[{"taxonomy":"category","embeddable":true,"href":"https:\/\/eltrabajo.cl\/portal\/wp-json\/wp\/v2\/categories?post=69664"},{"taxonomy":"post_tag","embeddable":true,"href":"https:\/\/eltrabajo.cl\/portal\/wp-json\/wp\/v2\/tags?post=69664"}],"curies":[{"name":"wp","href":"https:\/\/api.w.org\/{rel}","templated":true}]}}