{"id":69668,"date":"2016-05-12T08:46:35","date_gmt":"2016-05-12T11:46:35","guid":{"rendered":"http:\/\/www.eltrabajo.cl\/portal\/?p=69668"},"modified":"2016-05-12T08:46:35","modified_gmt":"2016-05-12T11:46:35","slug":"lanzan-el-libro-el-valor-de-los-acuerdos-50-anos-de-vida-politica-de-chile","status":"publish","type":"post","link":"https:\/\/eltrabajo.cl\/portal\/lanzan-el-libro-el-valor-de-los-acuerdos-50-anos-de-vida-politica-de-chile\/","title":{"rendered":"Lanzan el libro \u00abEl Valor de los Acuerdos, 50 a\u00f1os de vida pol\u00edtica de Chile\u00bb"},"content":{"rendered":"<figure id=\"attachment_69669\" aria-describedby=\"caption-attachment-69669\" style=\"width: 300px\" class=\"wp-caption alignleft\"><a href=\"http:\/\/www.eltrabajo.cl\/portal\/lanzan-el-libro-el-valor-de-los-acuerdos-50-anos-de-vida-politica-de-chile\/basilio-muena-concejal\/\" rel=\"attachment wp-att-69669\"><img data-recalc-dims=\"1\" loading=\"lazy\" decoding=\"async\" class=\"size-medium wp-image-69669\" src=\"https:\/\/i0.wp.com\/www.eltrabajo.cl\/portal\/wp-content\/uploads\/2016\/05\/Basilio-muena-concejal-300x198.jpg?resize=300%2C198\" alt=\"Concejal Basilio Muena.\" width=\"300\" height=\"198\" srcset=\"https:\/\/i0.wp.com\/eltrabajo.cl\/portal\/wp-content\/uploads\/2016\/05\/Basilio-muena-concejal.jpg?resize=300%2C198&amp;ssl=1 300w, https:\/\/i0.wp.com\/eltrabajo.cl\/portal\/wp-content\/uploads\/2016\/05\/Basilio-muena-concejal.jpg?resize=200%2C132&amp;ssl=1 200w, https:\/\/i0.wp.com\/eltrabajo.cl\/portal\/wp-content\/uploads\/2016\/05\/Basilio-muena-concejal.jpg?resize=228%2C150&amp;ssl=1 228w, https:\/\/i0.wp.com\/eltrabajo.cl\/portal\/wp-content\/uploads\/2016\/05\/Basilio-muena-concejal.jpg?resize=400%2C263&amp;ssl=1 400w, https:\/\/i0.wp.com\/eltrabajo.cl\/portal\/wp-content\/uploads\/2016\/05\/Basilio-muena-concejal.jpg?w=530&amp;ssl=1 530w\" sizes=\"auto, (max-width: 300px) 100vw, 300px\" \/><\/a><figcaption id=\"caption-attachment-69669\" class=\"wp-caption-text\">Concejal Basilio Muena.<\/figcaption><\/figure>\n<p>Basilio Muena Presidente comunal del Partido Dem\u00f3crata Cristiano destac\u00f3, que San Felipe sea la comuna escogida para el lanzamiento en Aconcagua del libro \u2018El valor de los acuerdos, 50 a\u00f1os de vida pol\u00edtica en Chile\u2019, cuyo autor es el exdiputado Eduardo Cerda Garc\u00eda y que re\u00fane, los 50 a\u00f1os de intensa vida pol\u00edtica de Eduardo Garc\u00eda Cerda por 5 per\u00edodos, expresidente de la C\u00e1mara de Diputados en 1972, exvicepresidente y secretario nacional de la Democracia Cristiana en 1973.<br \/>\nEl valor de los acuerdos, registra 40 miradas que van desde la UDI hasta el PC, y la opini\u00f3n de los 5 \u00faltimos presidentes de la Rep\u00fablica.<br \/>\nEn estas memorias, Eduardo Cerda, relata como testigo directo, momentos hist\u00f3ricos de vital importancia.<br \/>\nComo directiva comunal, esperamos que gran parte de los sanfelipe\u00f1os pueda asistir a este lanzamiento, que se desarrollara este jueves 12 de mayo a las 19 horas, En el Sal\u00f3n Padre Humberto Vivas, 2\u00b0 piso de la Municipalidad de San Felipe.<\/p>\n","protected":false},"excerpt":{"rendered":"<p>Basilio Muena Presidente comunal del Partido Dem\u00f3crata Cristiano destac\u00f3, que San Felipe sea la comuna escogida para el lanzamiento en Aconcagua del libro \u2018El valor de los acuerdos, 50 a\u00f1os de vida&#8230;<\/p>\n","protected":false},"author":1,"featured_media":69669,"comment_status":"open","ping_status":"open","sticky":false,"template":"","format":"standard","meta":{"advanced_seo_description":"","jetpack_seo_html_title":"","jetpack_seo_noindex":false,"_jetpack_memberships_contains_paid_content":false,"footnotes":""},"categories":[1],"tags":[],"class_list":["post-69668","post","type-post","status-publish","format-standard","has-post-thumbnail","hentry","category-cronica"],"jetpack_featured_media_url":"https:\/\/i0.wp.com\/eltrabajo.cl\/portal\/wp-content\/uploads\/2016\/05\/Basilio-muena-concejal.jpg?fit=530%2C349&ssl=1","jetpack_sharing_enabled":true,"jetpack_likes_enabled":true,"jetpack-related-posts":[],"_links":{"self":[{"href":"https:\/\/eltrabajo.cl\/portal\/wp-json\/wp\/v2\/posts\/69668","targetHints":{"allow":["GET"]}}],"collection":[{"href":"https:\/\/eltrabajo.cl\/portal\/wp-json\/wp\/v2\/posts"}],"about":[{"href":"https:\/\/eltrabajo.cl\/portal\/wp-json\/wp\/v2\/types\/post"}],"author":[{"embeddable":true,"href":"https:\/\/eltrabajo.cl\/portal\/wp-json\/wp\/v2\/users\/1"}],"replies":[{"embeddable":true,"href":"https:\/\/eltrabajo.cl\/portal\/wp-json\/wp\/v2\/comments?post=69668"}],"version-history":[{"count":0,"href":"https:\/\/eltrabajo.cl\/portal\/wp-json\/wp\/v2\/posts\/69668\/revisions"}],"wp:featuredmedia":[{"embeddable":true,"href":"https:\/\/eltrabajo.cl\/portal\/wp-json\/wp\/v2\/media\/69669"}],"wp:attachment":[{"href":"https:\/\/eltrabajo.cl\/portal\/wp-json\/wp\/v2\/media?parent=69668"}],"wp:term":[{"taxonomy":"category","embeddable":true,"href":"https:\/\/eltrabajo.cl\/portal\/wp-json\/wp\/v2\/categories?post=69668"},{"taxonomy":"post_tag","embeddable":true,"href":"https:\/\/eltrabajo.cl\/portal\/wp-json\/wp\/v2\/tags?post=69668"}],"curies":[{"name":"wp","href":"https:\/\/api.w.org\/{rel}","templated":true}]}}