{"id":69672,"date":"2016-05-12T08:49:05","date_gmt":"2016-05-12T11:49:05","guid":{"rendered":"http:\/\/www.eltrabajo.cl\/portal\/?p=69672"},"modified":"2016-05-12T08:49:05","modified_gmt":"2016-05-12T11:49:05","slug":"centro-espanol-lanza-concurso-para-disenar-el-logotipo-de-su-centenario","status":"publish","type":"post","link":"https:\/\/eltrabajo.cl\/portal\/centro-espanol-lanza-concurso-para-disenar-el-logotipo-de-su-centenario\/","title":{"rendered":"Centro Espa\u00f1ol lanza concurso para dise\u00f1ar el logotipo de su Centenario"},"content":{"rendered":"<p><strong>LOS ANDES.-<\/strong> Con motivo del inicio del a\u00f1o del Centenario del Centro Espa\u00f1ol de Los Andes, en el pr\u00f3ximo mes de Julio de 2016, el directorio de la instituci\u00f3n tom\u00f3 la decisi\u00f3n de llamar a un concurso para dise\u00f1ar un logotipo conmemorativo de tal evento.<br \/>\nEl tema debe ser relacionado con la celebraci\u00f3n de los 100 a\u00f1os de la creaci\u00f3n del Centro Espa\u00f1ol en la cuidad de Los Andes. Debe representar la presencia de los inmigrantes espa\u00f1oles en la Ciudad.<br \/>\nEl logo podr\u00e1 incluir conjunta o indistintamente referencias a \u00ab100 a\u00f1os\u00bb, \u00ab1917-2017\u00bb, \u00abCentenario\u00bb.<br \/>\nEl dise\u00f1o debe versar sobre la historia, tradiciones, presencia e importancia de la Instituci\u00f3n en la cuidad de Los Andes y en el Valle del Aconcagua.<br \/>\nPodr\u00e1n participar las personas que tengan aptitudes y habilidades en dise\u00f1os publicitarios. Pueden ser socios o no socios. Ciudadanos chilenos, espa\u00f1oles y\/o extranjero en general de preferencia de origen hispano.<br \/>\nSe hace un llamado a las instituciones educacionales de nivel t\u00e9cnico superior que tengan en sus carreras la especialidad de dise\u00f1o publicitario o similar.<br \/>\nEl plazo de presentaci\u00f3n ser\u00e1 el pr\u00f3ximo 30 de Junio de 2016.<br \/>\nM\u00e1s informaci\u00f3n en www.losandescentroespa\u00f1ol.cl<\/p>\n<figure id=\"attachment_69673\" aria-describedby=\"caption-attachment-69673\" style=\"width: 530px\" class=\"wp-caption alignleft\"><a href=\"http:\/\/www.eltrabajo.cl\/portal\/centro-espanol-lanza-concurso-para-disenar-el-logotipo-de-su-centenario\/centro-espanol\/\" rel=\"attachment wp-att-69673\"><img data-recalc-dims=\"1\" loading=\"lazy\" decoding=\"async\" class=\"size-full wp-image-69673\" src=\"https:\/\/i0.wp.com\/www.eltrabajo.cl\/portal\/wp-content\/uploads\/2016\/05\/centro-espa%C3%B1ol.jpg?resize=530%2C348\" alt=\"El Centro Espa\u00f1ol de Los Andes ya comenz\u00f3 los festejos de su Centenario.\" width=\"530\" height=\"348\" srcset=\"https:\/\/i0.wp.com\/eltrabajo.cl\/portal\/wp-content\/uploads\/2016\/05\/centro-espa%C3%B1ol.jpg?w=530&amp;ssl=1 530w, https:\/\/i0.wp.com\/eltrabajo.cl\/portal\/wp-content\/uploads\/2016\/05\/centro-espa%C3%B1ol.jpg?resize=200%2C131&amp;ssl=1 200w, https:\/\/i0.wp.com\/eltrabajo.cl\/portal\/wp-content\/uploads\/2016\/05\/centro-espa%C3%B1ol.jpg?resize=300%2C197&amp;ssl=1 300w, https:\/\/i0.wp.com\/eltrabajo.cl\/portal\/wp-content\/uploads\/2016\/05\/centro-espa%C3%B1ol.jpg?resize=228%2C150&amp;ssl=1 228w, https:\/\/i0.wp.com\/eltrabajo.cl\/portal\/wp-content\/uploads\/2016\/05\/centro-espa%C3%B1ol.jpg?resize=400%2C263&amp;ssl=1 400w\" sizes=\"auto, (max-width: 530px) 100vw, 530px\" \/><\/a><figcaption id=\"caption-attachment-69673\" class=\"wp-caption-text\">El Centro Espa\u00f1ol de Los Andes ya comenz\u00f3 los festejos de su Centenario.<\/figcaption><\/figure>\n","protected":false},"excerpt":{"rendered":"<p>LOS ANDES.- Con motivo del inicio del a\u00f1o del Centenario del Centro Espa\u00f1ol de Los Andes, en el pr\u00f3ximo mes de Julio de 2016, el directorio de la instituci\u00f3n tom\u00f3 la decisi\u00f3n&#8230;<\/p>\n","protected":false},"author":1,"featured_media":69673,"comment_status":"open","ping_status":"open","sticky":false,"template":"","format":"standard","meta":{"advanced_seo_description":"","jetpack_seo_html_title":"","jetpack_seo_noindex":false,"_jetpack_memberships_contains_paid_content":false,"footnotes":""},"categories":[15],"tags":[],"class_list":["post-69672","post","type-post","status-publish","format-standard","has-post-thumbnail","hentry","category-comunidad"],"jetpack_featured_media_url":"https:\/\/i0.wp.com\/eltrabajo.cl\/portal\/wp-content\/uploads\/2016\/05\/centro-espa%C3%B1ol.jpg?fit=530%2C348&ssl=1","jetpack_sharing_enabled":true,"jetpack_likes_enabled":true,"jetpack-related-posts":[],"_links":{"self":[{"href":"https:\/\/eltrabajo.cl\/portal\/wp-json\/wp\/v2\/posts\/69672","targetHints":{"allow":["GET"]}}],"collection":[{"href":"https:\/\/eltrabajo.cl\/portal\/wp-json\/wp\/v2\/posts"}],"about":[{"href":"https:\/\/eltrabajo.cl\/portal\/wp-json\/wp\/v2\/types\/post"}],"author":[{"embeddable":true,"href":"https:\/\/eltrabajo.cl\/portal\/wp-json\/wp\/v2\/users\/1"}],"replies":[{"embeddable":true,"href":"https:\/\/eltrabajo.cl\/portal\/wp-json\/wp\/v2\/comments?post=69672"}],"version-history":[{"count":0,"href":"https:\/\/eltrabajo.cl\/portal\/wp-json\/wp\/v2\/posts\/69672\/revisions"}],"wp:featuredmedia":[{"embeddable":true,"href":"https:\/\/eltrabajo.cl\/portal\/wp-json\/wp\/v2\/media\/69673"}],"wp:attachment":[{"href":"https:\/\/eltrabajo.cl\/portal\/wp-json\/wp\/v2\/media?parent=69672"}],"wp:term":[{"taxonomy":"category","embeddable":true,"href":"https:\/\/eltrabajo.cl\/portal\/wp-json\/wp\/v2\/categories?post=69672"},{"taxonomy":"post_tag","embeddable":true,"href":"https:\/\/eltrabajo.cl\/portal\/wp-json\/wp\/v2\/tags?post=69672"}],"curies":[{"name":"wp","href":"https:\/\/api.w.org\/{rel}","templated":true}]}}