{"id":69676,"date":"2016-05-12T08:50:42","date_gmt":"2016-05-12T11:50:42","guid":{"rendered":"http:\/\/www.eltrabajo.cl\/portal\/?p=69676"},"modified":"2016-05-12T08:50:42","modified_gmt":"2016-05-12T11:50:42","slug":"el-tuerto-maikol-hirio-con-arma-blanca-a-su-mujer-mientras-discutian","status":"publish","type":"post","link":"https:\/\/eltrabajo.cl\/portal\/el-tuerto-maikol-hirio-con-arma-blanca-a-su-mujer-mientras-discutian\/","title":{"rendered":"\u2018El Tuerto Maikol\u2019 hiri\u00f3 con arma blanca a su mujer mientras discut\u00edan"},"content":{"rendered":"<ul>\n<li><strong>V\u00edctima pudo escapar encerr\u00e1ndolo y as\u00ed acudi\u00f3 a la PDI pidiendo ayuda.<\/strong><\/li>\n<\/ul>\n<p><strong>LOS ANDES.-<\/strong> Herida en su pierna derecha y con lesiones significativas en su cuerpo, qued\u00f3 una mujer identificada con las in\u00edciales J.F., de 23 a\u00f1os, despu\u00e9s de ser ferozmente atacada por su misma pareja, un popular delincuente habitual.<br \/>\nLa detenci\u00f3n del imputado, se produjo en horas de la ma\u00f1ana del martes por parte de oficiales de la PDI, quienes llegaron hasta el domicilio luego que la v\u00edctima concurriera hasta el cuartel policial a estampar la denuncia.<br \/>\nConforme a los antecedentes entregados por el Jefe de la Bicrim, Subprefecto Fernando Silva, los hechos ocurrieron en horas de la ma\u00f1ana en el domicilio de la pareja ubicado en una villa del sector oriente de la ciudad.<br \/>\nAll\u00ed, se produjo una discusi\u00f3n entre la mujer y su pareja, el conocido delincuente habitual C.M.A.M. (25), alias \u2018El Tuerto Maikol\u2019, quien luego de ofuscarse comenz\u00f3 a darle golpes de pies y pu\u00f1o en diferentes partes del cuerpo.<br \/>\nNo contento con ello, el antisocial tom\u00f3 un cuchillo cocinero y le asest\u00f3 una estocada a su pareja, ocasion\u00e1ndole una herida cortante en el tobillo de la pierna derecha.<br \/>\nLa v\u00edctima logr\u00f3 salir del domicilio, pero para evitar que el sujeto escapara o la siguiera, cerr\u00f3 la puerta con una cadena y candado, luego se dirigi\u00f3 hasta la PDI donde fue asistida por los oficiales de la Bicrim.<br \/>\nDe inmediato, un carro institucional se dirigi\u00f3 al inmueble y con la autorizaci\u00f3n de la propia v\u00edctima, hicieron ingreso al domicilio, procediendo a arrestar al antisocial que se encontraba en uno de los dormitorios.<br \/>\nEl Subprefecto Silva dijo adem\u00e1s, que al interior del inmueble se hall\u00f3 el cuchillo con restos de sangre de la v\u00edctima.<br \/>\nEl \u2018Tuerto Maikol\u2019, fue formalizado por el delito de lesiones en contexto de violencia intrafamiliar y qued\u00f3 en prisi\u00f3n preventiva por los dos meses que durar\u00e1 la investigaci\u00f3n.<\/p>\n<figure id=\"attachment_69677\" aria-describedby=\"caption-attachment-69677\" style=\"width: 530px\" class=\"wp-caption alignleft\"><a href=\"http:\/\/www.eltrabajo.cl\/portal\/el-tuerto-maikol-hirio-con-arma-blanca-a-su-mujer-mientras-discutian\/tuerto-maikol21\/\" rel=\"attachment wp-att-69677\"><img data-recalc-dims=\"1\" loading=\"lazy\" decoding=\"async\" class=\"size-full wp-image-69677\" src=\"https:\/\/i0.wp.com\/www.eltrabajo.cl\/portal\/wp-content\/uploads\/2016\/05\/tuerto-maikol21.jpg?resize=530%2C350\" alt=\"\u2018Tuerto Maikol\u2019, formalizado por el delito de lesiones en contexto de violencia intrafamiliar, quedando en prisi\u00f3n  preventiva por los meses que dure la investigaci\u00f3n.\" width=\"530\" height=\"350\" srcset=\"https:\/\/i0.wp.com\/eltrabajo.cl\/portal\/wp-content\/uploads\/2016\/05\/tuerto-maikol21.jpg?w=530&amp;ssl=1 530w, https:\/\/i0.wp.com\/eltrabajo.cl\/portal\/wp-content\/uploads\/2016\/05\/tuerto-maikol21.jpg?resize=200%2C132&amp;ssl=1 200w, https:\/\/i0.wp.com\/eltrabajo.cl\/portal\/wp-content\/uploads\/2016\/05\/tuerto-maikol21.jpg?resize=300%2C198&amp;ssl=1 300w, https:\/\/i0.wp.com\/eltrabajo.cl\/portal\/wp-content\/uploads\/2016\/05\/tuerto-maikol21.jpg?resize=227%2C150&amp;ssl=1 227w, https:\/\/i0.wp.com\/eltrabajo.cl\/portal\/wp-content\/uploads\/2016\/05\/tuerto-maikol21.jpg?resize=400%2C264&amp;ssl=1 400w\" sizes=\"auto, (max-width: 530px) 100vw, 530px\" \/><\/a><figcaption id=\"caption-attachment-69677\" class=\"wp-caption-text\">\u2018Tuerto Maikol\u2019, formalizado por el delito de lesiones en contexto de violencia intrafamiliar, quedando en prisi\u00f3n preventiva por los meses que dure la investigaci\u00f3n.<\/figcaption><\/figure>\n","protected":false},"excerpt":{"rendered":"<p>V\u00edctima pudo escapar encerr\u00e1ndolo y as\u00ed acudi\u00f3 a la PDI pidiendo ayuda. LOS ANDES.- Herida en su pierna derecha y con lesiones significativas en su cuerpo, qued\u00f3 una mujer identificada con las&#8230;<\/p>\n","protected":false},"author":1,"featured_media":69677,"comment_status":"open","ping_status":"open","sticky":false,"template":"","format":"standard","meta":{"advanced_seo_description":"","jetpack_seo_html_title":"","jetpack_seo_noindex":false,"_jetpack_memberships_contains_paid_content":false,"footnotes":""},"categories":[21],"tags":[],"class_list":["post-69676","post","type-post","status-publish","format-standard","has-post-thumbnail","hentry","category-policial"],"jetpack_featured_media_url":"https:\/\/i0.wp.com\/eltrabajo.cl\/portal\/wp-content\/uploads\/2016\/05\/tuerto-maikol21.jpg?fit=530%2C350&ssl=1","jetpack_sharing_enabled":true,"jetpack_likes_enabled":true,"jetpack-related-posts":[],"_links":{"self":[{"href":"https:\/\/eltrabajo.cl\/portal\/wp-json\/wp\/v2\/posts\/69676","targetHints":{"allow":["GET"]}}],"collection":[{"href":"https:\/\/eltrabajo.cl\/portal\/wp-json\/wp\/v2\/posts"}],"about":[{"href":"https:\/\/eltrabajo.cl\/portal\/wp-json\/wp\/v2\/types\/post"}],"author":[{"embeddable":true,"href":"https:\/\/eltrabajo.cl\/portal\/wp-json\/wp\/v2\/users\/1"}],"replies":[{"embeddable":true,"href":"https:\/\/eltrabajo.cl\/portal\/wp-json\/wp\/v2\/comments?post=69676"}],"version-history":[{"count":0,"href":"https:\/\/eltrabajo.cl\/portal\/wp-json\/wp\/v2\/posts\/69676\/revisions"}],"wp:featuredmedia":[{"embeddable":true,"href":"https:\/\/eltrabajo.cl\/portal\/wp-json\/wp\/v2\/media\/69677"}],"wp:attachment":[{"href":"https:\/\/eltrabajo.cl\/portal\/wp-json\/wp\/v2\/media?parent=69676"}],"wp:term":[{"taxonomy":"category","embeddable":true,"href":"https:\/\/eltrabajo.cl\/portal\/wp-json\/wp\/v2\/categories?post=69676"},{"taxonomy":"post_tag","embeddable":true,"href":"https:\/\/eltrabajo.cl\/portal\/wp-json\/wp\/v2\/tags?post=69676"}],"curies":[{"name":"wp","href":"https:\/\/api.w.org\/{rel}","templated":true}]}}