{"id":69680,"date":"2016-05-12T08:53:37","date_gmt":"2016-05-12T11:53:37","guid":{"rendered":"http:\/\/www.eltrabajo.cl\/portal\/?p=69680"},"modified":"2016-05-12T08:53:37","modified_gmt":"2016-05-12T11:53:37","slug":"escuela-bernardo-ohiggins-agradece-a-las-madres-en-su-dia","status":"publish","type":"post","link":"https:\/\/eltrabajo.cl\/portal\/escuela-bernardo-ohiggins-agradece-a-las-madres-en-su-dia\/","title":{"rendered":"Escuela Bernardo O\u00b4Higgins agradece a las madres en su d\u00eda"},"content":{"rendered":"<p>La Escuela Bernardo O\u00b4Higgins, con una matr\u00edcula de 239 alumnos, realiz\u00f3 una notable presentaci\u00f3n art\u00edstica desde prekinder hasta octavo b\u00e1sico en agradecimiento a todas sus madres, por darnos la vida y cuidar de nosotros en tiempos en que se relativiza su valor y se descuida lo m\u00e1s hermoso que un ser humano pueda tener.<br \/>\nEsta semana su director, Sebasti\u00e1n Candia, enfatiz\u00f3 que \u00abuna madre cumple una labor fundamental y complementaria con la escuela, porque tambi\u00e9n ense\u00f1a, corrige, protege, perdona y acoge a sus hijos, algo muy especial en la inmensidad del universo y particularmente importante en la historia de la humanidad\u00bb.<br \/>\nUn buen estudiante siempre tiene tras de s\u00ed a una persona que es un modelo de esfuerzo y templanza y por ello es que la escuela promueve una fiesta de agradecimiento que ser\u00e1 recordada por sus estudiantes y apoderadas por muchos a\u00f1os.<br \/>\nRoberto Gonz\u00e1lez Short<br \/>\nrgonzalez@eltrabajo.cl<\/p>\n<figure id=\"attachment_69681\" aria-describedby=\"caption-attachment-69681\" style=\"width: 530px\" class=\"wp-caption alignleft\"><a href=\"http:\/\/www.eltrabajo.cl\/portal\/escuela-bernardo-ohiggins-agradece-a-las-madres-en-su-dia\/olympus-digital-camera-25\/\" rel=\"attachment wp-att-69681\"><img data-recalc-dims=\"1\" loading=\"lazy\" decoding=\"async\" class=\"size-full wp-image-69681\" src=\"https:\/\/i0.wp.com\/www.eltrabajo.cl\/portal\/wp-content\/uploads\/2016\/05\/Ohiggins1.jpg?resize=530%2C349\" alt=\"MADRES REGALONAS.- Las mam\u00e1s fascinadas tomando fotograf\u00edas y admirando las habilidades art\u00edsticas de sus hijos.\" width=\"530\" height=\"349\" srcset=\"https:\/\/i0.wp.com\/eltrabajo.cl\/portal\/wp-content\/uploads\/2016\/05\/Ohiggins1.jpg?w=530&amp;ssl=1 530w, https:\/\/i0.wp.com\/eltrabajo.cl\/portal\/wp-content\/uploads\/2016\/05\/Ohiggins1.jpg?resize=200%2C132&amp;ssl=1 200w, https:\/\/i0.wp.com\/eltrabajo.cl\/portal\/wp-content\/uploads\/2016\/05\/Ohiggins1.jpg?resize=300%2C198&amp;ssl=1 300w, https:\/\/i0.wp.com\/eltrabajo.cl\/portal\/wp-content\/uploads\/2016\/05\/Ohiggins1.jpg?resize=228%2C150&amp;ssl=1 228w, https:\/\/i0.wp.com\/eltrabajo.cl\/portal\/wp-content\/uploads\/2016\/05\/Ohiggins1.jpg?resize=400%2C263&amp;ssl=1 400w\" sizes=\"auto, (max-width: 530px) 100vw, 530px\" \/><\/a><figcaption id=\"caption-attachment-69681\" class=\"wp-caption-text\">MADRES REGALONAS.- Las mam\u00e1s fascinadas tomando fotograf\u00edas y admirando las habilidades art\u00edsticas de sus hijos.<\/figcaption><\/figure>\n<figure id=\"attachment_69682\" aria-describedby=\"caption-attachment-69682\" style=\"width: 530px\" class=\"wp-caption alignleft\"><a href=\"http:\/\/www.eltrabajo.cl\/portal\/escuela-bernardo-ohiggins-agradece-a-las-madres-en-su-dia\/olympus-digital-camera-26\/\" rel=\"attachment wp-att-69682\"><img data-recalc-dims=\"1\" loading=\"lazy\" decoding=\"async\" class=\"size-full wp-image-69682\" src=\"https:\/\/i0.wp.com\/www.eltrabajo.cl\/portal\/wp-content\/uploads\/2016\/05\/Ohiggins2.jpg?resize=530%2C349\" alt=\"LOS PERSONAJES.- Disfraces, bailes y m\u00fasica protagonizada por los ni\u00f1os. De Izquierda a derecha: Marcelo Alfaro, Joseph Montenegro y Sian Matamoro.\" width=\"530\" height=\"349\" srcset=\"https:\/\/i0.wp.com\/eltrabajo.cl\/portal\/wp-content\/uploads\/2016\/05\/Ohiggins2.jpg?w=530&amp;ssl=1 530w, https:\/\/i0.wp.com\/eltrabajo.cl\/portal\/wp-content\/uploads\/2016\/05\/Ohiggins2.jpg?resize=200%2C132&amp;ssl=1 200w, https:\/\/i0.wp.com\/eltrabajo.cl\/portal\/wp-content\/uploads\/2016\/05\/Ohiggins2.jpg?resize=300%2C198&amp;ssl=1 300w, https:\/\/i0.wp.com\/eltrabajo.cl\/portal\/wp-content\/uploads\/2016\/05\/Ohiggins2.jpg?resize=228%2C150&amp;ssl=1 228w, https:\/\/i0.wp.com\/eltrabajo.cl\/portal\/wp-content\/uploads\/2016\/05\/Ohiggins2.jpg?resize=400%2C263&amp;ssl=1 400w\" sizes=\"auto, (max-width: 530px) 100vw, 530px\" \/><\/a><figcaption id=\"caption-attachment-69682\" class=\"wp-caption-text\">LOS PERSONAJES.- Disfraces, bailes y m\u00fasica protagonizada por los ni\u00f1os. De Izquierda a derecha: Marcelo Alfaro, Joseph Montenegro y Sian Matamoro.<\/figcaption><\/figure>\n<figure id=\"attachment_69683\" aria-describedby=\"caption-attachment-69683\" style=\"width: 530px\" class=\"wp-caption alignleft\"><a href=\"http:\/\/www.eltrabajo.cl\/portal\/escuela-bernardo-ohiggins-agradece-a-las-madres-en-su-dia\/olympus-digital-camera-27\/\" rel=\"attachment wp-att-69683\"><img data-recalc-dims=\"1\" loading=\"lazy\" decoding=\"async\" class=\"size-full wp-image-69683\" src=\"https:\/\/i0.wp.com\/www.eltrabajo.cl\/portal\/wp-content\/uploads\/2016\/05\/Ohiggins3.jpg?resize=530%2C348\" alt=\"LA CORE\u00d3GRAFA.- La T\u00eda Teresa Verdejo fue la core\u00f3grafa, quien con experticia creaba el ambiente, mov\u00eda a los alumnos y destacaba como gran organizadora.\" width=\"530\" height=\"348\" srcset=\"https:\/\/i0.wp.com\/eltrabajo.cl\/portal\/wp-content\/uploads\/2016\/05\/Ohiggins3.jpg?w=530&amp;ssl=1 530w, https:\/\/i0.wp.com\/eltrabajo.cl\/portal\/wp-content\/uploads\/2016\/05\/Ohiggins3.jpg?resize=200%2C131&amp;ssl=1 200w, https:\/\/i0.wp.com\/eltrabajo.cl\/portal\/wp-content\/uploads\/2016\/05\/Ohiggins3.jpg?resize=300%2C197&amp;ssl=1 300w, https:\/\/i0.wp.com\/eltrabajo.cl\/portal\/wp-content\/uploads\/2016\/05\/Ohiggins3.jpg?resize=228%2C150&amp;ssl=1 228w, https:\/\/i0.wp.com\/eltrabajo.cl\/portal\/wp-content\/uploads\/2016\/05\/Ohiggins3.jpg?resize=400%2C263&amp;ssl=1 400w\" sizes=\"auto, (max-width: 530px) 100vw, 530px\" \/><\/a><figcaption id=\"caption-attachment-69683\" class=\"wp-caption-text\">LA CORE\u00d3GRAFA.- La T\u00eda Teresa Verdejo fue la core\u00f3grafa, quien con experticia creaba el ambiente, mov\u00eda a los alumnos y destacaba como gran organizadora.<\/figcaption><\/figure>\n","protected":false},"excerpt":{"rendered":"<p>La Escuela Bernardo O\u00b4Higgins, con una matr\u00edcula de 239 alumnos, realiz\u00f3 una notable presentaci\u00f3n art\u00edstica desde prekinder hasta octavo b\u00e1sico en agradecimiento a todas sus madres, por darnos la vida y cuidar&#8230;<\/p>\n","protected":false},"author":1,"featured_media":69682,"comment_status":"open","ping_status":"open","sticky":false,"template":"","format":"standard","meta":{"advanced_seo_description":"","jetpack_seo_html_title":"","jetpack_seo_noindex":false,"_jetpack_memberships_contains_paid_content":false,"footnotes":""},"categories":[15],"tags":[],"class_list":["post-69680","post","type-post","status-publish","format-standard","has-post-thumbnail","hentry","category-comunidad"],"jetpack_featured_media_url":"https:\/\/i0.wp.com\/eltrabajo.cl\/portal\/wp-content\/uploads\/2016\/05\/Ohiggins2.jpg?fit=530%2C349&ssl=1","jetpack_sharing_enabled":true,"jetpack_likes_enabled":true,"jetpack-related-posts":[],"_links":{"self":[{"href":"https:\/\/eltrabajo.cl\/portal\/wp-json\/wp\/v2\/posts\/69680","targetHints":{"allow":["GET"]}}],"collection":[{"href":"https:\/\/eltrabajo.cl\/portal\/wp-json\/wp\/v2\/posts"}],"about":[{"href":"https:\/\/eltrabajo.cl\/portal\/wp-json\/wp\/v2\/types\/post"}],"author":[{"embeddable":true,"href":"https:\/\/eltrabajo.cl\/portal\/wp-json\/wp\/v2\/users\/1"}],"replies":[{"embeddable":true,"href":"https:\/\/eltrabajo.cl\/portal\/wp-json\/wp\/v2\/comments?post=69680"}],"version-history":[{"count":0,"href":"https:\/\/eltrabajo.cl\/portal\/wp-json\/wp\/v2\/posts\/69680\/revisions"}],"wp:featuredmedia":[{"embeddable":true,"href":"https:\/\/eltrabajo.cl\/portal\/wp-json\/wp\/v2\/media\/69682"}],"wp:attachment":[{"href":"https:\/\/eltrabajo.cl\/portal\/wp-json\/wp\/v2\/media?parent=69680"}],"wp:term":[{"taxonomy":"category","embeddable":true,"href":"https:\/\/eltrabajo.cl\/portal\/wp-json\/wp\/v2\/categories?post=69680"},{"taxonomy":"post_tag","embeddable":true,"href":"https:\/\/eltrabajo.cl\/portal\/wp-json\/wp\/v2\/tags?post=69680"}],"curies":[{"name":"wp","href":"https:\/\/api.w.org\/{rel}","templated":true}]}}