{"id":69686,"date":"2016-05-12T09:12:02","date_gmt":"2016-05-12T12:12:02","guid":{"rendered":"http:\/\/www.eltrabajo.cl\/portal\/?p=69686"},"modified":"2016-05-12T09:12:02","modified_gmt":"2016-05-12T12:12:02","slug":"profesores-regalaron-a-estudiantes-jornada-inolvidable-en-dia-del-alumno","status":"publish","type":"post","link":"https:\/\/eltrabajo.cl\/portal\/profesores-regalaron-a-estudiantes-jornada-inolvidable-en-dia-del-alumno\/","title":{"rendered":"Profesores regalaron a estudiantes jornada inolvidable en D\u00eda del Alumno"},"content":{"rendered":"<p>Con las m\u00e1s diversas actividades, de las que tambi\u00e9n participaron animadamente los profesores, los establecimientos educacionales municipalizados celebraron el d\u00eda del alumno. El d\u00eda es celebrado en Chile cada 11 de mayo, fecha en que cada establecimiento realiza diversas actividades, las que en muchos casos, tambi\u00e9n cuenta con la participaci\u00f3n de los padres y apoderados, sobretodo en la preparaci\u00f3n de disfraces, los que, este a\u00f1o llenaron de colorido y alegr\u00eda, pasillos y patios.<\/p>\n<p><strong>CARMELA CARVAJAL<\/strong><br \/>\nEn la Escuela Carmela Carvajal de Prat de Curim\u00f3n, la comunidad educativa particip\u00f3 de alegres juegos, las que se fueron animadas por los docentes, divididos en alianzas, para as\u00ed generar una alegre y sana competencia.<br \/>\nAna Mar\u00eda Donoso, directora del establecimiento, destac\u00f3 estas actividades, se\u00f1alando que \u00abla importancia de este d\u00eda, sobretodo en la formaci\u00f3n ciudadana, ellos ocupan un lugar muy especial en la comunidad educativa y dentro del entorno de Curim\u00f3n, cuando celebramos a nuestros alumnos, tambi\u00e9n estamos celebrando que hay derechos que se respetan, ahora lo especial de esta actividad radica en la participaci\u00f3n de toda la comunidad educativa, y en el fondo les estamos diciendo que ellos son el centro importante de nuestro trabajo\u00bb.<br \/>\nPor otra parte, la comunidad educativa de la Escuela Jos\u00e9 de San Mart\u00edn, realiz\u00f3 una divertida fiesta de disfraces, en la cual, los profesores personificaron diferentes personajes, y que motiv\u00f3 la alegre participaci\u00f3n de los alumnos, acompa\u00f1ados con alegres bailes.<\/p>\n<p><strong>LA SAN MART\u00cdN<\/strong><\/p>\n<figure id=\"attachment_69688\" aria-describedby=\"caption-attachment-69688\" style=\"width: 300px\" class=\"wp-caption alignleft\"><a href=\"http:\/\/www.eltrabajo.cl\/portal\/profesores-regalaron-a-estudiantes-jornada-inolvidable-en-dia-del-alumno\/alumno2\/\" rel=\"attachment wp-att-69688\"><img data-recalc-dims=\"1\" loading=\"lazy\" decoding=\"async\" class=\"size-medium wp-image-69688\" src=\"https:\/\/i0.wp.com\/www.eltrabajo.cl\/portal\/wp-content\/uploads\/2016\/05\/Alumno2-300x197.jpg?resize=300%2C197\" alt=\"PIRATA DE 7 MARES.- Hasta la directora de la Escuela Jos\u00e9 de San Mart\u00edn, Ximena Baquedano, se visti\u00f3 de pirata.\" width=\"300\" height=\"197\" srcset=\"https:\/\/i0.wp.com\/eltrabajo.cl\/portal\/wp-content\/uploads\/2016\/05\/Alumno2.jpg?resize=300%2C197&amp;ssl=1 300w, https:\/\/i0.wp.com\/eltrabajo.cl\/portal\/wp-content\/uploads\/2016\/05\/Alumno2.jpg?resize=200%2C131&amp;ssl=1 200w, https:\/\/i0.wp.com\/eltrabajo.cl\/portal\/wp-content\/uploads\/2016\/05\/Alumno2.jpg?resize=228%2C150&amp;ssl=1 228w, https:\/\/i0.wp.com\/eltrabajo.cl\/portal\/wp-content\/uploads\/2016\/05\/Alumno2.jpg?resize=400%2C263&amp;ssl=1 400w, https:\/\/i0.wp.com\/eltrabajo.cl\/portal\/wp-content\/uploads\/2016\/05\/Alumno2.jpg?w=530&amp;ssl=1 530w\" sizes=\"auto, (max-width: 300px) 100vw, 300px\" \/><\/a><figcaption id=\"caption-attachment-69688\" class=\"wp-caption-text\">PIRATA DE 7 MARES.- Hasta la directora de la Escuela Jos\u00e9 de San Mart\u00edn, Ximena Baquedano, se visti\u00f3 de pirata.<\/figcaption><\/figure>\n<p>Hasta este establecimiento, lleg\u00f3 el alcalde Patricio Freire, quien comparti\u00f3 con los alumnos de la actividad, destacando al t\u00e9rmino de esta, el grado de compromiso de los docentes del sistema municipalizado.<br \/>\n\u00abQuiero felicitar y agradecer el trabajo que diariamente realizan los directores, profesores, asistentes de la educaci\u00f3n, en la tarea de hacer de nuestros ni\u00f1os, gente de bien, y aqu\u00ed hay una muestra de ello, en cada colegio y liceo se han organizado diferentes actos, en la que cada funcionario va m\u00e1s all\u00e1 de la labor que se le encomienda, ponen el coraz\u00f3n detr\u00e1s de estos bailes, disfraces, juegos, y tal vez no lo dimensionan, pero esto es lo que nuestros ni\u00f1os llevar\u00e1n en su coraz\u00f3n, afianzando los lazos de cari\u00f1os con sus respectivos establecimientos\u00bb, sentenci\u00f3 el jefe comunal.<\/p>\n<figure id=\"attachment_69693\" aria-describedby=\"caption-attachment-69693\" style=\"width: 530px\" class=\"wp-caption alignleft\"><a href=\"http:\/\/www.eltrabajo.cl\/portal\/profesores-regalaron-a-estudiantes-jornada-inolvidable-en-dia-del-alumno\/tias1-4\/\" rel=\"attachment wp-att-69693\"><img data-recalc-dims=\"1\" loading=\"lazy\" decoding=\"async\" class=\"size-full wp-image-69693\" src=\"https:\/\/i0.wp.com\/www.eltrabajo.cl\/portal\/wp-content\/uploads\/2016\/05\/Tias1.jpg?resize=530%2C348\" alt=\"PROFES ACTRICES.- Las profesoras de la Escuela Carmela Carvajal se pulieron bien para presentar de manera impecable su obra de teatro.\" width=\"530\" height=\"348\" srcset=\"https:\/\/i0.wp.com\/eltrabajo.cl\/portal\/wp-content\/uploads\/2016\/05\/Tias1.jpg?w=530&amp;ssl=1 530w, https:\/\/i0.wp.com\/eltrabajo.cl\/portal\/wp-content\/uploads\/2016\/05\/Tias1.jpg?resize=200%2C131&amp;ssl=1 200w, https:\/\/i0.wp.com\/eltrabajo.cl\/portal\/wp-content\/uploads\/2016\/05\/Tias1.jpg?resize=300%2C197&amp;ssl=1 300w, https:\/\/i0.wp.com\/eltrabajo.cl\/portal\/wp-content\/uploads\/2016\/05\/Tias1.jpg?resize=228%2C150&amp;ssl=1 228w, https:\/\/i0.wp.com\/eltrabajo.cl\/portal\/wp-content\/uploads\/2016\/05\/Tias1.jpg?resize=400%2C263&amp;ssl=1 400w\" sizes=\"auto, (max-width: 530px) 100vw, 530px\" \/><\/a><figcaption id=\"caption-attachment-69693\" class=\"wp-caption-text\">PROFES ACTRICES.- Las profesoras de la Escuela Carmela Carvajal se pulieron bien para presentar de manera impecable su obra de teatro.<\/figcaption><\/figure>\n<figure id=\"attachment_69692\" aria-describedby=\"caption-attachment-69692\" style=\"width: 530px\" class=\"wp-caption alignleft\"><a href=\"http:\/\/www.eltrabajo.cl\/portal\/profesores-regalaron-a-estudiantes-jornada-inolvidable-en-dia-del-alumno\/alumno6\/\" rel=\"attachment wp-att-69692\"><img data-recalc-dims=\"1\" loading=\"lazy\" decoding=\"async\" class=\"size-full wp-image-69692\" src=\"https:\/\/i0.wp.com\/www.eltrabajo.cl\/portal\/wp-content\/uploads\/2016\/05\/Alumno6.jpg?resize=530%2C349\" alt=\"HIPNOTIZADOS.- Aqu\u00ed tenemos a los alumnos de la Escuela Carmela Carvajal de Curim\u00f3n, quienes disfrutaron de una obra de teatro interpretada por sus profesores.\" width=\"530\" height=\"349\" srcset=\"https:\/\/i0.wp.com\/eltrabajo.cl\/portal\/wp-content\/uploads\/2016\/05\/Alumno6.jpg?w=530&amp;ssl=1 530w, https:\/\/i0.wp.com\/eltrabajo.cl\/portal\/wp-content\/uploads\/2016\/05\/Alumno6.jpg?resize=200%2C132&amp;ssl=1 200w, https:\/\/i0.wp.com\/eltrabajo.cl\/portal\/wp-content\/uploads\/2016\/05\/Alumno6.jpg?resize=300%2C198&amp;ssl=1 300w, https:\/\/i0.wp.com\/eltrabajo.cl\/portal\/wp-content\/uploads\/2016\/05\/Alumno6.jpg?resize=228%2C150&amp;ssl=1 228w, https:\/\/i0.wp.com\/eltrabajo.cl\/portal\/wp-content\/uploads\/2016\/05\/Alumno6.jpg?resize=400%2C263&amp;ssl=1 400w\" sizes=\"auto, (max-width: 530px) 100vw, 530px\" \/><\/a><figcaption id=\"caption-attachment-69692\" class=\"wp-caption-text\">HIPNOTIZADOS.- Aqu\u00ed tenemos a los alumnos de la Escuela Carmela Carvajal de Curim\u00f3n, quienes disfrutaron de una obra de teatro interpretada por sus profesores.<\/figcaption><\/figure>\n<figure id=\"attachment_69691\" aria-describedby=\"caption-attachment-69691\" style=\"width: 530px\" class=\"wp-caption alignleft\"><a href=\"http:\/\/www.eltrabajo.cl\/portal\/profesores-regalaron-a-estudiantes-jornada-inolvidable-en-dia-del-alumno\/alumno5\/\" rel=\"attachment wp-att-69691\"><img data-recalc-dims=\"1\" loading=\"lazy\" decoding=\"async\" class=\"size-full wp-image-69691\" src=\"https:\/\/i0.wp.com\/www.eltrabajo.cl\/portal\/wp-content\/uploads\/2016\/05\/Alumno5.jpg?resize=530%2C350\" alt=\"MONJA ELECTRIZANTE.- La profesora Tatiana Ibaceta hizo de las suyas con su disfraz de monja, una \u2018alocada religiosa\u2019 que puso a todos a bailar. Le acompa\u00f1an m\u00e1s profesores con otros disfraces.\" width=\"530\" height=\"350\" srcset=\"https:\/\/i0.wp.com\/eltrabajo.cl\/portal\/wp-content\/uploads\/2016\/05\/Alumno5.jpg?w=530&amp;ssl=1 530w, https:\/\/i0.wp.com\/eltrabajo.cl\/portal\/wp-content\/uploads\/2016\/05\/Alumno5.jpg?resize=200%2C132&amp;ssl=1 200w, https:\/\/i0.wp.com\/eltrabajo.cl\/portal\/wp-content\/uploads\/2016\/05\/Alumno5.jpg?resize=300%2C198&amp;ssl=1 300w, https:\/\/i0.wp.com\/eltrabajo.cl\/portal\/wp-content\/uploads\/2016\/05\/Alumno5.jpg?resize=227%2C150&amp;ssl=1 227w, https:\/\/i0.wp.com\/eltrabajo.cl\/portal\/wp-content\/uploads\/2016\/05\/Alumno5.jpg?resize=400%2C264&amp;ssl=1 400w\" sizes=\"auto, (max-width: 530px) 100vw, 530px\" \/><\/a><figcaption id=\"caption-attachment-69691\" class=\"wp-caption-text\">MONJA ELECTRIZANTE.- La profesora Tatiana Ibaceta hizo de las suyas con su disfraz de monja, una \u2018alocada religiosa\u2019 que puso a todos a bailar. Le acompa\u00f1an m\u00e1s profesores con otros disfraces.<\/figcaption><\/figure>\n<figure id=\"attachment_69690\" aria-describedby=\"caption-attachment-69690\" style=\"width: 530px\" class=\"wp-caption alignleft\"><a href=\"http:\/\/www.eltrabajo.cl\/portal\/profesores-regalaron-a-estudiantes-jornada-inolvidable-en-dia-del-alumno\/alumno4\/\" rel=\"attachment wp-att-69690\"><img data-recalc-dims=\"1\" loading=\"lazy\" decoding=\"async\" class=\"size-full wp-image-69690\" src=\"https:\/\/i0.wp.com\/www.eltrabajo.cl\/portal\/wp-content\/uploads\/2016\/05\/Alumno4.jpg?resize=530%2C348\" alt=\"PROFES REGALONES.- Los profesores Guillermo y Julio Quijanes animaron al p\u00fablico con sus personajes y alegre \u00e1nimo.\" width=\"530\" height=\"348\" srcset=\"https:\/\/i0.wp.com\/eltrabajo.cl\/portal\/wp-content\/uploads\/2016\/05\/Alumno4.jpg?w=530&amp;ssl=1 530w, https:\/\/i0.wp.com\/eltrabajo.cl\/portal\/wp-content\/uploads\/2016\/05\/Alumno4.jpg?resize=200%2C131&amp;ssl=1 200w, https:\/\/i0.wp.com\/eltrabajo.cl\/portal\/wp-content\/uploads\/2016\/05\/Alumno4.jpg?resize=300%2C197&amp;ssl=1 300w, https:\/\/i0.wp.com\/eltrabajo.cl\/portal\/wp-content\/uploads\/2016\/05\/Alumno4.jpg?resize=228%2C150&amp;ssl=1 228w, https:\/\/i0.wp.com\/eltrabajo.cl\/portal\/wp-content\/uploads\/2016\/05\/Alumno4.jpg?resize=400%2C263&amp;ssl=1 400w\" sizes=\"auto, (max-width: 530px) 100vw, 530px\" \/><\/a><figcaption id=\"caption-attachment-69690\" class=\"wp-caption-text\">PROFES REGALONES.- Los profesores Guillermo y Julio Quijanes animaron al p\u00fablico con sus personajes y alegre \u00e1nimo.<\/figcaption><\/figure>\n<figure id=\"attachment_69689\" aria-describedby=\"caption-attachment-69689\" style=\"width: 530px\" class=\"wp-caption alignleft\"><a href=\"http:\/\/www.eltrabajo.cl\/portal\/profesores-regalaron-a-estudiantes-jornada-inolvidable-en-dia-del-alumno\/alumno3\/\" rel=\"attachment wp-att-69689\"><img data-recalc-dims=\"1\" loading=\"lazy\" decoding=\"async\" class=\"size-full wp-image-69689\" src=\"https:\/\/i0.wp.com\/www.eltrabajo.cl\/portal\/wp-content\/uploads\/2016\/05\/Alumno3.jpg?resize=530%2C349\" alt=\"UN D\u00cdA ESPECIAL.- Los profes presentaron actuaciones de muchos personajes, cada uno sorprendi\u00f3 por su creatividad.\" width=\"530\" height=\"349\" srcset=\"https:\/\/i0.wp.com\/eltrabajo.cl\/portal\/wp-content\/uploads\/2016\/05\/Alumno3.jpg?w=530&amp;ssl=1 530w, https:\/\/i0.wp.com\/eltrabajo.cl\/portal\/wp-content\/uploads\/2016\/05\/Alumno3.jpg?resize=200%2C132&amp;ssl=1 200w, https:\/\/i0.wp.com\/eltrabajo.cl\/portal\/wp-content\/uploads\/2016\/05\/Alumno3.jpg?resize=300%2C198&amp;ssl=1 300w, https:\/\/i0.wp.com\/eltrabajo.cl\/portal\/wp-content\/uploads\/2016\/05\/Alumno3.jpg?resize=228%2C150&amp;ssl=1 228w, https:\/\/i0.wp.com\/eltrabajo.cl\/portal\/wp-content\/uploads\/2016\/05\/Alumno3.jpg?resize=400%2C263&amp;ssl=1 400w\" sizes=\"auto, (max-width: 530px) 100vw, 530px\" \/><\/a><figcaption id=\"caption-attachment-69689\" class=\"wp-caption-text\">UN D\u00cdA ESPECIAL.- Los profes presentaron actuaciones de muchos personajes, cada uno sorprendi\u00f3 por su creatividad.<\/figcaption><\/figure>\n<figure id=\"attachment_69687\" aria-describedby=\"caption-attachment-69687\" style=\"width: 530px\" class=\"wp-caption alignleft\"><a href=\"http:\/\/www.eltrabajo.cl\/portal\/profesores-regalaron-a-estudiantes-jornada-inolvidable-en-dia-del-alumno\/alumno1\/\" rel=\"attachment wp-att-69687\"><img data-recalc-dims=\"1\" loading=\"lazy\" decoding=\"async\" class=\"size-full wp-image-69687\" src=\"https:\/\/i0.wp.com\/www.eltrabajo.cl\/portal\/wp-content\/uploads\/2016\/05\/Alumno1.jpg?resize=530%2C350\" alt=\"GALLINA A SUS POLLUELOS.- La profesora Egla Pulgar dedic\u00f3 su tiempo a cuidar a sus pollitos, pues era mucho el alboroto.\" width=\"530\" height=\"350\" srcset=\"https:\/\/i0.wp.com\/eltrabajo.cl\/portal\/wp-content\/uploads\/2016\/05\/Alumno1.jpg?w=530&amp;ssl=1 530w, https:\/\/i0.wp.com\/eltrabajo.cl\/portal\/wp-content\/uploads\/2016\/05\/Alumno1.jpg?resize=200%2C132&amp;ssl=1 200w, https:\/\/i0.wp.com\/eltrabajo.cl\/portal\/wp-content\/uploads\/2016\/05\/Alumno1.jpg?resize=300%2C198&amp;ssl=1 300w, https:\/\/i0.wp.com\/eltrabajo.cl\/portal\/wp-content\/uploads\/2016\/05\/Alumno1.jpg?resize=227%2C150&amp;ssl=1 227w, https:\/\/i0.wp.com\/eltrabajo.cl\/portal\/wp-content\/uploads\/2016\/05\/Alumno1.jpg?resize=400%2C264&amp;ssl=1 400w\" sizes=\"auto, (max-width: 530px) 100vw, 530px\" \/><\/a><figcaption id=\"caption-attachment-69687\" class=\"wp-caption-text\">GALLINA A SUS POLLUELOS.- La profesora Egla Pulgar dedic\u00f3 su tiempo a cuidar a sus pollitos, pues era mucho el alboroto.<\/figcaption><\/figure>\n","protected":false},"excerpt":{"rendered":"<p>Con las m\u00e1s diversas actividades, de las que tambi\u00e9n participaron animadamente los profesores, los establecimientos educacionales municipalizados celebraron el d\u00eda del alumno. El d\u00eda es celebrado en Chile cada 11 de mayo,&#8230;<\/p>\n","protected":false},"author":1,"featured_media":69692,"comment_status":"open","ping_status":"open","sticky":false,"template":"","format":"standard","meta":{"advanced_seo_description":"","jetpack_seo_html_title":"","jetpack_seo_noindex":false,"_jetpack_memberships_contains_paid_content":false,"footnotes":""},"categories":[15],"tags":[],"class_list":["post-69686","post","type-post","status-publish","format-standard","has-post-thumbnail","hentry","category-comunidad"],"jetpack_featured_media_url":"https:\/\/i0.wp.com\/eltrabajo.cl\/portal\/wp-content\/uploads\/2016\/05\/Alumno6.jpg?fit=530%2C349&ssl=1","jetpack_sharing_enabled":true,"jetpack_likes_enabled":true,"jetpack-related-posts":[],"_links":{"self":[{"href":"https:\/\/eltrabajo.cl\/portal\/wp-json\/wp\/v2\/posts\/69686","targetHints":{"allow":["GET"]}}],"collection":[{"href":"https:\/\/eltrabajo.cl\/portal\/wp-json\/wp\/v2\/posts"}],"about":[{"href":"https:\/\/eltrabajo.cl\/portal\/wp-json\/wp\/v2\/types\/post"}],"author":[{"embeddable":true,"href":"https:\/\/eltrabajo.cl\/portal\/wp-json\/wp\/v2\/users\/1"}],"replies":[{"embeddable":true,"href":"https:\/\/eltrabajo.cl\/portal\/wp-json\/wp\/v2\/comments?post=69686"}],"version-history":[{"count":0,"href":"https:\/\/eltrabajo.cl\/portal\/wp-json\/wp\/v2\/posts\/69686\/revisions"}],"wp:featuredmedia":[{"embeddable":true,"href":"https:\/\/eltrabajo.cl\/portal\/wp-json\/wp\/v2\/media\/69692"}],"wp:attachment":[{"href":"https:\/\/eltrabajo.cl\/portal\/wp-json\/wp\/v2\/media?parent=69686"}],"wp:term":[{"taxonomy":"category","embeddable":true,"href":"https:\/\/eltrabajo.cl\/portal\/wp-json\/wp\/v2\/categories?post=69686"},{"taxonomy":"post_tag","embeddable":true,"href":"https:\/\/eltrabajo.cl\/portal\/wp-json\/wp\/v2\/tags?post=69686"}],"curies":[{"name":"wp","href":"https:\/\/api.w.org\/{rel}","templated":true}]}}