{"id":69700,"date":"2016-05-12T09:16:55","date_gmt":"2016-05-12T12:16:55","guid":{"rendered":"http:\/\/www.eltrabajo.cl\/portal\/?p=69700"},"modified":"2016-05-12T09:18:15","modified_gmt":"2016-05-12T12:18:15","slug":"69700-2","status":"publish","type":"post","link":"https:\/\/eltrabajo.cl\/portal\/69700-2\/","title":{"rendered":"Hoy presentan la pel\u00edcula \u2018Razones para amarla\u2019 en el Teatro Municipal"},"content":{"rendered":"<ul>\n<li><strong>Cine chileno filmado en nuestra regi\u00f3n llega a nuestra provincia:<\/strong><\/li>\n<\/ul>\n<p>Hoy jueves a las 19:30 horas, en el teatro municipal de San Felipe, se proyectar\u00e1 una de las m\u00e1s recientes propuestas del Cine Independiente chileno, montaje f\u00edlmico rodado en la V Regi\u00f3n, que ahora recorre las salas de los teatros del Valle Aconcagua.<br \/>\nLa pel\u00edcula se denomina \u2018Razones para amarla\u2019, y cuenta la historia de una pareja Dami\u00e1n (Pablo Fuentes) y Mar\u00eda Jos\u00e9 (Camila Garrido), quienes enfrentan los peque\u00f1os y grandes momentos de una pareja desde que se conocen, hasta que deben enfrentarse a la gran decisi\u00f3n de la vida.<br \/>\nEste filme fue producido por ElementoCine SpA y se estren\u00f3 en mayo de 2015 en Centex de Valpara\u00edso, desde ah\u00ed ha estado en ciudades como Santiago, Temuco, Antofagasta, Quillota, La Serena, Osorno, Chill\u00e1n, Concepci\u00f3n y Angol, registrando entrevistas y un p\u00fablico cercano a las 500.000 personas.<\/p>\n<p><strong>CINE GRATIS<\/strong><br \/>\nYa en San Felipe esta pel\u00edcula ser\u00e1 hoy proyectada en el marco del lanzamiento del DVD y del epilogo realizado este a\u00f1o de la pel\u00edcula \u2018Diez a\u00f1os despu\u00e9s\u2019, el encargado de Cultura de San Felipe, Cristian Ruiz, coordin\u00f3 con los productores de \u2018Razones para amarla\u2019 a fin de traerla a nuestra comuna y presentarla de manera gratuita.<br \/>\nEste proyecto, como la mayor\u00eda de otras buenas propuestas de Cine, es autogestionada en parte por el director de la misma, Cristian Quinzacara, y por un CowFunding, al que aport\u00f3 mucha gente distinta, tiene la m\u00fasica de Rafael Jofr\u00e9, Disket y Pau Tobar entre otros cantantes nacionales.<\/p>\n<p><strong>M\u00c1S ADENTRO<\/strong><br \/>\nEsta pel\u00edcula tiene una duraci\u00f3n de 118 minutos; ser\u00e1 presentada en formato Blue Ray; la calidad de la misma es HD; el sonido es Est\u00e9reo; el g\u00e9nero es Drama rom\u00e1ntico y es una producci\u00f3n de 2015.<br \/>\nLa producci\u00f3n de la pel\u00edcula se logr\u00f3 gracias en parte al CowFunding v\u00eda Internet en sitios especializados; la obra tiene un costo menor a las producciones habituales, encabezado por Elemento\/Cine con el apoyo de Cinemergente y Esteban Toledo Producci\u00f3n.<br \/>\nSe grab\u00f3 en septiembre de 2014 durante siete d\u00edas, en los que trabaj\u00f3 un equipo t\u00e9cnico de diez personas y un elenco que abarc\u00f3 a diez actores de Valpara\u00edso y de Santiago.<\/p>\n<p><strong>BUEN REPARTO<\/strong><br \/>\nEl Reparto, est\u00e1 compuesto por los actores profesionales y naturales Pablo Fuentes, Camila Garrido, Celeste Almonacid, Gabriela Zegers, Pamela Palma, N\u00e9stor Carvajal, Isabel Quinteros, Guillermo Plasencia, Flori\u00e1n Valle y Margarita Hardessen.<\/p>\n<p><strong>EL DIRECTOR<\/strong><br \/>\nCristian Quinzacara ha dirigido tres largometrajes digitales: \u2018Extranjero\u2019 (2009); \u2018Pruebas de fuego\u2019 (2015) y la presente \u2018Razones para amarla\u2019 (2015); asimismo ha participado de diversos cortometrajes y dirigido la Web serie \u2018Ecdisis\u2019 (2014). Titulado de la Universidad de Valpara\u00edso, Quinzacara ha desarrollado una carrera en la V Regi\u00f3n y trabajado en la televisi\u00f3n local en programas legislativos. En paralelo al estreno de Razones para amarla, prepara su cuarta pel\u00edcula \u2018Des Encuentros\u2019 y un programa de televisi\u00f3n sobre la m\u00fasica chilena.<br \/>\nRoberto Gonz\u00e1lez Short<br \/>\nrgonzalez@eltrabajo.cl<\/p>\n<figure id=\"attachment_69701\" aria-describedby=\"caption-attachment-69701\" style=\"width: 530px\" class=\"wp-caption alignleft\"><a href=\"http:\/\/www.eltrabajo.cl\/portal\/69700-2\/afiche33\/\" rel=\"attachment wp-att-69701\"><img data-recalc-dims=\"1\" loading=\"lazy\" decoding=\"async\" class=\"size-full wp-image-69701\" src=\"https:\/\/i0.wp.com\/www.eltrabajo.cl\/portal\/wp-content\/uploads\/2016\/05\/Afiche33.jpg?resize=530%2C350\" alt=\"CINE INDEPENDIENTE.- Hoy jueves a las 19:30 horas en el teatro municipal de San Felipe, se estar\u00e1 proyectando \u2018Razones para amarla\u2019, pel\u00edcula chilena grabada en la V Regi\u00f3n.\" width=\"530\" height=\"350\" srcset=\"https:\/\/i0.wp.com\/eltrabajo.cl\/portal\/wp-content\/uploads\/2016\/05\/Afiche33.jpg?w=530&amp;ssl=1 530w, https:\/\/i0.wp.com\/eltrabajo.cl\/portal\/wp-content\/uploads\/2016\/05\/Afiche33.jpg?resize=200%2C132&amp;ssl=1 200w, https:\/\/i0.wp.com\/eltrabajo.cl\/portal\/wp-content\/uploads\/2016\/05\/Afiche33.jpg?resize=300%2C198&amp;ssl=1 300w, https:\/\/i0.wp.com\/eltrabajo.cl\/portal\/wp-content\/uploads\/2016\/05\/Afiche33.jpg?resize=227%2C150&amp;ssl=1 227w, https:\/\/i0.wp.com\/eltrabajo.cl\/portal\/wp-content\/uploads\/2016\/05\/Afiche33.jpg?resize=400%2C264&amp;ssl=1 400w\" sizes=\"auto, (max-width: 530px) 100vw, 530px\" \/><\/a><figcaption id=\"caption-attachment-69701\" class=\"wp-caption-text\">CINE INDEPENDIENTE.- Hoy jueves a las 19:30 horas en el teatro municipal de San Felipe, se estar\u00e1 proyectando \u2018Razones para amarla\u2019, pel\u00edcula chilena grabada en la V Regi\u00f3n.<\/figcaption><\/figure>\n<figure id=\"attachment_69703\" aria-describedby=\"caption-attachment-69703\" style=\"width: 530px\" class=\"wp-caption alignleft\"><a href=\"http:\/\/www.eltrabajo.cl\/portal\/69700-2\/cristian1-3\/\" rel=\"attachment wp-att-69703\"><img data-recalc-dims=\"1\" loading=\"lazy\" decoding=\"async\" class=\"size-full wp-image-69703\" src=\"https:\/\/i0.wp.com\/www.eltrabajo.cl\/portal\/wp-content\/uploads\/2016\/05\/Cristian1.jpg?resize=530%2C348\" alt=\"CINEASTA CHILENO.- Cristian Quinzacara ha dirigido tres largometrajes digitales: \u2018Extranjero\u2019 (2009); \u2018Pruebas de fuego\u2019 (2015) y la presente \u2018Razones para amarla\u2019 (2015).\" width=\"530\" height=\"348\" srcset=\"https:\/\/i0.wp.com\/eltrabajo.cl\/portal\/wp-content\/uploads\/2016\/05\/Cristian1.jpg?w=530&amp;ssl=1 530w, https:\/\/i0.wp.com\/eltrabajo.cl\/portal\/wp-content\/uploads\/2016\/05\/Cristian1.jpg?resize=200%2C131&amp;ssl=1 200w, https:\/\/i0.wp.com\/eltrabajo.cl\/portal\/wp-content\/uploads\/2016\/05\/Cristian1.jpg?resize=300%2C197&amp;ssl=1 300w, https:\/\/i0.wp.com\/eltrabajo.cl\/portal\/wp-content\/uploads\/2016\/05\/Cristian1.jpg?resize=228%2C150&amp;ssl=1 228w, https:\/\/i0.wp.com\/eltrabajo.cl\/portal\/wp-content\/uploads\/2016\/05\/Cristian1.jpg?resize=400%2C263&amp;ssl=1 400w\" sizes=\"auto, (max-width: 530px) 100vw, 530px\" \/><\/a><figcaption id=\"caption-attachment-69703\" class=\"wp-caption-text\">CINEASTA CHILENO.- Cristian Quinzacara ha dirigido tres largometrajes digitales: \u2018Extranjero\u2019 (2009); \u2018Pruebas de fuego\u2019 (2015) y la presente \u2018Razones para amarla\u2019 (2015).<\/figcaption><\/figure>\n<figure id=\"attachment_69702\" aria-describedby=\"caption-attachment-69702\" style=\"width: 530px\" class=\"wp-caption alignleft\"><a href=\"http:\/\/www.eltrabajo.cl\/portal\/69700-2\/cine1\/\" rel=\"attachment wp-att-69702\"><img data-recalc-dims=\"1\" loading=\"lazy\" decoding=\"async\" class=\"size-full wp-image-69702\" src=\"https:\/\/i0.wp.com\/www.eltrabajo.cl\/portal\/wp-content\/uploads\/2016\/05\/Cine1.jpg?resize=530%2C350\" alt=\"HOY CINE GRATIS.- Esta pel\u00edcula ser\u00e1 hoy proyectada en el marco del lanzamiento del DVD y del epilogo realizado este a\u00f1o de la pel\u00edcula \u2018Diez a\u00f1os despu\u00e9s\u2019.\" width=\"530\" height=\"350\" srcset=\"https:\/\/i0.wp.com\/eltrabajo.cl\/portal\/wp-content\/uploads\/2016\/05\/Cine1.jpg?w=530&amp;ssl=1 530w, https:\/\/i0.wp.com\/eltrabajo.cl\/portal\/wp-content\/uploads\/2016\/05\/Cine1.jpg?resize=200%2C132&amp;ssl=1 200w, https:\/\/i0.wp.com\/eltrabajo.cl\/portal\/wp-content\/uploads\/2016\/05\/Cine1.jpg?resize=300%2C198&amp;ssl=1 300w, https:\/\/i0.wp.com\/eltrabajo.cl\/portal\/wp-content\/uploads\/2016\/05\/Cine1.jpg?resize=227%2C150&amp;ssl=1 227w, https:\/\/i0.wp.com\/eltrabajo.cl\/portal\/wp-content\/uploads\/2016\/05\/Cine1.jpg?resize=400%2C264&amp;ssl=1 400w\" sizes=\"auto, (max-width: 530px) 100vw, 530px\" \/><\/a><figcaption id=\"caption-attachment-69702\" class=\"wp-caption-text\">HOY CINE GRATIS.- Esta pel\u00edcula ser\u00e1 hoy proyectada en el marco del lanzamiento del DVD y del epilogo realizado este a\u00f1o de la pel\u00edcula \u2018Diez a\u00f1os despu\u00e9s\u2019.<\/figcaption><\/figure>\n","protected":false},"excerpt":{"rendered":"<p>Cine chileno filmado en nuestra regi\u00f3n llega a nuestra provincia: Hoy jueves a las 19:30 horas, en el teatro municipal de San Felipe, se proyectar\u00e1 una de las m\u00e1s recientes propuestas del&#8230;<\/p>\n","protected":false},"author":1,"featured_media":69702,"comment_status":"open","ping_status":"open","sticky":false,"template":"","format":"standard","meta":{"advanced_seo_description":"","jetpack_seo_html_title":"","jetpack_seo_noindex":false,"_jetpack_memberships_contains_paid_content":false,"footnotes":""},"categories":[15],"tags":[],"class_list":["post-69700","post","type-post","status-publish","format-standard","has-post-thumbnail","hentry","category-comunidad"],"jetpack_featured_media_url":"https:\/\/i0.wp.com\/eltrabajo.cl\/portal\/wp-content\/uploads\/2016\/05\/Cine1.jpg?fit=530%2C350&ssl=1","jetpack_sharing_enabled":true,"jetpack_likes_enabled":true,"jetpack-related-posts":[],"_links":{"self":[{"href":"https:\/\/eltrabajo.cl\/portal\/wp-json\/wp\/v2\/posts\/69700","targetHints":{"allow":["GET"]}}],"collection":[{"href":"https:\/\/eltrabajo.cl\/portal\/wp-json\/wp\/v2\/posts"}],"about":[{"href":"https:\/\/eltrabajo.cl\/portal\/wp-json\/wp\/v2\/types\/post"}],"author":[{"embeddable":true,"href":"https:\/\/eltrabajo.cl\/portal\/wp-json\/wp\/v2\/users\/1"}],"replies":[{"embeddable":true,"href":"https:\/\/eltrabajo.cl\/portal\/wp-json\/wp\/v2\/comments?post=69700"}],"version-history":[{"count":0,"href":"https:\/\/eltrabajo.cl\/portal\/wp-json\/wp\/v2\/posts\/69700\/revisions"}],"wp:featuredmedia":[{"embeddable":true,"href":"https:\/\/eltrabajo.cl\/portal\/wp-json\/wp\/v2\/media\/69702"}],"wp:attachment":[{"href":"https:\/\/eltrabajo.cl\/portal\/wp-json\/wp\/v2\/media?parent=69700"}],"wp:term":[{"taxonomy":"category","embeddable":true,"href":"https:\/\/eltrabajo.cl\/portal\/wp-json\/wp\/v2\/categories?post=69700"},{"taxonomy":"post_tag","embeddable":true,"href":"https:\/\/eltrabajo.cl\/portal\/wp-json\/wp\/v2\/tags?post=69700"}],"curies":[{"name":"wp","href":"https:\/\/api.w.org\/{rel}","templated":true}]}}