{"id":69709,"date":"2016-05-12T09:19:55","date_gmt":"2016-05-12T12:19:55","guid":{"rendered":"http:\/\/www.eltrabajo.cl\/portal\/?p=69709"},"modified":"2016-05-12T09:19:55","modified_gmt":"2016-05-12T12:19:55","slug":"reo-liberado-por-corte-de-apelaciones-fue-capturado-por-carabineros","status":"publish","type":"post","link":"https:\/\/eltrabajo.cl\/portal\/reo-liberado-por-corte-de-apelaciones-fue-capturado-por-carabineros\/","title":{"rendered":"Reo liberado por Corte de Apelaciones fue capturado por Carabineros"},"content":{"rendered":"<ul>\n<li><strong>Por portar elementos destinados a cometer delitos de robo:<\/strong><\/li>\n<\/ul>\n<p>Detenido es uno de los 69 reclusos liberados desde la c\u00e1rcel de San Felipe tras el pol\u00e9mico dictamen de la Corte de Apelaciones. Tras esta detenci\u00f3n efectuada por Carabineros, nuevamente obtuvo su libertad.<br \/>\nAlrededor de las 19:30 horas del martes, Carabineros detuvo a un sujeto acusado de merodear los veh\u00edculos estacionados en calle Prat, portando elementos destinados para cometer el robo, el cual fue individualizado por los uniformados como uno de los reos liberados desde la c\u00e1rcel de San Felipe d\u00edas atr\u00e1s.<br \/>\nSeg\u00fan Carabineros el d\u00eda martes se recepcionaron dos llamados alertando la presencia de un individuo sospechoso que pretend\u00eda cometer robos al interior de veh\u00edculos desde los estacionamientos del Supermercado Tottus y el segundo en calle Prat casi esquina Salinas, en pleno centro de la comuna de San Felipe.<br \/>\nEl llamado telef\u00f3nico de un guardia de seguridad de una de las multitiendas ubicadas en el per\u00edmetro central de esta comuna, proporcion\u00f3 antecedentes del sospechoso que circulaba por los alrededores de los autom\u00f3viles aparcados.<br \/>\nLa polic\u00eda uniformada inmediatamente concurri\u00f3 al lugar interceptando a un sujeto identificado como M.C.T., de 24 a\u00f1os de edad, reo que fue liberado en la pol\u00e9mica resoluci\u00f3n de la Corte de Apelaciones tras haber cumplido una condena de siete a\u00f1os (de diez) por el delito de robo con intimidaci\u00f3n, estando recluido en el Centro de Cumplimiento Penitenciario de San Felipe.<br \/>\nEn este entendido, Carabineros sostuvo que el imputado con antecedentes delictuales, fue detenido portando un destornillador y un alicate que en t\u00e9rminos jur\u00eddicos se entienden como elementos destinados para la comisi\u00f3n de delitos.<br \/>\nLa Capit\u00e1n de Carabineros Carolina Fern\u00e1ndez, indic\u00f3 a Diario El Trabajo que el detenido no proporcion\u00f3 una respuesta satisfactoria por el porte de estos elementos, \u201cpor lo tanto infringi\u00f3 el art\u00edculo 445 del C\u00f3digo Penal y al ser trasladado a la unidad policial se verific\u00f3 el listado de los reos que fueron puestos en libertad provisoria y efectivamente se encontraba en esta lista, quien hab\u00eda sido condenado a diez a\u00f1os por un robo con intimidaci\u00f3n, alcanzando a cumplir siete a\u00f1os\u201d.<br \/>\nLa oficial recalc\u00f3 que el procedimiento se gest\u00f3 tras la denuncia de alerta a Carabineros, procediendo a la fiscalizaci\u00f3n de este sujeto que posteriormente fue detenido.<\/p>\n<p><strong>INSEGURIDAD<\/strong><br \/>\nConsultada respecto de a si se han aumentado los patrullajes policiales debido a la sensaci\u00f3n de inseguridad que gener\u00f3 en la ciudadan\u00eda la liberaci\u00f3n de los reos de las distintas c\u00e1rceles a nivel nacional, Fern\u00e1ndez respondi\u00f3 que se han reforzado los servicios en las \u00faltimas semanas con la incorporaci\u00f3n del \u2018Plan Centauro\u2019, independiente de la resoluci\u00f3n de la Corte de Apelaciones.<br \/>\n\u201cSe pretende aumentar la sensaci\u00f3n de seguridad en la comunidad, ahora no es exclusivamente por la liberaci\u00f3n de estos reos, obviamente los servicios est\u00e1n siendo utilizados para eso y tambi\u00e9n reducir la comisi\u00f3n de delitos; es un esfuerzo que realiza Carabineros de esta comisar\u00eda, es algo que estamos haciendo de manera permanente apoyando al Plan Cuadrante\u201d.<br \/>\nEn tanto el imputado fue derivado hasta el Juzgado de Garant\u00eda de San Felipe para ser formalizado, sin embargo este Tribunal resolvi\u00f3 declarar ilegal la detenci\u00f3n, quedando requerido por la Fiscal\u00eda para una pr\u00f3xima fecha de audiencia de procedimiento simplificado por estos hechos, recuperando su libertad.<br \/>\nPablo Salinas Sald\u00edas<\/p>\n<figure id=\"attachment_69710\" aria-describedby=\"caption-attachment-69710\" style=\"width: 530px\" class=\"wp-caption alignleft\"><a href=\"http:\/\/www.eltrabajo.cl\/portal\/reo-liberado-por-corte-de-apelaciones-fue-capturado-por-carabineros\/car-thief\/\" rel=\"attachment wp-att-69710\"><img data-recalc-dims=\"1\" loading=\"lazy\" decoding=\"async\" class=\"size-full wp-image-69710\" src=\"https:\/\/i0.wp.com\/www.eltrabajo.cl\/portal\/wp-content\/uploads\/2016\/05\/forzar-puerta-auto.jpg?resize=530%2C348\" alt=\"El detenido result\u00f3 ser uno de los reos liberados desde la c\u00e1rcel de San Felipe. No obstante su detenci\u00f3n se declar\u00f3 ilegal y qued\u00f3 en libertad. (Foto referencial).\" width=\"530\" height=\"348\" srcset=\"https:\/\/i0.wp.com\/eltrabajo.cl\/portal\/wp-content\/uploads\/2016\/05\/forzar-puerta-auto.jpg?w=530&amp;ssl=1 530w, https:\/\/i0.wp.com\/eltrabajo.cl\/portal\/wp-content\/uploads\/2016\/05\/forzar-puerta-auto.jpg?resize=200%2C131&amp;ssl=1 200w, https:\/\/i0.wp.com\/eltrabajo.cl\/portal\/wp-content\/uploads\/2016\/05\/forzar-puerta-auto.jpg?resize=300%2C197&amp;ssl=1 300w, https:\/\/i0.wp.com\/eltrabajo.cl\/portal\/wp-content\/uploads\/2016\/05\/forzar-puerta-auto.jpg?resize=228%2C150&amp;ssl=1 228w, https:\/\/i0.wp.com\/eltrabajo.cl\/portal\/wp-content\/uploads\/2016\/05\/forzar-puerta-auto.jpg?resize=400%2C263&amp;ssl=1 400w\" sizes=\"auto, (max-width: 530px) 100vw, 530px\" \/><\/a><figcaption id=\"caption-attachment-69710\" class=\"wp-caption-text\">El detenido result\u00f3 ser uno de los reos liberados desde la c\u00e1rcel de San Felipe. No obstante su detenci\u00f3n se declar\u00f3 ilegal y qued\u00f3 en libertad. (Foto referencial).<\/figcaption><\/figure>\n","protected":false},"excerpt":{"rendered":"<p>Por portar elementos destinados a cometer delitos de robo: Detenido es uno de los 69 reclusos liberados desde la c\u00e1rcel de San Felipe tras el pol\u00e9mico dictamen de la Corte de Apelaciones&#8230;.<\/p>\n","protected":false},"author":1,"featured_media":69710,"comment_status":"open","ping_status":"open","sticky":false,"template":"","format":"standard","meta":{"advanced_seo_description":"","jetpack_seo_html_title":"","jetpack_seo_noindex":false,"_jetpack_memberships_contains_paid_content":false,"footnotes":""},"categories":[21],"tags":[],"class_list":["post-69709","post","type-post","status-publish","format-standard","has-post-thumbnail","hentry","category-policial"],"jetpack_featured_media_url":"https:\/\/i0.wp.com\/eltrabajo.cl\/portal\/wp-content\/uploads\/2016\/05\/forzar-puerta-auto.jpg?fit=530%2C348&ssl=1","jetpack_sharing_enabled":true,"jetpack_likes_enabled":true,"jetpack-related-posts":[],"_links":{"self":[{"href":"https:\/\/eltrabajo.cl\/portal\/wp-json\/wp\/v2\/posts\/69709","targetHints":{"allow":["GET"]}}],"collection":[{"href":"https:\/\/eltrabajo.cl\/portal\/wp-json\/wp\/v2\/posts"}],"about":[{"href":"https:\/\/eltrabajo.cl\/portal\/wp-json\/wp\/v2\/types\/post"}],"author":[{"embeddable":true,"href":"https:\/\/eltrabajo.cl\/portal\/wp-json\/wp\/v2\/users\/1"}],"replies":[{"embeddable":true,"href":"https:\/\/eltrabajo.cl\/portal\/wp-json\/wp\/v2\/comments?post=69709"}],"version-history":[{"count":0,"href":"https:\/\/eltrabajo.cl\/portal\/wp-json\/wp\/v2\/posts\/69709\/revisions"}],"wp:featuredmedia":[{"embeddable":true,"href":"https:\/\/eltrabajo.cl\/portal\/wp-json\/wp\/v2\/media\/69710"}],"wp:attachment":[{"href":"https:\/\/eltrabajo.cl\/portal\/wp-json\/wp\/v2\/media?parent=69709"}],"wp:term":[{"taxonomy":"category","embeddable":true,"href":"https:\/\/eltrabajo.cl\/portal\/wp-json\/wp\/v2\/categories?post=69709"},{"taxonomy":"post_tag","embeddable":true,"href":"https:\/\/eltrabajo.cl\/portal\/wp-json\/wp\/v2\/tags?post=69709"}],"curies":[{"name":"wp","href":"https:\/\/api.w.org\/{rel}","templated":true}]}}