{"id":69713,"date":"2016-05-12T09:21:43","date_gmt":"2016-05-12T12:21:43","guid":{"rendered":"http:\/\/www.eltrabajo.cl\/portal\/?p=69713"},"modified":"2016-05-12T09:21:43","modified_gmt":"2016-05-12T12:21:43","slug":"millonario-robo-de-dinero-y-especies-en-departamento-de-calle-salinas","status":"publish","type":"post","link":"https:\/\/eltrabajo.cl\/portal\/millonario-robo-de-dinero-y-especies-en-departamento-de-calle-salinas\/","title":{"rendered":"Millonario robo de dinero y especies en departamento de calle Salinas"},"content":{"rendered":"<ul>\n<li><strong>Domicilio de dirigente sindical Rodrigo Gorigoit\u00eda:\u00a0A pleno d\u00eda los desconocidos invadieron el inmueble ubicado en el cuarto piso del Edificio El Comendador, a pasos de la Plaza de Armas de San Felipe.<\/strong><\/li>\n<\/ul>\n<p>Un mill\u00f3n ochocientos mil pesos m\u00e1s un computador y otras especies fue el suculento bot\u00edn que se llevaron desconocidos desde un departamento ubicado en el cuarto piso del Edificio El Comendador, donde vive el conocido dirigente sindical, Rodrigo Gorigoit\u00eda.<br \/>\nEn entrevista con el afectado detall\u00f3 a Diario El Trabajo que a primera hora del martes realiz\u00f3 una importante transacci\u00f3n bancaria en Banco Estado, retirando $1.800.000 en efectivo y distribuidos en distintos sobres, para luego dirigirse hasta su vivienda ubicada en calle Salinas a guardar el dinero en su departamento.<br \/>\n\u201cA eso de las 14:30 horas junto con otras personas encuentro la puerta abierta y veo el departamento todo desordenado, revolvieron los closet, registraron los veladores. Se llevaron toda la plata que hab\u00eda retirado en la ma\u00f1ana, la chapa de la puerta no ten\u00eda evidencia de haber sido forzada, pero la polic\u00eda recogi\u00f3 muestras de huellas dactilares. Tambi\u00e9n se llevaron un computador y otras especies, un aval\u00fao total de $2.100.000\u201d.<br \/>\nEl dirigente repudi\u00f3 esta acci\u00f3n delictual en relaci\u00f3n a la invasi\u00f3n de su privacidad y el modus operandi ejecutado por estos antisociales a plena luz de d\u00eda en el centro de San Felipe: \u201cEl dinero va y viene, lo tenemos que recuperar, pero el tema de privacidad se lamenta que sea invadido, uno le hace el llamado a las autoridades a que se pueda mejorar la situaci\u00f3n, entendiendo que el poder judicial y las polic\u00edas est\u00e1n haciendo su trabajo\u201d.<br \/>\n<strong>&#8211; \u00bfUd. Cree que estos sujetos lo habr\u00edan seguido al ver la importante transacci\u00f3n bancaria?<\/strong><br \/>\n&#8211; Presumiblemente s\u00ed, porque junto a un amigo que se retir\u00f3 despu\u00e9s a su trabajo y yo retorn\u00e9 hasta el departamento a dejar el dinero. Igual veo que este robo no se dio en la v\u00eda p\u00fablica, porque tendr\u00eda que haber enfrentado al delincuente, al menos la situaci\u00f3n se dio de esta forma.<br \/>\nGorigoit\u00eda agreg\u00f3 que el caso se encuentra en manos de la Polic\u00eda de Investigaciones de San Felipe, para entregar los antecedentes a la Fiscal\u00eda de San Felipe.<br \/>\nPablo Salinas Sald\u00edas<\/p>\n<figure id=\"attachment_69715\" aria-describedby=\"caption-attachment-69715\" style=\"width: 530px\" class=\"wp-caption alignleft\"><a href=\"http:\/\/www.eltrabajo.cl\/portal\/millonario-robo-de-dinero-y-especies-en-departamento-de-calle-salinas\/robo-3-5\/\" rel=\"attachment wp-att-69715\"><img data-recalc-dims=\"1\" loading=\"lazy\" decoding=\"async\" class=\"size-full wp-image-69715\" src=\"https:\/\/i0.wp.com\/www.eltrabajo.cl\/portal\/wp-content\/uploads\/2016\/05\/robo-3.jpg?resize=530%2C350\" alt=\"En completo desorden fue hallado el inmueble por su propietario que denunci\u00f3 el robo ante la Polic\u00eda de Investigaciones de San Felipe.\" width=\"530\" height=\"350\" srcset=\"https:\/\/i0.wp.com\/eltrabajo.cl\/portal\/wp-content\/uploads\/2016\/05\/robo-3.jpg?w=530&amp;ssl=1 530w, https:\/\/i0.wp.com\/eltrabajo.cl\/portal\/wp-content\/uploads\/2016\/05\/robo-3.jpg?resize=200%2C132&amp;ssl=1 200w, https:\/\/i0.wp.com\/eltrabajo.cl\/portal\/wp-content\/uploads\/2016\/05\/robo-3.jpg?resize=300%2C198&amp;ssl=1 300w, https:\/\/i0.wp.com\/eltrabajo.cl\/portal\/wp-content\/uploads\/2016\/05\/robo-3.jpg?resize=227%2C150&amp;ssl=1 227w, https:\/\/i0.wp.com\/eltrabajo.cl\/portal\/wp-content\/uploads\/2016\/05\/robo-3.jpg?resize=400%2C264&amp;ssl=1 400w\" sizes=\"auto, (max-width: 530px) 100vw, 530px\" \/><\/a><figcaption id=\"caption-attachment-69715\" class=\"wp-caption-text\">En completo desorden fue hallado el inmueble por su propietario que denunci\u00f3 el robo ante la Polic\u00eda de Investigaciones de San Felipe.<\/figcaption><\/figure>\n<figure id=\"attachment_69714\" aria-describedby=\"caption-attachment-69714\" style=\"width: 530px\" class=\"wp-caption alignleft\"><a href=\"http:\/\/www.eltrabajo.cl\/portal\/millonario-robo-de-dinero-y-especies-en-departamento-de-calle-salinas\/robo-1-5\/\" rel=\"attachment wp-att-69714\"><img data-recalc-dims=\"1\" loading=\"lazy\" decoding=\"async\" class=\"size-full wp-image-69714\" src=\"https:\/\/i0.wp.com\/www.eltrabajo.cl\/portal\/wp-content\/uploads\/2016\/05\/robo-1.jpg?resize=530%2C349\" alt=\"Los sujetos invadieron el departamento en b\u00fasqueda de dinero la ma\u00f1ana del martes en el cuarto piso del Edificio El Comendador de calle Salinas.\" width=\"530\" height=\"349\" srcset=\"https:\/\/i0.wp.com\/eltrabajo.cl\/portal\/wp-content\/uploads\/2016\/05\/robo-1.jpg?w=530&amp;ssl=1 530w, https:\/\/i0.wp.com\/eltrabajo.cl\/portal\/wp-content\/uploads\/2016\/05\/robo-1.jpg?resize=200%2C132&amp;ssl=1 200w, https:\/\/i0.wp.com\/eltrabajo.cl\/portal\/wp-content\/uploads\/2016\/05\/robo-1.jpg?resize=300%2C198&amp;ssl=1 300w, https:\/\/i0.wp.com\/eltrabajo.cl\/portal\/wp-content\/uploads\/2016\/05\/robo-1.jpg?resize=228%2C150&amp;ssl=1 228w, https:\/\/i0.wp.com\/eltrabajo.cl\/portal\/wp-content\/uploads\/2016\/05\/robo-1.jpg?resize=400%2C263&amp;ssl=1 400w\" sizes=\"auto, (max-width: 530px) 100vw, 530px\" \/><\/a><figcaption id=\"caption-attachment-69714\" class=\"wp-caption-text\">Los sujetos invadieron el departamento en b\u00fasqueda de dinero la ma\u00f1ana del martes en el cuarto piso del Edificio El Comendador de calle Salinas.<\/figcaption><\/figure>\n","protected":false},"excerpt":{"rendered":"<p>Domicilio de dirigente sindical Rodrigo Gorigoit\u00eda:\u00a0A pleno d\u00eda los desconocidos invadieron el inmueble ubicado en el cuarto piso del Edificio El Comendador, a pasos de la Plaza de Armas de San Felipe&#8230;.<\/p>\n","protected":false},"author":1,"featured_media":69714,"comment_status":"open","ping_status":"open","sticky":false,"template":"","format":"standard","meta":{"advanced_seo_description":"","jetpack_seo_html_title":"","jetpack_seo_noindex":false,"_jetpack_memberships_contains_paid_content":false,"footnotes":""},"categories":[21],"tags":[],"class_list":["post-69713","post","type-post","status-publish","format-standard","has-post-thumbnail","hentry","category-policial"],"jetpack_featured_media_url":"https:\/\/i0.wp.com\/eltrabajo.cl\/portal\/wp-content\/uploads\/2016\/05\/robo-1.jpg?fit=530%2C349&ssl=1","jetpack_sharing_enabled":true,"jetpack_likes_enabled":true,"jetpack-related-posts":[],"_links":{"self":[{"href":"https:\/\/eltrabajo.cl\/portal\/wp-json\/wp\/v2\/posts\/69713","targetHints":{"allow":["GET"]}}],"collection":[{"href":"https:\/\/eltrabajo.cl\/portal\/wp-json\/wp\/v2\/posts"}],"about":[{"href":"https:\/\/eltrabajo.cl\/portal\/wp-json\/wp\/v2\/types\/post"}],"author":[{"embeddable":true,"href":"https:\/\/eltrabajo.cl\/portal\/wp-json\/wp\/v2\/users\/1"}],"replies":[{"embeddable":true,"href":"https:\/\/eltrabajo.cl\/portal\/wp-json\/wp\/v2\/comments?post=69713"}],"version-history":[{"count":0,"href":"https:\/\/eltrabajo.cl\/portal\/wp-json\/wp\/v2\/posts\/69713\/revisions"}],"wp:featuredmedia":[{"embeddable":true,"href":"https:\/\/eltrabajo.cl\/portal\/wp-json\/wp\/v2\/media\/69714"}],"wp:attachment":[{"href":"https:\/\/eltrabajo.cl\/portal\/wp-json\/wp\/v2\/media?parent=69713"}],"wp:term":[{"taxonomy":"category","embeddable":true,"href":"https:\/\/eltrabajo.cl\/portal\/wp-json\/wp\/v2\/categories?post=69713"},{"taxonomy":"post_tag","embeddable":true,"href":"https:\/\/eltrabajo.cl\/portal\/wp-json\/wp\/v2\/tags?post=69713"}],"curies":[{"name":"wp","href":"https:\/\/api.w.org\/{rel}","templated":true}]}}