{"id":69722,"date":"2016-05-13T08:45:11","date_gmt":"2016-05-13T11:45:11","guid":{"rendered":"http:\/\/www.eltrabajo.cl\/portal\/?p=69722"},"modified":"2016-05-13T08:45:11","modified_gmt":"2016-05-13T11:45:11","slug":"farmacia-popular-para-san-felipe-ya-tiene-fecha-de-inauguracion","status":"publish","type":"post","link":"https:\/\/eltrabajo.cl\/portal\/farmacia-popular-para-san-felipe-ya-tiene-fecha-de-inauguracion\/","title":{"rendered":"\u2018Farmacia popular para San Felipe\u2019 ya tiene fecha de inauguraci\u00f3n"},"content":{"rendered":"<figure id=\"attachment_69723\" aria-describedby=\"caption-attachment-69723\" style=\"width: 300px\" class=\"wp-caption alignleft\"><a href=\"http:\/\/www.eltrabajo.cl\/portal\/farmacia-popular-para-san-felipe-ya-tiene-fecha-de-inauguracion\/ricardo-covarrubias-1-3\/\" rel=\"attachment wp-att-69723\"><img data-recalc-dims=\"1\" loading=\"lazy\" decoding=\"async\" class=\"size-medium wp-image-69723\" src=\"https:\/\/i0.wp.com\/www.eltrabajo.cl\/portal\/wp-content\/uploads\/2016\/05\/Ricardo-Covarrubias-1-300x197.jpg?resize=300%2C197\" alt=\"El concejal Ricardo Covarrubias, precis\u00f3, \u201cla farmacia popular para San Felipe es un gran beneficio para la comunidad de San Felipe\u201d.\" width=\"300\" height=\"197\" srcset=\"https:\/\/i0.wp.com\/eltrabajo.cl\/portal\/wp-content\/uploads\/2016\/05\/Ricardo-Covarrubias-1.jpg?resize=300%2C197&amp;ssl=1 300w, https:\/\/i0.wp.com\/eltrabajo.cl\/portal\/wp-content\/uploads\/2016\/05\/Ricardo-Covarrubias-1.jpg?resize=200%2C131&amp;ssl=1 200w, https:\/\/i0.wp.com\/eltrabajo.cl\/portal\/wp-content\/uploads\/2016\/05\/Ricardo-Covarrubias-1.jpg?resize=228%2C150&amp;ssl=1 228w, https:\/\/i0.wp.com\/eltrabajo.cl\/portal\/wp-content\/uploads\/2016\/05\/Ricardo-Covarrubias-1.jpg?resize=400%2C263&amp;ssl=1 400w, https:\/\/i0.wp.com\/eltrabajo.cl\/portal\/wp-content\/uploads\/2016\/05\/Ricardo-Covarrubias-1.jpg?w=530&amp;ssl=1 530w\" sizes=\"auto, (max-width: 300px) 100vw, 300px\" \/><\/a><figcaption id=\"caption-attachment-69723\" class=\"wp-caption-text\">El concejal Ricardo Covarrubias, precis\u00f3, \u201cla farmacia popular para San Felipe es un gran beneficio para la comunidad de San Felipe\u201d.<\/figcaption><\/figure>\n<p>Para el 19 de mayo, se contempla la puesta en marcha de la farmacia popular para San Felipe, cuando este martes, fue otorgada la resoluci\u00f3n exenta 244, firmada por Mario M\u00e9ndez en su calidad de jefe de la oficina provincial de Aconcagua Seremi Salud Regi\u00f3n Valpara\u00edso y Ver\u00f3nica Cort\u00e9s Rodr\u00edguez como ministro de fe.<br \/>\nCabe se\u00f1alar, que quien inform\u00f3 sobre el hecho, fue el concejal Ricardo Covarrubias, quien precis\u00f3, que era un gran beneficio para la comunidad de San Felipe \u201cy por eso insist\u00ed en que este beneficio debe ser para todos porque ser\u00eda lamentable que ante la ley del derecho del consumidor nos vi\u00e9ramos expuestos a una acusaci\u00f3n por discriminaci\u00f3n y ello fue ratificado en sesi\u00f3n de concejo de este martes\u201d asever\u00f3.<br \/>\nAsimismo, el concejal indic\u00f3 que dentro de las informaciones que maneja sobre la apertura de la farmacia popular, la fecha contemplada para su apertura es el pr\u00f3ximo 19 de mayo, si no existiera ning\u00fan contratiempo \u201cporque se debe canalizar los f\u00e1rmacos para abrir mediante la ley de farmacias que exige un stock determinado de estos\u201d precis\u00f3.<br \/>\nAsimismo, en la sesi\u00f3n se vieron la incorporaci\u00f3n de un nuevo derecho en la ordenanza 5 que corresponde a la contraprestaci\u00f3n de los beneficiarios del programa \u2018Farmacia Municipal\u2019 de la Municipalidad de San Felipe.<br \/>\nAl mismo tiempo, se revis\u00f3 el protocolo donde qued\u00f3 establecido que esta vez, ser\u00e1n incorporados todos los sectores sociales incluidas Capredena e Isapres previa evaluaci\u00f3n social autorizada por Dideco, lo que fue cuestionado por el concejo y el concejal Covarrubias coincidi\u00f3 que no debe existir discriminaci\u00f3n de ning\u00fan tipo \u201cporque existen personas con enfermedades cr\u00f3nicas y terminales que podr\u00eda recurrir a la ley del consumidor de ser discriminados por esta determinaci\u00f3n por considerar que la salud es un derecho\u201d enfatiz\u00f3.<br \/>\nFinalmente el concejal aprovech\u00f3 de saludar la constituci\u00f3n de farmacias populares que agrupan los distintos municipios \u201cporque la idea es poder canalizar los f\u00e1rmacos a trav\u00e9s de Cenabast por intermedio de la Asociaci\u00f3n Chilena de Farmacias Municipales o simplemente para poder importar medicamentos desde el exterior\u201d concluy\u00f3.<\/p>\n<p>&nbsp;<\/p>\n","protected":false},"excerpt":{"rendered":"<p>Para el 19 de mayo, se contempla la puesta en marcha de la farmacia popular para San Felipe, cuando este martes, fue otorgada la resoluci\u00f3n exenta 244, firmada por Mario M\u00e9ndez en&#8230;<\/p>\n","protected":false},"author":1,"featured_media":69723,"comment_status":"open","ping_status":"open","sticky":false,"template":"","format":"standard","meta":{"advanced_seo_description":"","jetpack_seo_html_title":"","jetpack_seo_noindex":false,"_jetpack_memberships_contains_paid_content":false,"footnotes":""},"categories":[1],"tags":[],"class_list":["post-69722","post","type-post","status-publish","format-standard","has-post-thumbnail","hentry","category-cronica"],"jetpack_featured_media_url":"https:\/\/i0.wp.com\/eltrabajo.cl\/portal\/wp-content\/uploads\/2016\/05\/Ricardo-Covarrubias-1.jpg?fit=530%2C348&ssl=1","jetpack_sharing_enabled":true,"jetpack_likes_enabled":true,"jetpack-related-posts":[],"_links":{"self":[{"href":"https:\/\/eltrabajo.cl\/portal\/wp-json\/wp\/v2\/posts\/69722","targetHints":{"allow":["GET"]}}],"collection":[{"href":"https:\/\/eltrabajo.cl\/portal\/wp-json\/wp\/v2\/posts"}],"about":[{"href":"https:\/\/eltrabajo.cl\/portal\/wp-json\/wp\/v2\/types\/post"}],"author":[{"embeddable":true,"href":"https:\/\/eltrabajo.cl\/portal\/wp-json\/wp\/v2\/users\/1"}],"replies":[{"embeddable":true,"href":"https:\/\/eltrabajo.cl\/portal\/wp-json\/wp\/v2\/comments?post=69722"}],"version-history":[{"count":0,"href":"https:\/\/eltrabajo.cl\/portal\/wp-json\/wp\/v2\/posts\/69722\/revisions"}],"wp:featuredmedia":[{"embeddable":true,"href":"https:\/\/eltrabajo.cl\/portal\/wp-json\/wp\/v2\/media\/69723"}],"wp:attachment":[{"href":"https:\/\/eltrabajo.cl\/portal\/wp-json\/wp\/v2\/media?parent=69722"}],"wp:term":[{"taxonomy":"category","embeddable":true,"href":"https:\/\/eltrabajo.cl\/portal\/wp-json\/wp\/v2\/categories?post=69722"},{"taxonomy":"post_tag","embeddable":true,"href":"https:\/\/eltrabajo.cl\/portal\/wp-json\/wp\/v2\/tags?post=69722"}],"curies":[{"name":"wp","href":"https:\/\/api.w.org\/{rel}","templated":true}]}}