{"id":69726,"date":"2016-05-13T08:47:22","date_gmt":"2016-05-13T11:47:22","guid":{"rendered":"http:\/\/www.eltrabajo.cl\/portal\/?p=69726"},"modified":"2016-05-13T08:47:22","modified_gmt":"2016-05-13T11:47:22","slug":"cuchillo-al-cuello-pareja-asalta-a-mujer-y-la-obligan-a-entregar-pertenencias","status":"publish","type":"post","link":"https:\/\/eltrabajo.cl\/portal\/cuchillo-al-cuello-pareja-asalta-a-mujer-y-la-obligan-a-entregar-pertenencias\/","title":{"rendered":"Cuchillo al cuello pareja asalta a mujer y la obligan a entregar pertenencias"},"content":{"rendered":"<ul>\n<li><strong>A pleno d\u00eda le roban dinero, celular y mercader\u00edas:\u00a0Amplio operativo de Carabineros logr\u00f3 la captura de la imputada quien manten\u00eda el arma blanca. Tras ser formalizada en tribunales qued\u00f3 bajo la cautelar de prisi\u00f3n preventiva por el delito de robo con intimidaci\u00f3n.<\/strong><\/li>\n<\/ul>\n<figure id=\"attachment_69727\" aria-describedby=\"caption-attachment-69727\" style=\"width: 300px\" class=\"wp-caption alignleft\"><a href=\"http:\/\/www.eltrabajo.cl\/portal\/cuchillo-al-cuello-pareja-asalta-a-mujer-y-la-obligan-a-entregar-pertenencias\/capitan-osvaldo-villarroel\/\" rel=\"attachment wp-att-69727\"><img data-recalc-dims=\"1\" loading=\"lazy\" decoding=\"async\" class=\"size-medium wp-image-69727\" src=\"https:\/\/i0.wp.com\/www.eltrabajo.cl\/portal\/wp-content\/uploads\/2016\/05\/Capitan-Osvaldo-Villarroel-300x198.jpg?resize=300%2C198\" alt=\"Subcomisario de Carabineros, Capit\u00e1n Osvaldo Villarroel.\" width=\"300\" height=\"198\" srcset=\"https:\/\/i0.wp.com\/eltrabajo.cl\/portal\/wp-content\/uploads\/2016\/05\/Capitan-Osvaldo-Villarroel.jpg?resize=300%2C198&amp;ssl=1 300w, https:\/\/i0.wp.com\/eltrabajo.cl\/portal\/wp-content\/uploads\/2016\/05\/Capitan-Osvaldo-Villarroel.jpg?resize=200%2C132&amp;ssl=1 200w, https:\/\/i0.wp.com\/eltrabajo.cl\/portal\/wp-content\/uploads\/2016\/05\/Capitan-Osvaldo-Villarroel.jpg?resize=228%2C150&amp;ssl=1 228w, https:\/\/i0.wp.com\/eltrabajo.cl\/portal\/wp-content\/uploads\/2016\/05\/Capitan-Osvaldo-Villarroel.jpg?resize=400%2C263&amp;ssl=1 400w, https:\/\/i0.wp.com\/eltrabajo.cl\/portal\/wp-content\/uploads\/2016\/05\/Capitan-Osvaldo-Villarroel.jpg?w=530&amp;ssl=1 530w\" sizes=\"auto, (max-width: 300px) 100vw, 300px\" \/><\/a><figcaption id=\"caption-attachment-69727\" class=\"wp-caption-text\">Subcomisario de Carabineros, Capit\u00e1n Osvaldo Villarroel.<\/figcaption><\/figure>\n<p>Un episodio de terror vivi\u00f3 una mujer de 25 a\u00f1os de edad, luego de realizar unas compras por el centro de la comuna de Llay Llay, dirigi\u00e9ndose hasta su vivienda, cuando sorpresivamente fue abordada por una pareja delictiva, compuesta por un hombre quien la tom\u00f3 por el cuello y puso su mano en la boca, mientras que la mujer delincuente la intimid\u00f3 con un cuchillo en el cuello para arrebatarle todas sus pertenencias.<br \/>\nCometido el delito, la v\u00edctima atormentada se dirigi\u00f3 directamente hasta el Subcomisar\u00eda de Carabineros para requerir auxilio a los uniformados, se\u00f1alando que el d\u00fao delictual la intercept\u00f3 en calle Vicu\u00f1a Mackenna esquina Alcides Vargas de esa localidad, rob\u00e1ndole su tel\u00e9fono celular, cinco mil pesos en efectivo y las mercader\u00edas que acababa de comprar a eso de las 18:00 horas del pasado mi\u00e9rcoles.<br \/>\nLos efectivos policiales, realizaron los patrullajes en conjunto con la v\u00edctima por distintas arterias, en b\u00fasqueda de los antisociales, logrando dar alcance a la mujer antisocial, quien se opuso a la detenci\u00f3n policial, sin embargo la imputada manten\u00eda el arma blanca entre sus pertenencias y las mercader\u00edas de propiedad de la v\u00edctima.<br \/>\nEn tanto, Carabineros no logr\u00f3 arrestar al hombre involucrado en estos hechos, quien se habr\u00eda apoderado del dinero y el tel\u00e9fono celular, pero su captura es inminente, as\u00ed lo inform\u00f3 el Subcomisario de Carabineros, Capit\u00e1n Osvaldo Villarroel a Diario El Trabajo.<br \/>\n\u201cLuego de obtener el bot\u00edn, los antisociales se dieron a la fuga, personal de carabineros realiz\u00f3 un amplio operativo en el sector central de la comuna en compa\u00f1\u00eda de la v\u00edctima. Se logr\u00f3 dar con la captura de la imputada a quien se le incaut\u00f3 el arma blanca y especies de propiedad de la v\u00edctima, quedando a disposici\u00f3n de la Fiscal\u00eda\u201d.<br \/>\nLa detenida fue individualizada como J\u00e9ssica Reales Reales, quien posee antecedentes penales por delito de tr\u00e1fico de drogas, siendo derivada hasta el Juzgado de Garant\u00eda de San Felipe para ser formalizada por el delito de robo con intimidaci\u00f3n.<br \/>\nPor representar un serio peligro para la seguridad de la v\u00edctima y el resto de la sociedad, el Ministerio P\u00fablico solicit\u00f3 al tribunal la m\u00e1xima cautelar de prisi\u00f3n preventiva, medida que fue aceptada por el juez de garant\u00eda fijando un plazo de investigaci\u00f3n de 40 d\u00edas.<br \/>\n<strong>Pablo Salinas Sald\u00edas<\/strong><\/p>\n","protected":false},"excerpt":{"rendered":"<p>A pleno d\u00eda le roban dinero, celular y mercader\u00edas:\u00a0Amplio operativo de Carabineros logr\u00f3 la captura de la imputada quien manten\u00eda el arma blanca. Tras ser formalizada en tribunales qued\u00f3 bajo la cautelar&#8230;<\/p>\n","protected":false},"author":1,"featured_media":69727,"comment_status":"open","ping_status":"open","sticky":false,"template":"","format":"standard","meta":{"advanced_seo_description":"","jetpack_seo_html_title":"","jetpack_seo_noindex":false,"_jetpack_memberships_contains_paid_content":false,"footnotes":""},"categories":[21],"tags":[],"class_list":["post-69726","post","type-post","status-publish","format-standard","has-post-thumbnail","hentry","category-policial"],"jetpack_featured_media_url":"https:\/\/i0.wp.com\/eltrabajo.cl\/portal\/wp-content\/uploads\/2016\/05\/Capitan-Osvaldo-Villarroel.jpg?fit=530%2C349&ssl=1","jetpack_sharing_enabled":true,"jetpack_likes_enabled":true,"jetpack-related-posts":[],"_links":{"self":[{"href":"https:\/\/eltrabajo.cl\/portal\/wp-json\/wp\/v2\/posts\/69726","targetHints":{"allow":["GET"]}}],"collection":[{"href":"https:\/\/eltrabajo.cl\/portal\/wp-json\/wp\/v2\/posts"}],"about":[{"href":"https:\/\/eltrabajo.cl\/portal\/wp-json\/wp\/v2\/types\/post"}],"author":[{"embeddable":true,"href":"https:\/\/eltrabajo.cl\/portal\/wp-json\/wp\/v2\/users\/1"}],"replies":[{"embeddable":true,"href":"https:\/\/eltrabajo.cl\/portal\/wp-json\/wp\/v2\/comments?post=69726"}],"version-history":[{"count":0,"href":"https:\/\/eltrabajo.cl\/portal\/wp-json\/wp\/v2\/posts\/69726\/revisions"}],"wp:featuredmedia":[{"embeddable":true,"href":"https:\/\/eltrabajo.cl\/portal\/wp-json\/wp\/v2\/media\/69727"}],"wp:attachment":[{"href":"https:\/\/eltrabajo.cl\/portal\/wp-json\/wp\/v2\/media?parent=69726"}],"wp:term":[{"taxonomy":"category","embeddable":true,"href":"https:\/\/eltrabajo.cl\/portal\/wp-json\/wp\/v2\/categories?post=69726"},{"taxonomy":"post_tag","embeddable":true,"href":"https:\/\/eltrabajo.cl\/portal\/wp-json\/wp\/v2\/tags?post=69726"}],"curies":[{"name":"wp","href":"https:\/\/api.w.org\/{rel}","templated":true}]}}