{"id":69730,"date":"2016-05-13T08:49:37","date_gmt":"2016-05-13T11:49:37","guid":{"rendered":"http:\/\/www.eltrabajo.cl\/portal\/?p=69730"},"modified":"2016-05-13T08:49:37","modified_gmt":"2016-05-13T11:49:37","slug":"san-felipe-se-ubico-en-el-lugar-65-del-indice-de-calidad-de-vida-urbana","status":"publish","type":"post","link":"https:\/\/eltrabajo.cl\/portal\/san-felipe-se-ubico-en-el-lugar-65-del-indice-de-calidad-de-vida-urbana\/","title":{"rendered":"San Felipe se ubic\u00f3 en el lugar 65 del \u00edndice de Calidad de Vida Urbana"},"content":{"rendered":"<ul>\n<li><strong>Ranking considera 93 comunas y es elaborado por la CChC y la PUC:\u00a0El Director de Desarrollo Comunitario de la Municipalidad, Pablo Silva, se refiri\u00f3 al estudio y c\u00f3mo \u00e9ste influye en la construcci\u00f3n de las pol\u00edticas p\u00fablicas de la comuna.<\/strong><\/li>\n<\/ul>\n<figure id=\"attachment_69731\" aria-describedby=\"caption-attachment-69731\" style=\"width: 300px\" class=\"wp-caption alignleft\"><a href=\"http:\/\/www.eltrabajo.cl\/portal\/san-felipe-se-ubico-en-el-lugar-65-del-indice-de-calidad-de-vida-urbana\/pablo-silva-12\/\" rel=\"attachment wp-att-69731\"><img data-recalc-dims=\"1\" loading=\"lazy\" decoding=\"async\" class=\"size-medium wp-image-69731\" src=\"https:\/\/i0.wp.com\/www.eltrabajo.cl\/portal\/wp-content\/uploads\/2016\/05\/pablo-silva-300x198.jpg?resize=300%2C198\" alt=\" Pablo Silva, Director de Desarrollo Comunitario de la Municipalidad de San Felipe.\" width=\"300\" height=\"198\" srcset=\"https:\/\/i0.wp.com\/eltrabajo.cl\/portal\/wp-content\/uploads\/2016\/05\/pablo-silva.jpg?resize=300%2C198&amp;ssl=1 300w, https:\/\/i0.wp.com\/eltrabajo.cl\/portal\/wp-content\/uploads\/2016\/05\/pablo-silva.jpg?resize=200%2C132&amp;ssl=1 200w, https:\/\/i0.wp.com\/eltrabajo.cl\/portal\/wp-content\/uploads\/2016\/05\/pablo-silva.jpg?resize=227%2C150&amp;ssl=1 227w, https:\/\/i0.wp.com\/eltrabajo.cl\/portal\/wp-content\/uploads\/2016\/05\/pablo-silva.jpg?resize=400%2C264&amp;ssl=1 400w, https:\/\/i0.wp.com\/eltrabajo.cl\/portal\/wp-content\/uploads\/2016\/05\/pablo-silva.jpg?w=530&amp;ssl=1 530w\" sizes=\"auto, (max-width: 300px) 100vw, 300px\" \/><\/a><figcaption id=\"caption-attachment-69731\" class=\"wp-caption-text\">Pablo Silva, Director de Desarrollo Comunitario de la Municipalidad de San Felipe.<\/figcaption><\/figure>\n<p>Un retroceso considerable experiment\u00f3 la ciudad de San Felipe en el \u00cdndice de Calidad de Vida Urbana (ICVU), estudio que es desarrollado por la C\u00e1mara Chilena de la Construcci\u00f3n (CChC), en conjunto con la Pontificia Universidad Cat\u00f3lica de Chile, PUC, y que este a\u00f1o ubic\u00f3 a la comuna en el escalaf\u00f3n 65, en desmedro de la casilla 55 que ostentaba el 2015.<br \/>\nLa investigaci\u00f3n considera un total de 93 comunas, con m\u00e1s de 50 mil habitantes y dentro de ellas hay 10 \u00e1reas metropolitanas, 25 ciudades intermedias y todas las capitales regionales, alcanzando un nivel de representaci\u00f3n del 85% de la poblaci\u00f3n nacional. El ICVU mide las condiciones de vida objetiva de la poblaci\u00f3n, generadas a partir de las actuaciones y din\u00e1micas de transformaci\u00f3n del espacio urbano inducidas por actores p\u00fablicos, privados y la sociedad civil.<br \/>\nEl ranking se elabora en relaci\u00f3n con ciertos indicadores, tales como: la Condici\u00f3n Laboral, Vivienda y Entorno, Salud y Medio Ambiente, Conectividad y Movilidad, Condiciones Socioculturales, y Ambiente de Negocios. Factores a trav\u00e9s de los cuales, el estudio pretende aportar en el dise\u00f1o de pol\u00edticas p\u00fablicas y a la focalizaci\u00f3n de recursos destinados a mejorar las condiciones de vida de las personas que habitan en las diversas comunas de pa\u00eds.<br \/>\nRespecto de la ubicaci\u00f3n en la que se encuentra San Felipe y de la sensaci\u00f3n que deja el ICVU, el Director de Desarrollo Comunitario, Dideco, del municipio sanfelipe\u00f1o, Pablo Silva, asegur\u00f3 que \u201cestos estudios son macro, las generalidades nosotros las acogemos y por supuesto que el alcalde nos instruye que comencemos a trabajar inmediatamente en nuestros puntos d\u00e9biles\u201d, afirm\u00f3.<br \/>\nEn relaci\u00f3n con la relevancia que tiene para proyectar las diferentes l\u00edneas de trabajo del municipio, Silva agreg\u00f3 que \u201cestos son \u00edndices cuantitativos y cuando uno habla de calidad de vida es la opini\u00f3n de los vecinos la que nosotros m\u00e1s respetamos, obviamente entendiendo que estos muestreos tienen bastantes aristas, tambi\u00e9n estudiamos estas posibilidades y vamos generando instancias para que se puedan ir solucionando\u201d, dijo.<br \/>\nEn ese contexto, el profesional asever\u00f3 que es fundamental, construir las pol\u00edticas locales en las necesidades concretas de los vecinos, m\u00e1s que guiarse solamente por estudios, y que \u00e9stos sirvan como punto de referencia.<br \/>\n\u201cNosotros desde que lleg\u00f3 el alcalde Patricio Freire hemos generado bastantes instancias para coordinar y establecer patrones de mejor calidad de vida junto con nuestros vecinos, eso ha sido fundamental para desarrollar nuestra gesti\u00f3n y nos ha dado bastante resultados\u201d, sostuvo Silva.<br \/>\nAnte este escenario, el personero municipal, reconoce que existen tareas pendientes y enfatiz\u00f3 que \u201csabemos que nos falta mucho, con muchas cosas por hacer, pero hemos avanzado a pasos agigantados en 3 a\u00f1os, con la colaboraci\u00f3n de nuestros vecinos\u2026a petici\u00f3n del alcalde, es que tenemos que generar instancias de coordinaci\u00f3n y participaci\u00f3n con ellos, sobre todo con nuestro dirigentes y hasta el momento eso nos ha resultado de la mejor manera\u201d, explic\u00f3.<br \/>\nSilva argument\u00f3 que, generalmente las administraciones municipales no entregan resultados inmediatos y que mejorar estos indicadores, son procesos de m\u00e1s largo aliento, pues van de la mano tambi\u00e9n con las pol\u00edticas de estado, a las cuales, hay que acercarse mediante las necesidades que van manifestando los vecinos. \u201cDesde las pol\u00edticas de estado, nosotros generamos postulaciones y consideraciones para reconocer cu\u00e1les son nuestros puntos d\u00e9biles y mejorar as\u00ed la calidad de vida de nuestros vecinos\u201d<br \/>\nUno de los \u00edndices en donde San Felipe muestra una evaluaci\u00f3n baja, es el de Medio Ambiente. Seg\u00fan el Dideco, \u00e9ste se ve propiciado por una situaci\u00f3n geogr\u00e1fica que contribuye con la mala calidad del aire, mientras que, otros aspectos como el tema del reciclaje y la mejora en la calidad de los procesos de residuos, son factores que han sido prioridad para la actual administraci\u00f3n, culminando con la pr\u00f3xima puesta en marcha del primer punto limpio y de reciclaje de la comuna, el cual, se ubicar\u00eda en el estadio municipal.<br \/>\nEl tema de seguridad, tambi\u00e9n influy\u00f3 en la ubicaci\u00f3n 65 de la comuna en el ICVU y frente a esto Silva a\u00f1adi\u00f3 que, \u201cen este punto hemos trabajado codo a codo con nuestros vecinos para poder solucionar los problemas de seguridad que son bastante amplios, pero lo hemos ido subsanando, por ejemplo, con el proyecto de mediaci\u00f3n, un \u00edcono importante para nuestra gesti\u00f3n, en torno a establecer patrones para la resoluci\u00f3n de conflictos\u201d, decret\u00f3.<br \/>\nCabe destacar que las tres comunas que lideran el ranking 2016 con mejor ICVU son: Las Condes, Vitacura y Providencia, mientras que las peor evaluadas son: Lo Espejo, Cerro Navia y Pedro Aguirre Cerda.<\/p>\n","protected":false},"excerpt":{"rendered":"<p>Ranking considera 93 comunas y es elaborado por la CChC y la PUC:\u00a0El Director de Desarrollo Comunitario de la Municipalidad, Pablo Silva, se refiri\u00f3 al estudio y c\u00f3mo \u00e9ste influye en la&#8230;<\/p>\n","protected":false},"author":1,"featured_media":69731,"comment_status":"open","ping_status":"open","sticky":false,"template":"","format":"standard","meta":{"advanced_seo_description":"","jetpack_seo_html_title":"","jetpack_seo_noindex":false,"_jetpack_memberships_contains_paid_content":false,"footnotes":""},"categories":[1],"tags":[],"class_list":["post-69730","post","type-post","status-publish","format-standard","has-post-thumbnail","hentry","category-cronica"],"jetpack_featured_media_url":"https:\/\/i0.wp.com\/eltrabajo.cl\/portal\/wp-content\/uploads\/2016\/05\/pablo-silva.jpg?fit=530%2C350&ssl=1","jetpack_sharing_enabled":true,"jetpack_likes_enabled":true,"jetpack-related-posts":[],"_links":{"self":[{"href":"https:\/\/eltrabajo.cl\/portal\/wp-json\/wp\/v2\/posts\/69730","targetHints":{"allow":["GET"]}}],"collection":[{"href":"https:\/\/eltrabajo.cl\/portal\/wp-json\/wp\/v2\/posts"}],"about":[{"href":"https:\/\/eltrabajo.cl\/portal\/wp-json\/wp\/v2\/types\/post"}],"author":[{"embeddable":true,"href":"https:\/\/eltrabajo.cl\/portal\/wp-json\/wp\/v2\/users\/1"}],"replies":[{"embeddable":true,"href":"https:\/\/eltrabajo.cl\/portal\/wp-json\/wp\/v2\/comments?post=69730"}],"version-history":[{"count":0,"href":"https:\/\/eltrabajo.cl\/portal\/wp-json\/wp\/v2\/posts\/69730\/revisions"}],"wp:featuredmedia":[{"embeddable":true,"href":"https:\/\/eltrabajo.cl\/portal\/wp-json\/wp\/v2\/media\/69731"}],"wp:attachment":[{"href":"https:\/\/eltrabajo.cl\/portal\/wp-json\/wp\/v2\/media?parent=69730"}],"wp:term":[{"taxonomy":"category","embeddable":true,"href":"https:\/\/eltrabajo.cl\/portal\/wp-json\/wp\/v2\/categories?post=69730"},{"taxonomy":"post_tag","embeddable":true,"href":"https:\/\/eltrabajo.cl\/portal\/wp-json\/wp\/v2\/tags?post=69730"}],"curies":[{"name":"wp","href":"https:\/\/api.w.org\/{rel}","templated":true}]}}