{"id":69734,"date":"2016-05-13T08:52:44","date_gmt":"2016-05-13T11:52:44","guid":{"rendered":"http:\/\/www.eltrabajo.cl\/portal\/?p=69734"},"modified":"2016-05-13T08:52:44","modified_gmt":"2016-05-13T11:52:44","slug":"indigente-que-sonaba-ser-periodista-pide-apoyo-para-salir-de-las-calles","status":"publish","type":"post","link":"https:\/\/eltrabajo.cl\/portal\/indigente-que-sonaba-ser-periodista-pide-apoyo-para-salir-de-las-calles\/","title":{"rendered":"Indigente que so\u00f1aba ser periodista, pide apoyo para salir de las calles"},"content":{"rendered":"<ul>\n<li><strong>Aladino Vivanco comparte con nuestros lectores su historia de vida:<\/strong><\/li>\n<\/ul>\n<figure id=\"attachment_69735\" aria-describedby=\"caption-attachment-69735\" style=\"width: 300px\" class=\"wp-caption alignleft\"><a href=\"http:\/\/www.eltrabajo.cl\/portal\/indigente-que-sonaba-ser-periodista-pide-apoyo-para-salir-de-las-calles\/aladino-vibanco\/\" rel=\"attachment wp-att-69735\"><img data-recalc-dims=\"1\" loading=\"lazy\" decoding=\"async\" class=\"size-medium wp-image-69735\" src=\"https:\/\/i0.wp.com\/www.eltrabajo.cl\/portal\/wp-content\/uploads\/2016\/05\/Aladino-Vibanco-300x197.jpg?resize=300%2C197\" alt=\"POR SU VIDA.- Aladino Vivanco Fuentes, solicita a la sociedad una oportunidad para salir de su condici\u00f3n de calle y conseguir un trabajo.    \" width=\"300\" height=\"197\" srcset=\"https:\/\/i0.wp.com\/eltrabajo.cl\/portal\/wp-content\/uploads\/2016\/05\/Aladino-Vibanco.jpg?resize=300%2C197&amp;ssl=1 300w, https:\/\/i0.wp.com\/eltrabajo.cl\/portal\/wp-content\/uploads\/2016\/05\/Aladino-Vibanco.jpg?resize=200%2C131&amp;ssl=1 200w, https:\/\/i0.wp.com\/eltrabajo.cl\/portal\/wp-content\/uploads\/2016\/05\/Aladino-Vibanco.jpg?resize=228%2C150&amp;ssl=1 228w, https:\/\/i0.wp.com\/eltrabajo.cl\/portal\/wp-content\/uploads\/2016\/05\/Aladino-Vibanco.jpg?resize=400%2C263&amp;ssl=1 400w, https:\/\/i0.wp.com\/eltrabajo.cl\/portal\/wp-content\/uploads\/2016\/05\/Aladino-Vibanco.jpg?w=530&amp;ssl=1 530w\" sizes=\"auto, (max-width: 300px) 100vw, 300px\" \/><\/a><figcaption id=\"caption-attachment-69735\" class=\"wp-caption-text\">POR SU VIDA.- Aladino Vivanco Fuentes, solicita a la sociedad una oportunidad para salir de su condici\u00f3n de calle y conseguir un trabajo.<\/figcaption><\/figure>\n<p>Hoy en Diario El Trabajo publicamos una de esas historias inconclusas, de las que a todos nos gustar\u00eda poder conocer el final, ya que hace algunas semanas publicamos tambi\u00e9n la historia de un gitano que logr\u00f3 aprovechar las oportunidades que le dieron y se convirti\u00f3 en el primer miembro de su raza en profesionalizarse.<\/p>\n<p><strong>EN PLENA TORMENTA<\/strong><br \/>\nLa historia que hoy compartimos con nuestros lectores es similar, pero lo tr\u00e1gico en este caso tiene que ver con el presente del mismo relato, ya que el entrevistado vive a\u00fan en condiciones de indigencia, no ha logrado superar sus propios demonios y en su caso puntual, sufre de alguna dependencia a sustancias psicotr\u00f3picas o alcoh\u00f3licas que le representan, a veces su \u00fanico refugio emocional para apaciguar la tormenta en la que vive.<br \/>\nHablamos de Aladino Vivanco Fuentes, quien naci\u00f3 el 19 de agosto de 1966 y desde hace muchos a\u00f1os recorre las calles de nuestra comuna; porque \u00e9l, si las cosas le hubiesen salido de mejor manera, quiz\u00e1 hoy ser\u00eda el periodista que redactara este reportaje, ya que Aladino, siempre anhel\u00f3 llegar ser un informador, por ello, por el \u2018periodista\u2019 que a\u00fan no ha podido ser y porque quiz\u00e1s, con permitir a nuestros lectores el conocer su historia, su vida podr\u00eda cambiar de manera positiva, tambi\u00e9n con ello, tal vez \u00e9l pueda desahogarse consigo mismo para tomar fuerzas y lanzarse por esos sue\u00f1os personales, empezando por hallar una salida a sus problemas.<\/p>\n<p><strong>LA ENTREVISTA<\/strong><br \/>\nEstos problemas no son simples, le han llevado a tener que dormir en la calle desde hace mucho tiempo, tambi\u00e9n sus problemas le llevaron a tener con antecedentes penales, por lo que hoy en Diario El Trabajo buscaremos no juzgar sus actos p\u00fablicos, simplemente compartir su historia esperando que en alg\u00fan momento podamos conocer la noticia de un final positivo en la vida de nuestro entrevistado.<br \/>\n<strong>&#8211; \u00bfC\u00f3mo empieza tu historia y tragedia?<\/strong><br \/>\n&#8211; Nac\u00ed y me cri\u00e9 en un hogar muy fragmentado por una disfunci\u00f3n familiar muy pronunciada, en Santiago. Mi pap\u00e1 era ateo y alcoh\u00f3lico, \u00e9l agred\u00eda a mi madre y a nosotros sus siete hijos; mi estructura emocional es bastante negativa en mi parte afectiva-familiar, por lo que crec\u00ed con un rechazo a buscar hacer una vida normal, sin pautas para casarme ni a tener hijos. Todos crecimos con esas carencias afectivas, lo que significaba el no contar con un padre que te mostrara afecto ni cari\u00f1o en ning\u00fan aspecto de nuestras vidas.<br \/>\n<strong>&#8211; \u00bfFue dif\u00edcil tu desarrollo escolar?<\/strong><br \/>\n&#8211; Mi escolaridad fue muy complicada. Fui un ni\u00f1o muy desconcentrado, no termin\u00e9 mi quinto a\u00f1o b\u00e1sico, luego con ex\u00e1menes libres termin\u00e9 mi b\u00e1sica, once a\u00f1os despu\u00e9s, s\u00f3lo curs\u00e9 mi primer de educaci\u00f3n media. Yo quer\u00eda ser comunicador, so\u00f1aba con ser periodistas.<br \/>\n<strong>&#8211; \u00bfC\u00f3mo se pusieron las cosas cuando lleg\u00f3 el Golpe Militar?<\/strong><br \/>\n&#8211; Para el Golpe, hubo muchos allanamientos a familias como la nuestra, yo era como el personaje \u2018Con\u00e9\u2019, de la revista Condorito, descalzo y con mi camisa al ombligo, la brigadier a cargo de esos operativos determin\u00f3 que \u00e9ramos ni\u00f1os agredidos, por lo que a los hijos menores como yo, nos enviaran a hogares de menores en situaci\u00f3n irregular, dependiente del Sename (Orfanato).<br \/>\n<strong>&#8211; \u00bfLograste participar en alg\u00fan curso o capacitaci\u00f3n para lograr tener alg\u00fan trabajo?<\/strong><br \/>\n&#8211; S\u00ed. Hice varios cursos de Primeros Auxilios y de especialidad para atender al Adulto Mayor, yo ten\u00eda en ese tiempo como 30 a\u00f1os, cuid\u00e9 a un par de adultos mayores durante alg\u00fan tiempo. A\u00f1os despu\u00e9s vine a San Felipe para conocer a la cantante Palmenia Pizarro en uno de sus festivales, la cuesti\u00f3n es que me qued\u00e9 en San Felipe.<br \/>\n<strong>&#8211; \u00bfEnfrentas alg\u00fan tipo de adicci\u00f3n o problemas de alcoholismo?<\/strong><br \/>\n&#8211; Todas las personas que tenemos problemas familiares como los que yo tengo, nos escabullimos y escondemos en el alcohol, el robo, la marihuana y la pasta base. Yo en mi caso porque siento no tener la capacidad para superar estos problemas. Las ONG que se supone deben trabajar para ayudar a personas como yo, simplemente nos tramitan y no hacen su pega, que es el ayudarnos a una adecuada reinserci\u00f3n laboral adecuada.<br \/>\n<strong>&#8211; \u00bfC\u00f3mo te las arreglas para conseguir tus alimentos?<\/strong><br \/>\n&#8211; En el asunto de comer y de obtener ropa para vestirme, gracias a que nos soy agresivo ni problem\u00e1tico, la gente me tiene cari\u00f1o, me alimentan en alg\u00fan pocillo pl\u00e1stico y me regalan ropa. Tambi\u00e9n me regalan jab\u00f3n, shampoo, pasta de dientes y ropa.<br \/>\n<strong>&#8211; \u00bfConcretamente qu\u00e9 es lo que t\u00fa crees que necesitas?<\/strong><br \/>\n&#8211; Yo lo que necesito es que alguna instituci\u00f3n me de una oportunidad para poder estar en condiciones de trabajar, porque si fallan las personas normales, \u00bfpor qu\u00e9 habr\u00eda que suponer que yo falle?, tambi\u00e9n fallan las instituciones, as\u00ed que el riesgo de que un empleado falle lo corren todas las empresas cuando contratan a alguien, en mi caso, lo que solicito es v\u00e1lido, creo que nadie me da trabajo si llego a buscar pega, me ven la ropa, medio barbudo, y simplemente optan por decirme que quiz\u00e1 luego me llaman.<br \/>\nAs\u00ed est\u00e1n las cosas con Aladino, si alguna persona f\u00edsica, instituci\u00f3n de apoyo social o religiosa le tiende la mano, quiz\u00e1 entonces podr\u00edamos poder contar un desenlace positivo sobre la historia de este hombre, a quien las cosas no le van tan bien como a nosotros, pero que a\u00fan no pierde las esperanzas de lograr revertir el trance en el que vive todos los d\u00edas.<br \/>\nRoberto Gonz\u00e1lez Short<br \/>\nrgonzalez@eltrabajo.cl<\/p>\n<figure id=\"attachment_69736\" aria-describedby=\"caption-attachment-69736\" style=\"width: 530px\" class=\"wp-caption alignleft\"><a href=\"http:\/\/www.eltrabajo.cl\/portal\/indigente-que-sonaba-ser-periodista-pide-apoyo-para-salir-de-las-calles\/indigencia33\/\" rel=\"attachment wp-att-69736\"><img data-recalc-dims=\"1\" loading=\"lazy\" decoding=\"async\" class=\"size-full wp-image-69736\" src=\"https:\/\/i0.wp.com\/www.eltrabajo.cl\/portal\/wp-content\/uploads\/2016\/05\/Indigencia33.jpg?resize=530%2C350\" alt=\"DE RODILLAS, PERO NO VENCIDO.- Entre cartones y pl\u00e1sticos; recibiendo ropa y alimentaci\u00f3n de los sanfelipe\u00f1os y a veces en compa\u00f1\u00eda de algunos perros, as\u00ed transcurre la vida de Aladino Vivanco. Ocasionalmente Aladino duerme en Urgencias, del Hospital San Camilo. (Referencial)\" width=\"530\" height=\"350\" srcset=\"https:\/\/i0.wp.com\/eltrabajo.cl\/portal\/wp-content\/uploads\/2016\/05\/Indigencia33.jpg?w=530&amp;ssl=1 530w, https:\/\/i0.wp.com\/eltrabajo.cl\/portal\/wp-content\/uploads\/2016\/05\/Indigencia33.jpg?resize=200%2C132&amp;ssl=1 200w, https:\/\/i0.wp.com\/eltrabajo.cl\/portal\/wp-content\/uploads\/2016\/05\/Indigencia33.jpg?resize=300%2C198&amp;ssl=1 300w, https:\/\/i0.wp.com\/eltrabajo.cl\/portal\/wp-content\/uploads\/2016\/05\/Indigencia33.jpg?resize=227%2C150&amp;ssl=1 227w, https:\/\/i0.wp.com\/eltrabajo.cl\/portal\/wp-content\/uploads\/2016\/05\/Indigencia33.jpg?resize=400%2C264&amp;ssl=1 400w\" sizes=\"auto, (max-width: 530px) 100vw, 530px\" \/><\/a><figcaption id=\"caption-attachment-69736\" class=\"wp-caption-text\">DE RODILLAS, PERO NO VENCIDO.- Entre cartones y pl\u00e1sticos; recibiendo ropa y alimentaci\u00f3n de los sanfelipe\u00f1os y a veces en compa\u00f1\u00eda de algunos perros, as\u00ed transcurre la vida de Aladino Vivanco. Ocasionalmente Aladino duerme en Urgencias, del Hospital San Camilo. (Referencial)<\/figcaption><\/figure>\n","protected":false},"excerpt":{"rendered":"<p>Aladino Vivanco comparte con nuestros lectores su historia de vida: Hoy en Diario El Trabajo publicamos una de esas historias inconclusas, de las que a todos nos gustar\u00eda poder conocer el final,&#8230;<\/p>\n","protected":false},"author":1,"featured_media":69736,"comment_status":"open","ping_status":"open","sticky":false,"template":"","format":"standard","meta":{"advanced_seo_description":"","jetpack_seo_html_title":"","jetpack_seo_noindex":false,"_jetpack_memberships_contains_paid_content":false,"footnotes":""},"categories":[15],"tags":[],"class_list":["post-69734","post","type-post","status-publish","format-standard","has-post-thumbnail","hentry","category-comunidad"],"jetpack_featured_media_url":"https:\/\/i0.wp.com\/eltrabajo.cl\/portal\/wp-content\/uploads\/2016\/05\/Indigencia33.jpg?fit=530%2C350&ssl=1","jetpack_sharing_enabled":true,"jetpack_likes_enabled":true,"jetpack-related-posts":[],"_links":{"self":[{"href":"https:\/\/eltrabajo.cl\/portal\/wp-json\/wp\/v2\/posts\/69734","targetHints":{"allow":["GET"]}}],"collection":[{"href":"https:\/\/eltrabajo.cl\/portal\/wp-json\/wp\/v2\/posts"}],"about":[{"href":"https:\/\/eltrabajo.cl\/portal\/wp-json\/wp\/v2\/types\/post"}],"author":[{"embeddable":true,"href":"https:\/\/eltrabajo.cl\/portal\/wp-json\/wp\/v2\/users\/1"}],"replies":[{"embeddable":true,"href":"https:\/\/eltrabajo.cl\/portal\/wp-json\/wp\/v2\/comments?post=69734"}],"version-history":[{"count":0,"href":"https:\/\/eltrabajo.cl\/portal\/wp-json\/wp\/v2\/posts\/69734\/revisions"}],"wp:featuredmedia":[{"embeddable":true,"href":"https:\/\/eltrabajo.cl\/portal\/wp-json\/wp\/v2\/media\/69736"}],"wp:attachment":[{"href":"https:\/\/eltrabajo.cl\/portal\/wp-json\/wp\/v2\/media?parent=69734"}],"wp:term":[{"taxonomy":"category","embeddable":true,"href":"https:\/\/eltrabajo.cl\/portal\/wp-json\/wp\/v2\/categories?post=69734"},{"taxonomy":"post_tag","embeddable":true,"href":"https:\/\/eltrabajo.cl\/portal\/wp-json\/wp\/v2\/tags?post=69734"}],"curies":[{"name":"wp","href":"https:\/\/api.w.org\/{rel}","templated":true}]}}