{"id":69739,"date":"2016-05-13T08:58:04","date_gmt":"2016-05-13T11:58:04","guid":{"rendered":"http:\/\/www.eltrabajo.cl\/portal\/?p=69739"},"modified":"2016-05-13T08:58:04","modified_gmt":"2016-05-13T11:58:04","slug":"pdi-halla-cuatro-ninos-abandonados-en-departamento-de-villa-alto-aconcagua","status":"publish","type":"post","link":"https:\/\/eltrabajo.cl\/portal\/pdi-halla-cuatro-ninos-abandonados-en-departamento-de-villa-alto-aconcagua\/","title":{"rendered":"PDI halla cuatro ni\u00f1os abandonados en departamento de Villa Alto Aconcagua"},"content":{"rendered":"<ul>\n<li><strong>El mayor no superaba los cinco a\u00f1os, pese a lo cual se encontraban en total estado de abandono, sucios, con poca ropa y encerrados junto a un perro.<\/strong><\/li>\n<\/ul>\n<p><strong>LOS ANDES.-<\/strong> Cuatro menores de edad, entre ellos un lactante, fueron encontrados en el interior de un departamento, en estado de abandono y en condiciones insalubres, por efectivos de la Polic\u00eda de Investigaciones en la villa Alto Aconcagua.<br \/>\nAs\u00ed lo inform\u00f3 el Jefe de la Brigada de Delitos Sexuales y Menores de la PDI, Subprefecto Ernesto Le\u00f3n, quien se\u00f1al\u00f3 que el pasado martes, en cumplimiento de una orden por no pago de pensi\u00f3n alimenticia, llegaron hasta un block de departamentos ubicado en el pasaje Marcos Araya de la Villa Alto Aconcagua, donde se percataron a trav\u00e9s de una ventana que en uno de los inmuebles hab\u00eda tres ni\u00f1as y un var\u00f3n, de no m\u00e1s de cinco a\u00f1os el mayor, quienes estaban en condiciones de insalubridad y completamente solos.<br \/>\n\u201cLos menores estaban encerrados en el departamento con un perro en su interior, con poca ropa pese al fr\u00edo y ante esta situaci\u00f3n hicimos un empadronamiento en el lugar, estableciendo que esta era una conducta frecuente por parte de los padres de dejarlos abandonados en el inmueble y por eso nos comunicamos con el Juzgado de Familia, que determin\u00f3 que trat\u00e1ramos de ubicar a un adulto responsable que se quedara con los menores\u201d, explic\u00f3 el Subprefecto.<br \/>\nAgreg\u00f3 que cuando se aprestaban a descerrajar la puerta para poder sacar a los ni\u00f1os, lleg\u00f3 el padre de los infantes que adem\u00e1s era requerido por no pago de pensi\u00f3n alimenticia, \u201cquien se\u00f1al\u00f3 que los menores estaban en esas condiciones debido a que no ten\u00eda trabajo, que estaba buscando pega junto con su se\u00f1ora y que las condiciones de insalubridad eran producto de su situaci\u00f3n\u201d.<br \/>\nEl Subprefecto Le\u00f3n indic\u00f3 que el Tribunal de Familia determin\u00f3 finalmente que los ni\u00f1os siguieran en custodia de sus padre, \u201cno obstante que nosotros como PDI formul\u00e1ramos una denuncia en contra de ellos para que pudiesen adoptar el proceso por medida de protecci\u00f3n en favor de los ni\u00f1os\u201d.<br \/>\nEl oficial precis\u00f3 que el inmueble estaba muy cochino, lleno de mugre, \u201cy por eso la condici\u00f3n de los ni\u00f1os era deplorable, no obstante pudimos salvar esta situaci\u00f3n de manera prudente a fin de que el Tribunal se haga parte y eval\u00fae a los padres para ver si los pueden seguir teniendo all\u00ed\u201d.<br \/>\nEl Jefe de la Brisexme dijo que los vecinos informaron que en el inmuebles las peleas eran frecuentes y podr\u00eda incluso configurarse un delito de maltrato.<br \/>\nEl jefe policial llam\u00f3 a la comunidad a denunciar este tipo de hechos, \u201cporque los menores de edad no pueden estar solos en un inmueble, pues lo padres tienen que ser garantes de los hijos y precaverles salud e integridad f\u00edsica, ya que si hubiese ocurrido un incendio u otra situaci\u00f3n habr\u00edamos tenido que lamentar una desgracia\u201d.<\/p>\n<figure id=\"attachment_69740\" aria-describedby=\"caption-attachment-69740\" style=\"width: 530px\" class=\"wp-caption alignleft\"><a href=\"http:\/\/www.eltrabajo.cl\/portal\/pdi-halla-cuatro-ninos-abandonados-en-departamento-de-villa-alto-aconcagua\/menores-abandono1\/\" rel=\"attachment wp-att-69740\"><img data-recalc-dims=\"1\" loading=\"lazy\" decoding=\"async\" class=\"size-full wp-image-69740\" src=\"https:\/\/i0.wp.com\/www.eltrabajo.cl\/portal\/wp-content\/uploads\/2016\/05\/menores-abandono1.jpg?resize=530%2C350\" alt=\"Los menores no superaban los cinco a\u00f1os de edad y se encontraban solos y sucios.\" width=\"530\" height=\"350\" srcset=\"https:\/\/i0.wp.com\/eltrabajo.cl\/portal\/wp-content\/uploads\/2016\/05\/menores-abandono1.jpg?w=530&amp;ssl=1 530w, https:\/\/i0.wp.com\/eltrabajo.cl\/portal\/wp-content\/uploads\/2016\/05\/menores-abandono1.jpg?resize=200%2C132&amp;ssl=1 200w, https:\/\/i0.wp.com\/eltrabajo.cl\/portal\/wp-content\/uploads\/2016\/05\/menores-abandono1.jpg?resize=300%2C198&amp;ssl=1 300w, https:\/\/i0.wp.com\/eltrabajo.cl\/portal\/wp-content\/uploads\/2016\/05\/menores-abandono1.jpg?resize=227%2C150&amp;ssl=1 227w, https:\/\/i0.wp.com\/eltrabajo.cl\/portal\/wp-content\/uploads\/2016\/05\/menores-abandono1.jpg?resize=400%2C264&amp;ssl=1 400w\" sizes=\"auto, (max-width: 530px) 100vw, 530px\" \/><\/a><figcaption id=\"caption-attachment-69740\" class=\"wp-caption-text\">Los menores no superaban los cinco a\u00f1os de edad y se encontraban solos y sucios.<\/figcaption><\/figure>\n","protected":false},"excerpt":{"rendered":"<p>El mayor no superaba los cinco a\u00f1os, pese a lo cual se encontraban en total estado de abandono, sucios, con poca ropa y encerrados junto a un perro. LOS ANDES.- Cuatro menores&#8230;<\/p>\n","protected":false},"author":1,"featured_media":69740,"comment_status":"open","ping_status":"open","sticky":false,"template":"","format":"standard","meta":{"advanced_seo_description":"","jetpack_seo_html_title":"","jetpack_seo_noindex":false,"_jetpack_memberships_contains_paid_content":false,"footnotes":""},"categories":[21],"tags":[],"class_list":["post-69739","post","type-post","status-publish","format-standard","has-post-thumbnail","hentry","category-policial"],"jetpack_featured_media_url":"https:\/\/i0.wp.com\/eltrabajo.cl\/portal\/wp-content\/uploads\/2016\/05\/menores-abandono1.jpg?fit=530%2C350&ssl=1","jetpack_sharing_enabled":true,"jetpack_likes_enabled":true,"jetpack-related-posts":[],"_links":{"self":[{"href":"https:\/\/eltrabajo.cl\/portal\/wp-json\/wp\/v2\/posts\/69739","targetHints":{"allow":["GET"]}}],"collection":[{"href":"https:\/\/eltrabajo.cl\/portal\/wp-json\/wp\/v2\/posts"}],"about":[{"href":"https:\/\/eltrabajo.cl\/portal\/wp-json\/wp\/v2\/types\/post"}],"author":[{"embeddable":true,"href":"https:\/\/eltrabajo.cl\/portal\/wp-json\/wp\/v2\/users\/1"}],"replies":[{"embeddable":true,"href":"https:\/\/eltrabajo.cl\/portal\/wp-json\/wp\/v2\/comments?post=69739"}],"version-history":[{"count":0,"href":"https:\/\/eltrabajo.cl\/portal\/wp-json\/wp\/v2\/posts\/69739\/revisions"}],"wp:featuredmedia":[{"embeddable":true,"href":"https:\/\/eltrabajo.cl\/portal\/wp-json\/wp\/v2\/media\/69740"}],"wp:attachment":[{"href":"https:\/\/eltrabajo.cl\/portal\/wp-json\/wp\/v2\/media?parent=69739"}],"wp:term":[{"taxonomy":"category","embeddable":true,"href":"https:\/\/eltrabajo.cl\/portal\/wp-json\/wp\/v2\/categories?post=69739"},{"taxonomy":"post_tag","embeddable":true,"href":"https:\/\/eltrabajo.cl\/portal\/wp-json\/wp\/v2\/tags?post=69739"}],"curies":[{"name":"wp","href":"https:\/\/api.w.org\/{rel}","templated":true}]}}